{"id":35979,"date":"2025-06-08T21:05:02","date_gmt":"2025-06-08T19:05:02","guid":{"rendered":"https:\/\/www.czechcyclingfederation.com\/?p=35979"},"modified":"2025-06-08T21:05:04","modified_gmt":"2025-06-08T19:05:04","slug":"stosek-17-na-evropskem-sampionatu-v-maratonu","status":"publish","type":"post","link":"https:\/\/www.czechcyclingfederation.com\/en\/stosek-17-na-evropskem-sampionatu-v-maratonu\/","title":{"rendered":"Sto\u0161ek 17. na evropsk\u00e9m \u0161ampion\u00e1tu v maratonu"},"content":{"rendered":"\n<p>V italsk\u00e9m m\u011bste\u010dku Casella se v ned\u011bli odehr\u00e1lo Mistrovstv\u00ed Evropy v maratonu horsk\u00fdch kol (XCM). Z\u00e1vodn\u00edci se postavili na start n\u00e1ro\u010dn\u00e9 trati o d\u00e9lce 83 km s p\u0159ev\u00fd\u0161en\u00edm 2.500 m, kter\u00e1 vedla typickou ligurskou krajinou \u2013 prudk\u00e1 stoup\u00e1n\u00ed, technick\u00e9 sjezdy a kamenit\u00e9 \u00faseky.<\/p>\n\n\n\n<p>Z\u00e1zem\u00ed z\u00e1vodu bylo situov\u00e1no v m\u011bstsk\u00e9m parku Casella, kde prob\u011bhl i slavnostn\u00ed ceremoni\u00e1l a doprovodn\u00fd program pro fanou\u0161ky.<\/p>\n\n\n\n<p>V\u00edt\u011bzem se stal n\u011bmeck\u00fd z\u00e1vodn\u00edk Andreas Seewald, kter\u00fd n\u00e1ro\u010dnou tra\u0165 zvl\u00e1dl v \u010dase 3:43:28. Druh\u00e9 m\u00edsto obsadil Andrea Siffredi z It\u00e1lie se ztr\u00e1tou +2:33, t\u011bsn\u011b za n\u00edm dojel jeho krajan Gioele de Cosmo, kter\u00fd ztratil na v\u00edt\u011bze +3:27. \u010cesk\u00fd reprezentant Martin Sto\u0161ek v barv\u00e1ch t\u00fdmu Buff\u2013Megamo bojoval v siln\u00e9 konkurenci a nakonec obsadil 17. m\u00edsto s \u010dasem +8:57 za v\u00edt\u011bzem.<\/p>\n\n\n\n<p>V\u00fdsledky: 1. Andreas Seewald (N\u011bm.) \u2013 3:43:28. 2. Andrea Siffredi (It.) +2:33, 3. Gioele de Cosmo (It.)+3:27, \u2026 <strong>17. Martin Sto\u0161ek (\u010cR) +8:57.<\/strong><\/p>\n","protected":false},"excerpt":{"rendered":"<p>V italsk\u00e9m m\u011bste\u010dku Casella se v ned\u011bli odehr\u00e1lo Mistrovstv\u00ed Evropy v maratonu horsk\u00fdch kol (XCM). Z\u00e1vodn\u00edci se postavili na start n\u00e1ro\u010dn\u00e9 trati o d\u00e9lce 83 km s p\u0159ev\u00fd\u0161en\u00edm 2.500 m, kter\u00e1 vedla typickou ligurskou krajinou \u2013 prudk\u00e1 stoup\u00e1n\u00ed, technick\u00e9 sjezdy a kamenit\u00e9 \u00faseky. Z\u00e1zem\u00ed z\u00e1vodu bylo situov\u00e1no v m\u011bstsk\u00e9m parku Casella, kde prob\u011bhl i slavnostn\u00ed [&hellip;]<\/p>\n","protected":false},"author":9,"featured_media":35500,"comment_status":"closed","ping_status":"open","sticky":false,"template":"","format":"standard","meta":{"footnotes":""},"categories":[2],"tags":[10],"class_list":["post-35979","post","type-post","status-publish","format-standard","has-post-thumbnail","hentry","category-novinky","tag-mtb"],"_links":{"self":[{"href":"https:\/\/www.czechcyclingfederation.com\/en\/wp-json\/wp\/v2\/posts\/35979","targetHints":{"allow":["GET"]}}],"collection":[{"href":"https:\/\/www.czechcyclingfederation.com\/en\/wp-json\/wp\/v2\/posts"}],"about":[{"href":"https:\/\/www.czechcyclingfederation.com\/en\/wp-json\/wp\/v2\/types\/post"}],"author":[{"embeddable":true,"href":"https:\/\/www.czechcyclingfederation.com\/en\/wp-json\/wp\/v2\/users\/9"}],"replies":[{"embeddable":true,"href":"https:\/\/www.czechcyclingfederation.com\/en\/wp-json\/wp\/v2\/comments?post=35979"}],"version-history":[{"count":1,"href":"https:\/\/www.czechcyclingfederation.com\/en\/wp-json\/wp\/v2\/posts\/35979\/revisions"}],"predecessor-version":[{"id":35980,"href":"https:\/\/www.czechcyclingfederation.com\/en\/wp-json\/wp\/v2\/posts\/35979\/revisions\/35980"}],"wp:featuredmedia":[{"embeddable":true,"href":"https:\/\/www.czechcyclingfederation.com\/en\/wp-json\/wp\/v2\/media\/35500"}],"wp:attachment":[{"href":"https:\/\/www.czechcyclingfederation.com\/en\/wp-json\/wp\/v2\/media?parent=35979"}],"wp:term":[{"taxonomy":"category","embeddable":true,"href":"https:\/\/www.czechcyclingfederation.com\/en\/wp-json\/wp\/v2\/categories?post=35979"},{"taxonomy":"post_tag","embeddable":true,"href":"https:\/\/www.czechcyclingfederation.com\/en\/wp-json\/wp\/v2\/tags?post=35979"}],"curies":[{"name":"wp","href":"https:\/\/api.w.org\/{rel}","templated":true}]}}