{"id":35962,"date":"2025-06-08T17:59:26","date_gmt":"2025-06-08T15:59:26","guid":{"rendered":"https:\/\/www.czechcyclingfederation.com\/?p=35962"},"modified":"2025-06-08T21:38:09","modified_gmt":"2025-06-08T19:38:09","slug":"famozni-cink-vyhral-zavod-sp-v-rakousku","status":"publish","type":"post","link":"https:\/\/www.czechcyclingfederation.com\/en\/famozni-cink-vyhral-zavod-sp-v-rakousku\/","title":{"rendered":"Fam\u00f3zn\u00ed Cink! Vyhr\u00e1l z\u00e1vod SP v\u00a0Rakousku!"},"content":{"rendered":"\n<p>A\u017e do sv\u00fdch 34 let si musel biker <strong>Ond\u0159ej Cink<\/strong> po\u010dkat na v\u00edt\u011bzstv\u00ed v&nbsp;z\u00e1vod\u011b Sv\u011btov\u00e9ho poh\u00e1ru cross country horsk\u00fdch kol. Do\u010dkal se ho dnes v&nbsp;rakousk\u00e9m Leogangu, kde na bl\u00e1tiv\u00e9 trati vybojoval senza\u010dn\u00ed a ne\u010dekan\u00e9 prvenstv\u00ed!<\/p>\n\n\n\n<p><em>\u201eJsem moc \u0161\u0165astn\u00fd, \u010dekal jsem na tuhle chv\u00edli dlouho,\u201c<\/em> \u0159ekl dojat\u00fd Cink, z\u00e1vodn\u00edk st\u00e1je Cube Factory Racing. <em>\u201eU\u017e jsem byl p\u00e1rkr\u00e1t druh\u00fd, te\u010f kone\u010dn\u011b p\u0159i\u0161lo v\u00edt\u011bzstv\u00ed. M\u00e1m to tady r\u00e1d, byl jsem tu n\u011bkolikr\u00e1t na p\u00f3diu. Kousek odtud jsem se stal mistrem sv\u011bta do 23 let. Je to pro m\u011b neskute\u010dn\u00fd v\u00fdsledek. I proto, \u017ee jsem jeden z&nbsp;nejstar\u0161\u00edch,\u201c <\/em>dodal Cink.<\/p>\n\n\n\n<figure class=\"wp-block-image size-large\"><img loading=\"lazy\" decoding=\"async\" width=\"1024\" height=\"683\" src=\"https:\/\/www.czechcyclingfederation.com\/wp-content\/uploads\/2025\/06\/cink-2-1024x683.jpg\" alt=\"\" class=\"wp-image-35970\" srcset=\"https:\/\/www.czechcyclingfederation.com\/wp-content\/uploads\/2025\/06\/cink-2-1024x683.jpg 1024w, https:\/\/www.czechcyclingfederation.com\/wp-content\/uploads\/2025\/06\/cink-2-300x200.jpg 300w, https:\/\/www.czechcyclingfederation.com\/wp-content\/uploads\/2025\/06\/cink-2-768x512.jpg 768w, https:\/\/www.czechcyclingfederation.com\/wp-content\/uploads\/2025\/06\/cink-2-1536x1024.jpg 1536w, https:\/\/www.czechcyclingfederation.com\/wp-content\/uploads\/2025\/06\/cink-2-2048x1365.jpg 2048w, https:\/\/www.czechcyclingfederation.com\/wp-content\/uploads\/2025\/06\/cink-2-1320x880.jpg 1320w\" sizes=\"auto, (max-width: 1024px) 100vw, 1024px\" \/><\/figure>\n\n\n\n<p>Posledn\u00edm \u010desk\u00fdm v\u00edt\u011bzem z\u00e1vodu SP p\u0159ed Cinkem byl Jaroslav Kulhav\u00fd. Olympijsk\u00fd v\u00edt\u011bz a mistr sv\u011bta vybojoval celkem dev\u011bt v\u00fdher, tu posledn\u00ed v&nbsp;roce 2015. Po 10 letech na n\u011bj nav\u00e1zal Cink.<\/p>\n\n\n\n<p>\u00da\u0159aduj\u00edc\u00ed mistr republiky byl naposledy na stupn\u00edch v\u00edt\u011bz\u016f p\u0159ed dv\u011bma lety pr\u00e1v\u011b v&nbsp;Leogangu, kde skon\u010dil t\u0159et\u00ed. Dnes na t\u00e9to trati slavil \u017eivotn\u00ed \u00fasp\u011bch. <em>\u201eTra\u0165 mi sed\u00ed, ale ty podm\u00ednky, ve kter\u00fdch se jelo, v\u016fbec,\u201c<\/em> nar\u00e1\u017eel na t\u011b\u017ekou rozbahn\u011bnou tra\u0165. <em>\u201eV\u016fbec nev\u00edm, co se se mnou stalo, proto\u017ee bl\u00e1to fakt nem\u00e1m r\u00e1d,\u201c<\/em> \u0159\u00edkal s&nbsp;\u00fasm\u011bvem.<\/p>\n\n\n\n<figure class=\"wp-block-image size-large\"><img loading=\"lazy\" decoding=\"async\" width=\"1024\" height=\"683\" src=\"https:\/\/www.czechcyclingfederation.com\/wp-content\/uploads\/2025\/06\/cink-3-new-1024x683.jpg\" alt=\"\" class=\"wp-image-35974\" srcset=\"https:\/\/www.czechcyclingfederation.com\/wp-content\/uploads\/2025\/06\/cink-3-new-1024x683.jpg 1024w, https:\/\/www.czechcyclingfederation.com\/wp-content\/uploads\/2025\/06\/cink-3-new-300x200.jpg 300w, https:\/\/www.czechcyclingfederation.com\/wp-content\/uploads\/2025\/06\/cink-3-new-768x512.jpg 768w, https:\/\/www.czechcyclingfederation.com\/wp-content\/uploads\/2025\/06\/cink-3-new-1536x1025.jpg 1536w, https:\/\/www.czechcyclingfederation.com\/wp-content\/uploads\/2025\/06\/cink-3-new-2048x1366.jpg 2048w, https:\/\/www.czechcyclingfederation.com\/wp-content\/uploads\/2025\/06\/cink-3-new-1320x880.jpg 1320w\" sizes=\"auto, (max-width: 1024px) 100vw, 1024px\" \/><\/figure>\n\n\n\n<p>A\u010d startoval ze t\u0159et\u00ed \u0159ady, rychle se prodral do \u010dela. <em>\u201eCht\u011bl jsem se na \u010delo dostat co nejd\u0159\u00edv, abych m\u011bl v\u00edc jistoty ve sjezdech,\u201c<\/em> prozradil. A brzy se osamostatnil na \u010dele. Jako jedin\u00fd s&nbsp;n\u00edm dok\u00e1zal dr\u017eet krok \u0160v\u00fdcar Fl\u00fcckiger, ale pak u\u017e nesta\u010dil ani on. Cink jezdil na \u010dele vp\u0159edu osamocen, do posledn\u00edho kola naj\u00ed\u017ed\u011bl s&nbsp;n\u00e1skokem 24 vte\u0159in p\u0159ed \u0161v\u00fdcarskou dvojic\u00ed Fl\u00fcckiger, P\u00fcntener. A n\u00e1skok bezpe\u010dn\u011b udr\u017eel a\u017e do c\u00edle.<\/p>\n\n\n\n<p><em>\u201eDv\u011b kola p\u0159ed c\u00edlem jsem za\u010dal tro\u0161ku trp\u011bt, posledn\u00ed kolo jsem byl na limitu. Ale kdy\u017e jsem vid\u011bl, \u017ee jsem za sebou zase ud\u011blal d\u00edru, dodalo mi to s\u00edly. A nakonec to v\u0161echno vy\u0161lo skv\u011ble,\u201c<\/em> dodal \u010desk\u00fd biker.<\/p>\n\n\n\n<figure class=\"wp-block-image size-large\"><img loading=\"lazy\" decoding=\"async\" width=\"1024\" height=\"683\" src=\"https:\/\/www.czechcyclingfederation.com\/wp-content\/uploads\/2025\/06\/cink-4-1024x683.jpg\" alt=\"\" class=\"wp-image-35967\" srcset=\"https:\/\/www.czechcyclingfederation.com\/wp-content\/uploads\/2025\/06\/cink-4-1024x683.jpg 1024w, https:\/\/www.czechcyclingfederation.com\/wp-content\/uploads\/2025\/06\/cink-4-300x200.jpg 300w, https:\/\/www.czechcyclingfederation.com\/wp-content\/uploads\/2025\/06\/cink-4-768x512.jpg 768w, https:\/\/www.czechcyclingfederation.com\/wp-content\/uploads\/2025\/06\/cink-4-1536x1024.jpg 1536w, https:\/\/www.czechcyclingfederation.com\/wp-content\/uploads\/2025\/06\/cink-4-2048x1365.jpg 2048w, https:\/\/www.czechcyclingfederation.com\/wp-content\/uploads\/2025\/06\/cink-4-1320x880.jpg 1320w\" sizes=\"auto, (max-width: 1024px) 100vw, 1024px\" \/><\/figure>\n\n\n\n<p><strong>Ond\u0159ej Novotn\u00fd<\/strong> obsadil mezi mu\u017ei do 23 let 36. m\u00edsto a postaral se tak o zat\u00edm nejlep\u0161\u00ed leto\u0161n\u00ed \u010desk\u00e9 maximum t\u00e9to kategorie v z\u00e1vod\u011b Sv\u011btov\u00e9ho <a tabindex=\"-1\" class=\"html-a xdj266r x14z9mp xat24cr x1lziwak xexx8yu xyri2b x18d9i69 x1c1uobl x1hl2dhg x16tdsg8 x1vvkbs\" style=\"color: rgb(56, 88, 152); cursor: pointer; margin: 0px; text-align: inherit; padding: 0px; overflow-wrap: break-word; font-family: inherit;\"><\/a>poh\u00e1ru. V kategorii \u017een U23  si 15. m\u00edstem vytvo\u0159ila leto\u0161n\u00ed v\u00fdsledkov\u00e9 maximum <strong>Eli\u0161ka Han\u00e1kov\u00e1. Simona Sp\u011b\u0161n\u00e1<\/strong> dokon\u010dila de\u0161tiv\u00fd z\u00e1vod na 26. p\u0159\u00ed\u010dce. Mezi \u017eenami skon\u010dila z \u010desk\u00e9ho dua l\u00e9pe <strong>Ad\u00e9la Holubov\u00e1 <\/strong>(38.), <strong>Jitce \u010c\u00e1belick\u00e9 <\/strong>pat\u0159ilo po p\u00e1du v posledn\u00edm kole 45. m\u00edsto.<\/p>\n\n\n\n<p class=\"has-medium-font-size\"><strong>V\u00fdsledky<\/strong>:<\/p>\n\n\n\n<p><strong>Mu\u017ei, elite: 1. Cink<\/strong> (\u010cR) 1:25:05, 2. Fl\u00fcckiger +18, 3. P\u00fcntener (oba \u0160v\u00fdc.) +27, 4. Azzaro (Fr.) +43, 5. Forster (\u0160v\u00fdc.) +1:13, \u2026 <strong>54. Zatloukal<\/strong> +9:04, <strong>56. S\u00e1ska<\/strong> (oba \u010cR) +9:46. <strong>Stav SP: <\/strong>1. Blevins (USA) 1052 b., 2. Koretzky (Fr.) 751, 3. Kossmann (Chile) 689,&nbsp;\u2026 <strong>7. Cink <\/strong>520.<\/p>\n\n\n\n<p><strong>Mu\u017ei U23:<\/strong> 1. Treudler (\u0160v\u00fdc.) 1:14:02, <strong>36. Novotn\u00fd<\/strong> (\u010cR) +6:39. <strong>Stav SP: <\/strong>1. Treudler 545 b., <strong>74. Novotn\u00fd<\/strong> 25.<\/p>\n\n\n\n<p><strong>\u017deny: <\/strong>1. Pieterseov\u00e1 (Niz.) 1:26:39, 2. Maxwellov\u00e1 (N. Z\u00e9l.) +50, 3. Forchiniov\u00e1 +1:26, \u2026 <strong>38. Holubov\u00e1<\/strong> +10:52, <strong>45. \u010c\u00e1belick\u00e1<\/strong> (ob\u011b \u010cR) +13:48. <strong>Stav SP: <\/strong>1. Maxwellov\u00e1 1022 b., 2. Kollerov\u00e1 (\u0160v\u00fdc.) 732, 3. Richardsov\u00e1 (Brit.) 634, \u2026 <strong>36. Holubov\u00e1 <\/strong>159, <strong>57. \u010c\u00e1belick\u00e1 <\/strong>52.<\/p>\n\n\n\n<p><strong>\u017deny U23:<\/strong> 1. Schiblerov\u00e1 (\u0160v\u00fdc.) 1:12:44, <strong>15. Han\u00e1kov\u00e1<\/strong> +6:23, <strong>26. Sp\u011b\u0161n\u00e1<\/strong> (ob\u011b \u010cR) +8:02. <strong>Stav SP: <\/strong>1. Macpheeov\u00e1 (Kan.) 451, \u2026 <strong>20. Sp\u011b\u0161n\u00e1 <\/strong>168, <strong>33. Han\u00e1kov\u00e1 <\/strong>80.<\/p>\n\n\n\n<p>Foto: Michal \u010cerven\u00fd<\/p>\n","protected":false},"excerpt":{"rendered":"<p>A\u017e do sv\u00fdch 34 let si musel biker Ond\u0159ej Cink po\u010dkat na v\u00edt\u011bzstv\u00ed v&nbsp;z\u00e1vod\u011b Sv\u011btov\u00e9ho poh\u00e1ru cross country horsk\u00fdch kol. Do\u010dkal se ho dnes v&nbsp;rakousk\u00e9m Leogangu, kde na bl\u00e1tiv\u00e9 trati vybojoval senza\u010dn\u00ed a ne\u010dekan\u00e9 prvenstv\u00ed! \u201eJsem moc \u0161\u0165astn\u00fd, \u010dekal jsem na tuhle chv\u00edli dlouho,\u201c \u0159ekl dojat\u00fd Cink, z\u00e1vodn\u00edk st\u00e1je Cube Factory Racing. \u201eU\u017e jsem byl [&hellip;]<\/p>\n","protected":false},"author":15,"featured_media":35964,"comment_status":"closed","ping_status":"open","sticky":false,"template":"","format":"standard","meta":{"footnotes":""},"categories":[6,2],"tags":[10],"class_list":["post-35962","post","type-post","status-publish","format-standard","has-post-thumbnail","hentry","category-mtb","category-novinky","tag-mtb"],"_links":{"self":[{"href":"https:\/\/www.czechcyclingfederation.com\/en\/wp-json\/wp\/v2\/posts\/35962","targetHints":{"allow":["GET"]}}],"collection":[{"href":"https:\/\/www.czechcyclingfederation.com\/en\/wp-json\/wp\/v2\/posts"}],"about":[{"href":"https:\/\/www.czechcyclingfederation.com\/en\/wp-json\/wp\/v2\/types\/post"}],"author":[{"embeddable":true,"href":"https:\/\/www.czechcyclingfederation.com\/en\/wp-json\/wp\/v2\/users\/15"}],"replies":[{"embeddable":true,"href":"https:\/\/www.czechcyclingfederation.com\/en\/wp-json\/wp\/v2\/comments?post=35962"}],"version-history":[{"count":5,"href":"https:\/\/www.czechcyclingfederation.com\/en\/wp-json\/wp\/v2\/posts\/35962\/revisions"}],"predecessor-version":[{"id":35988,"href":"https:\/\/www.czechcyclingfederation.com\/en\/wp-json\/wp\/v2\/posts\/35962\/revisions\/35988"}],"wp:featuredmedia":[{"embeddable":true,"href":"https:\/\/www.czechcyclingfederation.com\/en\/wp-json\/wp\/v2\/media\/35964"}],"wp:attachment":[{"href":"https:\/\/www.czechcyclingfederation.com\/en\/wp-json\/wp\/v2\/media?parent=35962"}],"wp:term":[{"taxonomy":"category","embeddable":true,"href":"https:\/\/www.czechcyclingfederation.com\/en\/wp-json\/wp\/v2\/categories?post=35962"},{"taxonomy":"post_tag","embeddable":true,"href":"https:\/\/www.czechcyclingfederation.com\/en\/wp-json\/wp\/v2\/tags?post=35962"}],"curies":[{"name":"wp","href":"https:\/\/api.w.org\/{rel}","templated":true}]}}