{"id":35954,"date":"2025-06-07T16:29:53","date_gmt":"2025-06-07T14:29:53","guid":{"rendered":"https:\/\/www.czechcyclingfederation.com\/?p=35954"},"modified":"2025-06-07T16:29:56","modified_gmt":"2025-06-07T14:29:56","slug":"jezek-ovladl-skoda-cup-v-orlickych-horach","status":"publish","type":"post","link":"https:\/\/www.czechcyclingfederation.com\/en\/jezek-ovladl-skoda-cup-v-orlickych-horach\/","title":{"rendered":"Je\u017eek ovl\u00e1dl \u0160koda Cup v Orlick\u00fdch hor\u00e1ch"},"content":{"rendered":"\n<p>V\u00e1clav Je\u017eek z t\u00fdmu Brilon Racing vyhr\u00e1l p\u00e1t\u00e9 d\u011bjstv\u00ed seri\u00e1lu silni\u010dn\u00ed cyklistiky \u0160koda Cup, kter\u00e9 v sobotu hostilo De\u0161tn\u00e9 v Orlick\u00fdch hor\u00e1ch. Celkov\u00e9ho v\u00edt\u011bze tuzemsk\u00e9ho poh\u00e1ru ur\u010d\u00ed \u0161est\u00fd z\u00e1vod napl\u00e1novan\u00fd na druh\u00fd v\u00edkend v z\u00e1\u0159\u00ed.<\/p>\n\n\n\n<p>&#8220;Je to n\u00e1dhera. J\u00e1 nikdy nedok\u00e1zal vyhr\u00e1t \u010cesk\u00fd poh\u00e1r ani v juniorech. A te\u010f slav\u00edm v\u00edt\u011bzsv\u00ed mezi mu\u017eskou elitou, co\u017e je naprosto neuv\u011b\u0159iteln\u00e9,&#8221; radoval se v c\u00edli dvacetilet\u00fd V\u00e1clav Je\u017eek. O v\u00edt\u011bzstv\u00ed rozhodl a\u017e v \u00fapln\u00e9m fini\u0161i, kdy\u017e t\u011bsn\u011b porazil Raku\u0161ana Thomase Tichlera.<\/p>\n\n\n\n<p>&#8220;Mo\u017en\u00e1 mi pomohlo, \u017ee jsem zvykl\u00fd na drsn\u011bj\u0161\u00ed podm\u00ednky z cyklokrosu,&#8221; komentoval V\u00e1clav Je\u017eek podm\u00ednky, proto\u017ee z\u00e1vod prov\u00e1zelo de\u0161tiv\u00e9 a chladn\u00e9 po\u010das\u00ed. &#8220;Byla docela zima, zat\u00e1\u010dky ve sjezdech klouzaly. V\u00e1\u017en\u011b dost n\u00e1ro\u010dn\u00e9. Mn\u011b ale tra\u0165 sedla. Nav\u00edc jsem v dobr\u00e9m sout\u011b\u017en\u00edm tempu, proto\u017ee jsem absolvoval Z\u00e1vod m\u00edru,&#8221; \u0159\u00edkal v\u00edt\u011bz p\u00e1t\u00e9ho d\u011bjstv\u00ed \u0160koda Cupu.<\/p>\n\n\n\n<figure class=\"wp-block-image size-full\"><img decoding=\"async\" src=\"https:\/\/www.czechcyclingfederation.com\/wp-content\/uploads\/2025\/06\/SKODA-CUP-Destne-\u00a9Filip-Bezdek-2025-3.heic\" alt=\"\" class=\"wp-image-35957\"\/><\/figure>\n\n\n\n<p>Z\u00e1vod Road Stage je v kalend\u00e1\u0159i seri\u00e1lu novinkou. Start byl p\u0159\u00edmo v De\u0161tn\u00e9m a trasa m\u011b\u0159\u00edc\u00ed 155 kilometr\u016f vedla cyklisty malebnou krajinou Orlick\u00fdch hor, ve kter\u00e9 absolvovali dva 77 km okruhy, p\u0159i\u010dem\u017e v\u00edt\u011bze ur\u010dil sjezd z\u00a0hory \u0160erlich. Po startu profi pelotonu odstartovali na stejnou tra\u0165 i amat\u00e9r\u0161t\u00ed z\u00e1vodn\u00edci, kte\u0159\u00ed sout\u011b\u017eili bu\u010f na jednom, anebo tak\u00e9 na 2 okruz\u00edch. Cel\u00fd z\u00e1vod doprov\u00e1zely t\u011b\u017ek\u00e9 podm\u00ednky, kdy\u017e ji\u017e od za\u010d\u00e1tku v podstat\u011b nep\u0159etr\u017eit\u011b pr\u0161elo.<\/p>\n\n\n\n<p>&#8220;Tra\u0165 byla v\u00e1\u017en\u011b kr\u00e1sn\u00e1. Mn\u011b se nav\u00edc l\u00edbily i podm\u00ednky. Prost\u011b \u0161lo o z\u00e1vod, kter\u00fd z m\u00e9ho pohledu nem\u011bl chybu,&#8221; usm\u00edval se spokojen\u011b V\u00e1clav Je\u017eek.<\/p>\n\n\n\n<p>Z\u00e1v\u011bre\u010dn\u00e9 \u0161est\u00e9 d\u011bjstv\u00ed seri\u00e1lu se uskute\u010dn\u00ed 14. z\u00e1\u0159\u00ed a d\u011bji\u0161t\u011bm vyvrcholen\u00ed \u0160koda Cupu bude J\u00edvov\u00e1 u \u0160ternberka.<\/p>\n\n\n\n<figure class=\"wp-block-image size-full\"><img decoding=\"async\" src=\"https:\/\/www.czechcyclingfederation.com\/wp-content\/uploads\/2025\/06\/SKODA-CUP-Destne-\u00a9Filip-Bezdek-2025.heic\" alt=\"\" class=\"wp-image-35959\"\/><\/figure>\n\n\n\n<p><strong>V\u00fdsledky (155 km):<\/strong><\/p>\n\n\n\n<p>1. Je\u017eek (Brilon Racing), 2. Tichler (WSA KTM Graz\/Rak.) oba 3:49:24 hod., 3. Kerl (Auto \u0160koda Mlad\u00e1 Boleslav) +28, 4. Van\u00ed\u010dek (ATT Investments) +1:18 min., 5. M. Zah\u00e1lka (Elkov Kasper), 6. Bittman (Elkov Kasper) oba +1:20.<\/p>\n\n\n\n<p><strong>\u0160koda Cup &#8211; pr\u016fb\u011b\u017en\u00e9 po\u0159ad\u00ed:<\/strong><\/p>\n\n\n\n<p>1. Neuman (ATT Investments) 177 bod\u016f, 2. J. \u0164oupal\u00edk (Elkov Kasper) 166, 3. Turek (ATT Investments) 136, 4. \u0160. Zah\u00e1lka (Elkov Kasper) 125, 5. M. Zah\u00e1lka (Elkov Kasper) 111, 6. Je\u017eek (Brilon Racing) 96.<\/p>\n","protected":false},"excerpt":{"rendered":"<p>V\u00e1clav Je\u017eek z t\u00fdmu Brilon Racing vyhr\u00e1l p\u00e1t\u00e9 d\u011bjstv\u00ed seri\u00e1lu silni\u010dn\u00ed cyklistiky \u0160koda Cup, kter\u00e9 v sobotu hostilo De\u0161tn\u00e9 v Orlick\u00fdch hor\u00e1ch. Celkov\u00e9ho v\u00edt\u011bze tuzemsk\u00e9ho poh\u00e1ru ur\u010d\u00ed \u0161est\u00fd z\u00e1vod napl\u00e1novan\u00fd na druh\u00fd v\u00edkend v z\u00e1\u0159\u00ed. &#8220;Je to n\u00e1dhera. J\u00e1 nikdy nedok\u00e1zal vyhr\u00e1t \u010cesk\u00fd poh\u00e1r ani v juniorech. A te\u010f slav\u00edm v\u00edt\u011bzsv\u00ed mezi mu\u017eskou elitou, co\u017e [&hellip;]<\/p>\n","protected":false},"author":30,"featured_media":35955,"comment_status":"closed","ping_status":"open","sticky":false,"template":"","format":"standard","meta":{"footnotes":""},"categories":[2,18],"tags":[11],"class_list":["post-35954","post","type-post","status-publish","format-standard","has-post-thumbnail","hentry","category-novinky","category-silnice","tag-silnice"],"_links":{"self":[{"href":"https:\/\/www.czechcyclingfederation.com\/en\/wp-json\/wp\/v2\/posts\/35954","targetHints":{"allow":["GET"]}}],"collection":[{"href":"https:\/\/www.czechcyclingfederation.com\/en\/wp-json\/wp\/v2\/posts"}],"about":[{"href":"https:\/\/www.czechcyclingfederation.com\/en\/wp-json\/wp\/v2\/types\/post"}],"author":[{"embeddable":true,"href":"https:\/\/www.czechcyclingfederation.com\/en\/wp-json\/wp\/v2\/users\/30"}],"replies":[{"embeddable":true,"href":"https:\/\/www.czechcyclingfederation.com\/en\/wp-json\/wp\/v2\/comments?post=35954"}],"version-history":[{"count":1,"href":"https:\/\/www.czechcyclingfederation.com\/en\/wp-json\/wp\/v2\/posts\/35954\/revisions"}],"predecessor-version":[{"id":35961,"href":"https:\/\/www.czechcyclingfederation.com\/en\/wp-json\/wp\/v2\/posts\/35954\/revisions\/35961"}],"wp:featuredmedia":[{"embeddable":true,"href":"https:\/\/www.czechcyclingfederation.com\/en\/wp-json\/wp\/v2\/media\/35955"}],"wp:attachment":[{"href":"https:\/\/www.czechcyclingfederation.com\/en\/wp-json\/wp\/v2\/media?parent=35954"}],"wp:term":[{"taxonomy":"category","embeddable":true,"href":"https:\/\/www.czechcyclingfederation.com\/en\/wp-json\/wp\/v2\/categories?post=35954"},{"taxonomy":"post_tag","embeddable":true,"href":"https:\/\/www.czechcyclingfederation.com\/en\/wp-json\/wp\/v2\/tags?post=35954"}],"curies":[{"name":"wp","href":"https:\/\/api.w.org\/{rel}","templated":true}]}}