{"id":35930,"date":"2024-12-23T16:18:00","date_gmt":"2024-12-23T15:18:00","guid":{"rendered":"https:\/\/www.czechcyclingfederation.com\/?p=35930"},"modified":"2025-06-04T16:25:32","modified_gmt":"2025-06-04T14:25:32","slug":"narodni-sportovni-agentura-podporila-investice-do-sportu","status":"publish","type":"post","link":"https:\/\/www.czechcyclingfederation.com\/en\/narodni-sportovni-agentura-podporila-investice-do-sportu\/","title":{"rendered":"N\u00e1rodn\u00ed sportovn\u00ed agentura podpo\u0159ila investice do sportu"},"content":{"rendered":"\n<p>Stejn\u011b jako v&nbsp;roce 2023 byla i letos N\u00e1rodn\u00ed sportovn\u00ed agenturou (NSA) dota\u010dn\u011b podpo\u0159ena materi\u00e1ln\u011b technick\u00e1 z\u00e1kladna sportovn\u00edch svaz\u016f. D\u00edky aktualizaci dota\u010dn\u00ed v\u00fdzvy NSA bylo mo\u017en\u00e9 v&nbsp;roce 2024 po\u0159\u00eddit i cyklistick\u00e9 vybaven\u00ed resp. kola, kter\u00e1 byla ve v\u00fdzv\u011b v&nbsp;roce 2023 z&nbsp;podpory vy\u0148ata.<\/p>\n\n\n\n<p>\u010cesk\u00fd svaz cyklistiky (\u010cSC) proto vyu\u017eil v&nbsp;maxim\u00e1ln\u00ed mo\u017en\u00e9 m\u00ed\u0159e tuto p\u0159\u00edle\u017eitost a na z\u00e1klad\u011b po\u017eadavk\u016f reprezentace discipl\u00edn \u010cSC vypsal v\u00fdb\u011brov\u00e1 \u0159\u00edzen\u00ed na po\u017eadovan\u00e9 vybaven\u00ed.<\/p>\n\n\n\n<p>Vzhledem k za\u0159azen\u00ed \u010cSC do prvn\u00ed prioritiza\u010dn\u00ed skupiny sport\u016f NSA mohl svaz vyu\u017e\u00edt nejvy\u0161\u0161\u00ed mo\u017en\u00e9 alokace v&nbsp;r\u00e1mci dota\u010dn\u00ed v\u00fdzvy.<\/p>\n\n\n\n<p>Z&nbsp;projektu pod n\u00e1zvem \u201eRozvoj materi\u00e1ln\u011b technick\u00e9 z\u00e1kladny \u010cesk\u00e9ho svazu cyklistiky 2024\u201c byl po\u0159\u00edzen dlouhodob\u00fd majetek, kter\u00fd bude vyu\u017e\u00edv\u00e1n jak reprezenta\u010dn\u00edmi t\u00fdmy discipl\u00edn \u010cSC tak v&nbsp;r\u00e1mci sout\u011b\u017e\u00ed talentovan\u00e9 ml\u00e1de\u017ee \u010cSC.<\/p>\n\n\n\n<p>Projekt, kter\u00fd byl spolufinancov\u00e1n N\u00e1rodn\u00ed sportovn\u00ed agenturou zahrnoval n\u00e1sleduj\u00edc\u00ed vybaven\u00ed a majetek:&nbsp;<\/p>\n\n\n\n<ul class=\"wp-block-list\">\n<li>4 kola silni\u010dn\u00ed pro reprezenta\u010dn\u00ed t\u00fdm\u00a0silni\u010dn\u00ed cyklistiky<\/li>\n\n\n\n<li>2 dr\u00e1hov\u00e9 speci\u00e1ly a derna pro reprezenta\u010dn\u00ed t\u00fdm\u00a0dr\u00e1hov\u00e9 cyklistiky<\/li>\n\n\n\n<li>4 kola na kolovou pro reprezenta\u010dn\u00ed t\u00fdm\u00a0s\u00e1lov\u00e9 cyklistiky<\/li>\n\n\n\n<li>2 dod\u00e1vkov\u00e9 vozy pro 9 osob pro reprezenta\u010dn\u00ed t\u00fdmy v\u0161ech discipl\u00edn \u010cSC<\/li>\n\n\n\n<li>2 n\u00e1kladn\u00ed voz\u00edky pro p\u0159epravu materi\u00e1lu a plotov\u00fdch z\u00e1bran na zaji\u0161t\u011bn\u00ed sout\u011b\u017e\u00ed talentovan\u00e9 ml\u00e1de\u017ee (TM)<\/li>\n\n\n\n<li>2 komunika\u010dn\u00ed sety a vys\u00edla\u010dky pro reprezentaci a sout\u011b\u017ee TM<\/li>\n\n\n\n<li>2 laptopy pro v\u00fdsledkov\u00fd servis sout\u011b\u017e\u00ed pro TM<\/li>\n\n\n\n<li>LED velkoplo\u0161nou TV pro v\u00fdsledkov\u00fd servis sout\u011b\u017e\u00ed pro TM<\/li>\n<\/ul>\n\n\n\n<p>Podpora investic je jedn\u00edm ze z\u00e1kladn\u00edch kamen\u016f rozvoje sportu v&nbsp;\u010cesk\u00e9 republice, na co\u017e se NSA sna\u017e\u00ed dota\u010dn\u00edmi v\u00fdzvami reagovat. Pevn\u011b v\u011b\u0159\u00edme, \u017ee se bude da\u0159it materi\u00e1ln\u011b technickou z\u00e1kladnu sportovn\u00edch svaz\u016f podporovat i nad\u00e1le\u2026<\/p>\n\n\n\n<figure class=\"wp-block-image size-large\"><img loading=\"lazy\" decoding=\"async\" width=\"1024\" height=\"513\" src=\"http:\/\/www.czechcyclingfederation.com\/wp-content\/uploads\/2025\/06\/Narodni-sportovni-agentura_logo-rgb-1024x513.png\" alt=\"\" class=\"wp-image-35933\" srcset=\"https:\/\/www.czechcyclingfederation.com\/wp-content\/uploads\/2025\/06\/Narodni-sportovni-agentura_logo-rgb-1024x513.png 1024w, https:\/\/www.czechcyclingfederation.com\/wp-content\/uploads\/2025\/06\/Narodni-sportovni-agentura_logo-rgb-300x150.png 300w, https:\/\/www.czechcyclingfederation.com\/wp-content\/uploads\/2025\/06\/Narodni-sportovni-agentura_logo-rgb-768x385.png 768w, https:\/\/www.czechcyclingfederation.com\/wp-content\/uploads\/2025\/06\/Narodni-sportovni-agentura_logo-rgb-1536x769.png 1536w, https:\/\/www.czechcyclingfederation.com\/wp-content\/uploads\/2025\/06\/Narodni-sportovni-agentura_logo-rgb-2048x1025.png 2048w, https:\/\/www.czechcyclingfederation.com\/wp-content\/uploads\/2025\/06\/Narodni-sportovni-agentura_logo-rgb-1320x661.png 1320w\" sizes=\"auto, (max-width: 1024px) 100vw, 1024px\" \/><\/figure>\n","protected":false},"excerpt":{"rendered":"<p>Stejn\u011b jako v&nbsp;roce 2023 byla i letos N\u00e1rodn\u00ed sportovn\u00ed agenturou (NSA) dota\u010dn\u011b podpo\u0159ena materi\u00e1ln\u011b technick\u00e1 z\u00e1kladna sportovn\u00edch svaz\u016f. D\u00edky aktualizaci dota\u010dn\u00ed v\u00fdzvy NSA bylo mo\u017en\u00e9 v&nbsp;roce 2024 po\u0159\u00eddit i cyklistick\u00e9 vybaven\u00ed resp. kola, kter\u00e1 byla ve v\u00fdzv\u011b v&nbsp;roce 2023 z&nbsp;podpory vy\u0148ata. \u010cesk\u00fd svaz cyklistiky (\u010cSC) proto vyu\u017eil v&nbsp;maxim\u00e1ln\u00ed mo\u017en\u00e9 m\u00ed\u0159e tuto p\u0159\u00edle\u017eitost a na z\u00e1klad\u011b [&hellip;]<\/p>\n","protected":false},"author":30,"featured_media":35931,"comment_status":"closed","ping_status":"open","sticky":false,"template":"","format":"standard","meta":{"footnotes":""},"categories":[2],"tags":[119],"class_list":["post-35930","post","type-post","status-publish","format-standard","has-post-thumbnail","hentry","category-novinky","tag-csc"],"_links":{"self":[{"href":"https:\/\/www.czechcyclingfederation.com\/en\/wp-json\/wp\/v2\/posts\/35930","targetHints":{"allow":["GET"]}}],"collection":[{"href":"https:\/\/www.czechcyclingfederation.com\/en\/wp-json\/wp\/v2\/posts"}],"about":[{"href":"https:\/\/www.czechcyclingfederation.com\/en\/wp-json\/wp\/v2\/types\/post"}],"author":[{"embeddable":true,"href":"https:\/\/www.czechcyclingfederation.com\/en\/wp-json\/wp\/v2\/users\/30"}],"replies":[{"embeddable":true,"href":"https:\/\/www.czechcyclingfederation.com\/en\/wp-json\/wp\/v2\/comments?post=35930"}],"version-history":[{"count":1,"href":"https:\/\/www.czechcyclingfederation.com\/en\/wp-json\/wp\/v2\/posts\/35930\/revisions"}],"predecessor-version":[{"id":35935,"href":"https:\/\/www.czechcyclingfederation.com\/en\/wp-json\/wp\/v2\/posts\/35930\/revisions\/35935"}],"wp:featuredmedia":[{"embeddable":true,"href":"https:\/\/www.czechcyclingfederation.com\/en\/wp-json\/wp\/v2\/media\/35931"}],"wp:attachment":[{"href":"https:\/\/www.czechcyclingfederation.com\/en\/wp-json\/wp\/v2\/media?parent=35930"}],"wp:term":[{"taxonomy":"category","embeddable":true,"href":"https:\/\/www.czechcyclingfederation.com\/en\/wp-json\/wp\/v2\/categories?post=35930"},{"taxonomy":"post_tag","embeddable":true,"href":"https:\/\/www.czechcyclingfederation.com\/en\/wp-json\/wp\/v2\/tags?post=35930"}],"curies":[{"name":"wp","href":"https:\/\/api.w.org\/{rel}","templated":true}]}}