{"id":35917,"date":"2025-06-03T13:55:16","date_gmt":"2025-06-03T11:55:16","guid":{"rendered":"https:\/\/www.czechcyclingfederation.com\/?p=35917"},"modified":"2025-06-03T13:55:19","modified_gmt":"2025-06-03T11:55:19","slug":"nominace-lvicat-mtb","status":"publish","type":"post","link":"https:\/\/www.czechcyclingfederation.com\/en\/nominace-lvicat-mtb\/","title":{"rendered":"Nominace Lv\u00ed\u010dat MTB"},"content":{"rendered":"\n<p>na z\u00e1klad\u011b nomina\u010dn\u00edch krit\u00e9ri\u00ed pro jednotliv\u00e1 soust\u0159ed\u011bn\u00ed a z\u00e1vody kategori\u00ed U15 a U17 z\u00edskali nomina\u010dn\u00ed jistotu, byli nominov\u00e1ni, p\u0159\u00edpadn\u011b budou o nominaci bojovat:<\/p>\n\n\n\n<p><strong><u>EYOF SKOPJE<\/u><\/strong><strong><u>&nbsp;23. 7.&nbsp;<\/u><\/strong><strong><u>:<\/u><\/strong><\/p>\n\n\n\n<ul class=\"wp-block-list\">\n<li><strong>Kadeti<\/strong><strong>\u00a0\u00a0\u00a0\u00a0\u00a0\u00a0\u00a0\u00a0\u00a0\u00a0\u00a0\u00a0\u00a0\u00a0<em>Rada Vojt\u011bch, Bukovsk\u00fd Ond\u0159ej\u00a0<\/em><\/strong><\/li>\n<\/ul>\n\n\n\n<p><em>nominov\u00e1n bude jeden z\u00e1vodn\u00edk s lep\u0161\u00edm v\u00fdsledkem v dodate\u010dn\u011b vypsan\u00e9m z\u00e1vod\u011b (o nomina\u010dn\u00edm z\u00e1vod\u011b budete informov\u00e1ni do 8.6.2025)<\/em><\/p>\n\n\n\n<ul class=\"wp-block-list\">\n<li><strong>Kadetky<\/strong><strong>\u00a0\u00a0\u00a0\u00a0\u00a0\u00a0\u00a0\u00a0\u00a0\u00a0<em>Salaquardov\u00e1 Sofie\u00a0<\/em><\/strong><\/li>\n<\/ul>\n\n\n\n<p><strong><u>ME&nbsp;J\u00f6nk\u00f6ping<\/u><\/strong><strong><u>&nbsp;5.-9. 8.&nbsp;<\/u><\/strong><strong><u>:<\/u><\/strong><\/p>\n\n\n\n<ul class=\"wp-block-list\">\n<li><strong>Kadeti<\/strong><strong>\u00a0\u00a0\u00a0\u00a0\u00a0\u00a0\u00a0\u00a0\u00a0\u00a0\u00a0\u00a0\u00a0\u00a0<em>Rada Vojt\u011bch, Bukovsk\u00fd Ond\u0159ej, Plic Ond\u0159ej<\/em><\/strong><\/li>\n<\/ul>\n\n\n\n<p>O \u010dtvrt\u00e9m nominovan\u00e9m se rozhodne na M\u010cR MTB XCO v Bed\u0159ichov\u011b mezi Vajsejtl Jan, Verner Martin, Mucha Samuel<\/p>\n\n\n\n<ul class=\"wp-block-list\">\n<li><strong>Kadetky<\/strong><strong>\u00a0\u00a0\u00a0\u00a0\u00a0\u00a0\u00a0\u00a0\u00a0\u00a0<em>Salaquardov\u00e1 Sofie<\/em><\/strong><\/li>\n<\/ul>\n\n\n\n<p><em>O druh\u00e9 nominovan\u00e9 se rozhodne na M\u010cR MTB XCO v Bed\u0159ichov\u011b mezi Novotn\u00e1 Just\u00fdna, Erbenov\u00e1 Marianna, Klu\u010dkov\u00e1 Hana<\/em><\/p>\n\n\n\n<ul class=\"wp-block-list\">\n<li><strong>\u017d\u00e1ci<\/strong><strong>\u00a0\u00a0\u00a0\u00a0\u00a0\u00a0\u00a0\u00a0\u00a0\u00a0\u00a0\u00a0\u00a0\u00a0\u00a0\u00a0\u00a0\u00a0\u00a0<em>Janata Luk\u00e1\u0161, Janata Jakub<\/em><\/strong><\/li>\n<\/ul>\n\n\n\n<p>O t\u0159et\u00edm a \u010dtvrt\u00e9m nominovan\u00e9m se rozhodne na&nbsp;<em>M\u010cR MTB XCO v Bed\u0159ichov\u011b mezi Kohout Jind\u0159ich, Nevrl\u00fd Jakub, P\u0148ovsk\u00fd Sebastian<\/em><\/p>\n\n\n\n<p><strong>\u017d\u00e1kyn\u011b<\/strong><strong>\u00a0\u00a0\u00a0\u00a0\u00a0\u00a0\u00a0\u00a0\u00a0\u00a0\u00a0\u00a0<em>\u0160kubalov\u00e1 S\u00e1ra, Brandov\u00e1 Be\u00e1ta<\/em><\/strong><\/p>\n","protected":false},"excerpt":{"rendered":"<p>na z\u00e1klad\u011b nomina\u010dn\u00edch krit\u00e9ri\u00ed pro jednotliv\u00e1 soust\u0159ed\u011bn\u00ed a z\u00e1vody kategori\u00ed U15 a U17 z\u00edskali nomina\u010dn\u00ed jistotu, byli nominov\u00e1ni, p\u0159\u00edpadn\u011b budou o nominaci bojovat: EYOF SKOPJE&nbsp;23. 7.&nbsp;: nominov\u00e1n bude jeden z\u00e1vodn\u00edk s lep\u0161\u00edm v\u00fdsledkem v dodate\u010dn\u011b vypsan\u00e9m z\u00e1vod\u011b (o nomina\u010dn\u00edm z\u00e1vod\u011b budete informov\u00e1ni do 8.6.2025) ME&nbsp;J\u00f6nk\u00f6ping&nbsp;5.-9. 8.&nbsp;: O \u010dtvrt\u00e9m nominovan\u00e9m se rozhodne na M\u010cR MTB XCO [&hellip;]<\/p>\n","protected":false},"author":30,"featured_media":31215,"comment_status":"closed","ping_status":"open","sticky":false,"template":"","format":"standard","meta":{"footnotes":""},"categories":[6],"tags":[10],"class_list":["post-35917","post","type-post","status-publish","format-standard","has-post-thumbnail","hentry","category-mtb","tag-mtb"],"_links":{"self":[{"href":"https:\/\/www.czechcyclingfederation.com\/en\/wp-json\/wp\/v2\/posts\/35917","targetHints":{"allow":["GET"]}}],"collection":[{"href":"https:\/\/www.czechcyclingfederation.com\/en\/wp-json\/wp\/v2\/posts"}],"about":[{"href":"https:\/\/www.czechcyclingfederation.com\/en\/wp-json\/wp\/v2\/types\/post"}],"author":[{"embeddable":true,"href":"https:\/\/www.czechcyclingfederation.com\/en\/wp-json\/wp\/v2\/users\/30"}],"replies":[{"embeddable":true,"href":"https:\/\/www.czechcyclingfederation.com\/en\/wp-json\/wp\/v2\/comments?post=35917"}],"version-history":[{"count":1,"href":"https:\/\/www.czechcyclingfederation.com\/en\/wp-json\/wp\/v2\/posts\/35917\/revisions"}],"predecessor-version":[{"id":35918,"href":"https:\/\/www.czechcyclingfederation.com\/en\/wp-json\/wp\/v2\/posts\/35917\/revisions\/35918"}],"wp:featuredmedia":[{"embeddable":true,"href":"https:\/\/www.czechcyclingfederation.com\/en\/wp-json\/wp\/v2\/media\/31215"}],"wp:attachment":[{"href":"https:\/\/www.czechcyclingfederation.com\/en\/wp-json\/wp\/v2\/media?parent=35917"}],"wp:term":[{"taxonomy":"category","embeddable":true,"href":"https:\/\/www.czechcyclingfederation.com\/en\/wp-json\/wp\/v2\/categories?post=35917"},{"taxonomy":"post_tag","embeddable":true,"href":"https:\/\/www.czechcyclingfederation.com\/en\/wp-json\/wp\/v2\/tags?post=35917"}],"curies":[{"name":"wp","href":"https:\/\/api.w.org\/{rel}","templated":true}]}}