{"id":3591,"date":"2021-02-28T21:12:20","date_gmt":"2021-02-28T20:12:20","guid":{"rendered":"http:\/\/www.czechcyclingfederation.com\/?p=3591"},"modified":"2021-02-28T22:12:40","modified_gmt":"2021-02-28T21:12:40","slug":"tvaruzkova-a-novotna-v-turecku-vitezne","status":"publish","type":"post","link":"https:\/\/www.czechcyclingfederation.com\/en\/tvaruzkova-a-novotna-v-turecku-vitezne\/","title":{"rendered":"Tvar\u016f\u017ekov\u00e1 a Novotn\u00e1 v Turecku v\u00edt\u011bzn\u00e9"},"content":{"rendered":"\n<p><strong>T\u0159etici tureck\u00e9 s\u00e9rie z\u00e1vod\u016f zakon\u010dil ned\u011bln\u00ed podnik Alanya MTB Cup a \u010de\u0161t\u00ed reprezentanti op\u011bt pokra\u010dovali v p\u00f3diov\u00fdch um\u00edst\u011bn\u00edch.<\/strong><\/p>\n\n\n\n<p>Pozice na stupn\u00edch v\u00edt\u011bz\u016f obsadila v elitn\u00ed kategorii po suver\u00e9nn\u00ed j\u00edzd\u011b Tereza Tvar\u016f\u017ekov\u00e1, na stupn\u00edch j\u00ed doplnila Jana Czeczinkarov\u00e1. Obdobn\u011b se da\u0159ilo v juniorsk\u00fdch kategori\u00edch Anet\u011b Novotn\u00e9.&nbsp;<\/p>\n\n\n\n<p><em>\u201cTerka Tvar\u016f\u017ekov\u00e1 dneska jela z\u00e1vod stylem start c\u00edl a je vysoce pravd\u011bpodobn\u00e9, \u017ee se n\u00e1m profiluje dal\u0161\u00ed \u017eena absolutn\u00ed sv\u011btov\u00e9 \u0161pi\u010dky. Na jedni\u010dku zvl\u00e1dla tureck\u00e9 z\u00e1vody i Jana Czeczinkarov\u00e1 a Karla \u0160t\u011bp\u00e1nov\u00e1, kter\u00e9 p\u0159edvedly po v\u0161echny t\u0159i dny vyrovnan\u00e9 v\u00fdkony, co\u017e nebylo v dan\u00e9 konkurenci nic jednoduch\u00e9ho,\u201d <\/em>komentoval v\u00fdsledek \u017een reprezenta\u010dn\u00ed tren\u00e9r Viktor Zapletal.<\/p>\n\n\n\n<p>Mezi mu\u017ei vybojoval nejvy\u0161\u0161\u00ed pozici Jan \u0160karnitzl, kter\u00fd skon\u010dil sedm\u00fd. Martin Sto\u0161ek skon\u010dil des\u00e1t\u00fd. V juniorech nav\u00e1zal na stabiln\u00ed v\u00fdsledky Filip Kone\u010dn\u00fd.<\/p>\n\n\n\n<p><em>\u201cV elitn\u00ed kategorii mu\u017e\u016f dnes op\u011bt bojovali Honza \u0160karnitzl a Martin Sto\u0161ek o p\u0159edn\u00ed um\u00edst\u011bn\u00ed a postarali se o dramatick\u00fd z\u00e1vod do posledn\u00edch metr\u016f. Stabiln\u00ed v\u00fdkony p\u0159edvedli mlad\u00ed jezdci kategorie U23 i dnes se um\u00edstili v prvn\u00ed t\u0159etin\u011b startovn\u00edho pole, to je velmi slibn\u00e9. A vysok\u00fd v\u00fdkonnostn\u00ed standard udr\u017eeli i junio\u0159i, cel\u00e1 ta \u010dty\u0159ka, kterou jsem tady m\u011bl, je velmi talentovan\u00e1,\u201d <\/em>doplnil k v\u00fdkonu mu\u017e\u016f Zapletal.<\/p>\n\n\n\n<p><strong>V\u00fdsledky:<\/strong><\/p>\n\n\n\n<p>Mu\u017ei Elite:<\/p>\n\n\n\n<p>1. Antoine Philipp (Fr.), 2. Reto Ondergand (\u0160v\u00fdc.), 3. David Nordemann (Niz.),.. 7. Jan \u0160karnitzl, 10. Martin Sto\u0161ek, 21. Jan Zatloukal, 27. Samuel Jirou\u0161, 31. Jan S\u00e1ska (v\u0161ichni \u010cR), 35. Jakub Ku\u010dera (Express CZ-Tufo Team Kol\u00edn).<\/p>\n\n\n\n<p>\u017deny Elite:<\/p>\n\n\n\n<p>1. Tereza Tvar\u016f\u017ekov\u00e1 (\u010cR), 2. Githa Michiels (Bel), 3. Jana Czeczinkarov\u00e1 (\u010cR),\u2026 7. Karla \u0160t\u011bp\u00e1nov\u00e1, 12. Tereza Obo\u0159ilov\u00e1 (ob\u011b \u010cR), DNF. Ad\u00e9la Holubov\u00e1.<\/p>\n\n\n\n<p>Junio\u0159i:<\/p>\n\n\n\n<p>1. Oleksandr Hudyma (Ukr.), 2. Filip Kone\u010dn\u00fd (\u010cR), 3. Tim Rex (Bel.), 4. Filip Jech (Adastra Cycling Team), 5. V\u00e1clav Veverka (\u010cR).<\/p>\n\n\n\n<p>Juniorky:<\/p>\n\n\n\n<p>1. Aneta Novotn\u00e1 (\u010cR), 2. Mariia Sukhopalova (Ukr.), 3. Virag Gergely (Ma\u010f.), DNF. Karol\u00edna Bedrn\u00edkov\u00e1 (\u010cR).<\/p>\n\n\n\n<figure class=\"wp-block-gallery columns-3 wp-block-gallery-1 is-layout-flex wp-block-gallery-is-layout-flex\"><ul class=\"blocks-gallery-grid\"><li class=\"blocks-gallery-item\"><figure><img loading=\"lazy\" decoding=\"async\" width=\"1024\" height=\"683\" src=\"http:\/\/www.czechcyclingfederation.com\/wp-content\/uploads\/2021\/02\/P1017704-1024x683.jpg\" alt=\"\" data-id=\"3609\" data-full-url=\"http:\/\/www.czechcyclingfederation.com\/wp-content\/uploads\/2021\/02\/P1017704.jpg\" data-link=\"http:\/\/www.czechcyclingfederation.com\/?attachment_id=3609\" class=\"wp-image-3609\" srcset=\"https:\/\/www.czechcyclingfederation.com\/wp-content\/uploads\/2021\/02\/P1017704-1024x683.jpg 1024w, https:\/\/www.czechcyclingfederation.com\/wp-content\/uploads\/2021\/02\/P1017704-300x200.jpg 300w, https:\/\/www.czechcyclingfederation.com\/wp-content\/uploads\/2021\/02\/P1017704-768x512.jpg 768w, https:\/\/www.czechcyclingfederation.com\/wp-content\/uploads\/2021\/02\/P1017704-1536x1024.jpg 1536w, https:\/\/www.czechcyclingfederation.com\/wp-content\/uploads\/2021\/02\/P1017704-1320x880.jpg 1320w, https:\/\/www.czechcyclingfederation.com\/wp-content\/uploads\/2021\/02\/P1017704.jpg 2048w\" sizes=\"auto, (max-width: 1024px) 100vw, 1024px\" \/><\/figure><\/li><li class=\"blocks-gallery-item\"><figure><img loading=\"lazy\" decoding=\"async\" width=\"1024\" height=\"683\" src=\"http:\/\/www.czechcyclingfederation.com\/wp-content\/uploads\/2021\/02\/P1017702-1024x683.jpg\" alt=\"\" data-id=\"3608\" data-full-url=\"http:\/\/www.czechcyclingfederation.com\/wp-content\/uploads\/2021\/02\/P1017702.jpg\" data-link=\"http:\/\/www.czechcyclingfederation.com\/?attachment_id=3608\" class=\"wp-image-3608\" srcset=\"https:\/\/www.czechcyclingfederation.com\/wp-content\/uploads\/2021\/02\/P1017702-1024x683.jpg 1024w, https:\/\/www.czechcyclingfederation.com\/wp-content\/uploads\/2021\/02\/P1017702-300x200.jpg 300w, https:\/\/www.czechcyclingfederation.com\/wp-content\/uploads\/2021\/02\/P1017702-768x512.jpg 768w, https:\/\/www.czechcyclingfederation.com\/wp-content\/uploads\/2021\/02\/P1017702-1536x1024.jpg 1536w, https:\/\/www.czechcyclingfederation.com\/wp-content\/uploads\/2021\/02\/P1017702-1320x880.jpg 1320w, https:\/\/www.czechcyclingfederation.com\/wp-content\/uploads\/2021\/02\/P1017702.jpg 2048w\" sizes=\"auto, (max-width: 1024px) 100vw, 1024px\" \/><\/figure><\/li><li class=\"blocks-gallery-item\"><figure><img loading=\"lazy\" decoding=\"async\" width=\"1024\" height=\"683\" src=\"http:\/\/www.czechcyclingfederation.com\/wp-content\/uploads\/2021\/02\/P1017701-1024x683.jpg\" alt=\"\" data-id=\"3607\" data-full-url=\"http:\/\/www.czechcyclingfederation.com\/wp-content\/uploads\/2021\/02\/P1017701.jpg\" data-link=\"http:\/\/www.czechcyclingfederation.com\/?attachment_id=3607\" class=\"wp-image-3607\" srcset=\"https:\/\/www.czechcyclingfederation.com\/wp-content\/uploads\/2021\/02\/P1017701-1024x683.jpg 1024w, https:\/\/www.czechcyclingfederation.com\/wp-content\/uploads\/2021\/02\/P1017701-300x200.jpg 300w, https:\/\/www.czechcyclingfederation.com\/wp-content\/uploads\/2021\/02\/P1017701-768x512.jpg 768w, https:\/\/www.czechcyclingfederation.com\/wp-content\/uploads\/2021\/02\/P1017701-1536x1024.jpg 1536w, https:\/\/www.czechcyclingfederation.com\/wp-content\/uploads\/2021\/02\/P1017701-1320x880.jpg 1320w, https:\/\/www.czechcyclingfederation.com\/wp-content\/uploads\/2021\/02\/P1017701.jpg 2048w\" sizes=\"auto, (max-width: 1024px) 100vw, 1024px\" \/><\/figure><\/li><li class=\"blocks-gallery-item\"><figure><img loading=\"lazy\" decoding=\"async\" width=\"683\" height=\"1024\" src=\"http:\/\/www.czechcyclingfederation.com\/wp-content\/uploads\/2021\/02\/P1017668-683x1024.jpg\" alt=\"\" data-id=\"3606\" data-full-url=\"http:\/\/www.czechcyclingfederation.com\/wp-content\/uploads\/2021\/02\/P1017668.jpg\" data-link=\"http:\/\/www.czechcyclingfederation.com\/?attachment_id=3606\" class=\"wp-image-3606\" srcset=\"https:\/\/www.czechcyclingfederation.com\/wp-content\/uploads\/2021\/02\/P1017668-683x1024.jpg 683w, https:\/\/www.czechcyclingfederation.com\/wp-content\/uploads\/2021\/02\/P1017668-133x200.jpg 133w, https:\/\/www.czechcyclingfederation.com\/wp-content\/uploads\/2021\/02\/P1017668-768x1152.jpg 768w, https:\/\/www.czechcyclingfederation.com\/wp-content\/uploads\/2021\/02\/P1017668-1024x1536.jpg 1024w, https:\/\/www.czechcyclingfederation.com\/wp-content\/uploads\/2021\/02\/P1017668-1320x1980.jpg 1320w, https:\/\/www.czechcyclingfederation.com\/wp-content\/uploads\/2021\/02\/P1017668.jpg 1365w\" sizes=\"auto, (max-width: 683px) 100vw, 683px\" \/><\/figure><\/li><li class=\"blocks-gallery-item\"><figure><img loading=\"lazy\" decoding=\"async\" width=\"683\" height=\"1024\" src=\"http:\/\/www.czechcyclingfederation.com\/wp-content\/uploads\/2021\/02\/P1017664-683x1024.jpg\" alt=\"\" data-id=\"3605\" data-full-url=\"http:\/\/www.czechcyclingfederation.com\/wp-content\/uploads\/2021\/02\/P1017664.jpg\" data-link=\"http:\/\/www.czechcyclingfederation.com\/?attachment_id=3605\" class=\"wp-image-3605\" srcset=\"https:\/\/www.czechcyclingfederation.com\/wp-content\/uploads\/2021\/02\/P1017664-683x1024.jpg 683w, https:\/\/www.czechcyclingfederation.com\/wp-content\/uploads\/2021\/02\/P1017664-133x200.jpg 133w, https:\/\/www.czechcyclingfederation.com\/wp-content\/uploads\/2021\/02\/P1017664-768x1152.jpg 768w, https:\/\/www.czechcyclingfederation.com\/wp-content\/uploads\/2021\/02\/P1017664-1024x1536.jpg 1024w, https:\/\/www.czechcyclingfederation.com\/wp-content\/uploads\/2021\/02\/P1017664-1320x1980.jpg 1320w, https:\/\/www.czechcyclingfederation.com\/wp-content\/uploads\/2021\/02\/P1017664.jpg 1365w\" sizes=\"auto, (max-width: 683px) 100vw, 683px\" \/><\/figure><\/li><li class=\"blocks-gallery-item\"><figure><img loading=\"lazy\" decoding=\"async\" width=\"683\" height=\"1024\" src=\"http:\/\/www.czechcyclingfederation.com\/wp-content\/uploads\/2021\/02\/P1017662-683x1024.jpg\" alt=\"\" data-id=\"3604\" data-full-url=\"http:\/\/www.czechcyclingfederation.com\/wp-content\/uploads\/2021\/02\/P1017662.jpg\" data-link=\"http:\/\/www.czechcyclingfederation.com\/?attachment_id=3604\" class=\"wp-image-3604\" srcset=\"https:\/\/www.czechcyclingfederation.com\/wp-content\/uploads\/2021\/02\/P1017662-683x1024.jpg 683w, https:\/\/www.czechcyclingfederation.com\/wp-content\/uploads\/2021\/02\/P1017662-133x200.jpg 133w, https:\/\/www.czechcyclingfederation.com\/wp-content\/uploads\/2021\/02\/P1017662-768x1152.jpg 768w, https:\/\/www.czechcyclingfederation.com\/wp-content\/uploads\/2021\/02\/P1017662-1024x1536.jpg 1024w, https:\/\/www.czechcyclingfederation.com\/wp-content\/uploads\/2021\/02\/P1017662-1320x1980.jpg 1320w, https:\/\/www.czechcyclingfederation.com\/wp-content\/uploads\/2021\/02\/P1017662.jpg 1365w\" sizes=\"auto, (max-width: 683px) 100vw, 683px\" \/><\/figure><\/li><li class=\"blocks-gallery-item\"><figure><img loading=\"lazy\" decoding=\"async\" width=\"1024\" height=\"819\" src=\"http:\/\/www.czechcyclingfederation.com\/wp-content\/uploads\/2021\/02\/P1017562-1024x819.jpg\" alt=\"\" data-id=\"3598\" data-full-url=\"http:\/\/www.czechcyclingfederation.com\/wp-content\/uploads\/2021\/02\/P1017562.jpg\" data-link=\"http:\/\/www.czechcyclingfederation.com\/?attachment_id=3598\" class=\"wp-image-3598\" srcset=\"https:\/\/www.czechcyclingfederation.com\/wp-content\/uploads\/2021\/02\/P1017562-1024x819.jpg 1024w, https:\/\/www.czechcyclingfederation.com\/wp-content\/uploads\/2021\/02\/P1017562-250x200.jpg 250w, https:\/\/www.czechcyclingfederation.com\/wp-content\/uploads\/2021\/02\/P1017562-768x614.jpg 768w, https:\/\/www.czechcyclingfederation.com\/wp-content\/uploads\/2021\/02\/P1017562-1536x1229.jpg 1536w, https:\/\/www.czechcyclingfederation.com\/wp-content\/uploads\/2021\/02\/P1017562-1320x1056.jpg 1320w, https:\/\/www.czechcyclingfederation.com\/wp-content\/uploads\/2021\/02\/P1017562.jpg 2048w\" sizes=\"auto, (max-width: 1024px) 100vw, 1024px\" \/><\/figure><\/li><li class=\"blocks-gallery-item\"><figure><img loading=\"lazy\" decoding=\"async\" width=\"683\" height=\"1024\" src=\"http:\/\/www.czechcyclingfederation.com\/wp-content\/uploads\/2021\/02\/P1017505-683x1024.jpg\" alt=\"\" data-id=\"3592\" data-full-url=\"http:\/\/www.czechcyclingfederation.com\/wp-content\/uploads\/2021\/02\/P1017505.jpg\" data-link=\"http:\/\/www.czechcyclingfederation.com\/?attachment_id=3592\" class=\"wp-image-3592\" srcset=\"https:\/\/www.czechcyclingfederation.com\/wp-content\/uploads\/2021\/02\/P1017505-683x1024.jpg 683w, https:\/\/www.czechcyclingfederation.com\/wp-content\/uploads\/2021\/02\/P1017505-133x200.jpg 133w, https:\/\/www.czechcyclingfederation.com\/wp-content\/uploads\/2021\/02\/P1017505-768x1152.jpg 768w, https:\/\/www.czechcyclingfederation.com\/wp-content\/uploads\/2021\/02\/P1017505-1024x1536.jpg 1024w, https:\/\/www.czechcyclingfederation.com\/wp-content\/uploads\/2021\/02\/P1017505-1320x1980.jpg 1320w, https:\/\/www.czechcyclingfederation.com\/wp-content\/uploads\/2021\/02\/P1017505.jpg 1365w\" sizes=\"auto, (max-width: 683px) 100vw, 683px\" \/><\/figure><\/li><li class=\"blocks-gallery-item\"><figure><img loading=\"lazy\" decoding=\"async\" width=\"1024\" height=\"683\" src=\"http:\/\/www.czechcyclingfederation.com\/wp-content\/uploads\/2021\/02\/P1017514-1024x683.jpg\" alt=\"\" data-id=\"3593\" data-full-url=\"http:\/\/www.czechcyclingfederation.com\/wp-content\/uploads\/2021\/02\/P1017514.jpg\" data-link=\"http:\/\/www.czechcyclingfederation.com\/?attachment_id=3593\" class=\"wp-image-3593\" srcset=\"https:\/\/www.czechcyclingfederation.com\/wp-content\/uploads\/2021\/02\/P1017514-1024x683.jpg 1024w, https:\/\/www.czechcyclingfederation.com\/wp-content\/uploads\/2021\/02\/P1017514-300x200.jpg 300w, https:\/\/www.czechcyclingfederation.com\/wp-content\/uploads\/2021\/02\/P1017514-768x512.jpg 768w, https:\/\/www.czechcyclingfederation.com\/wp-content\/uploads\/2021\/02\/P1017514-1536x1024.jpg 1536w, https:\/\/www.czechcyclingfederation.com\/wp-content\/uploads\/2021\/02\/P1017514-1320x880.jpg 1320w, https:\/\/www.czechcyclingfederation.com\/wp-content\/uploads\/2021\/02\/P1017514.jpg 2048w\" sizes=\"auto, (max-width: 1024px) 100vw, 1024px\" \/><\/figure><\/li><li class=\"blocks-gallery-item\"><figure><img loading=\"lazy\" decoding=\"async\" width=\"1024\" height=\"683\" src=\"http:\/\/www.czechcyclingfederation.com\/wp-content\/uploads\/2021\/02\/P1017579-1024x683.jpg\" alt=\"\" data-id=\"3599\" data-full-url=\"http:\/\/www.czechcyclingfederation.com\/wp-content\/uploads\/2021\/02\/P1017579.jpg\" data-link=\"http:\/\/www.czechcyclingfederation.com\/?attachment_id=3599\" class=\"wp-image-3599\" srcset=\"https:\/\/www.czechcyclingfederation.com\/wp-content\/uploads\/2021\/02\/P1017579-1024x683.jpg 1024w, https:\/\/www.czechcyclingfederation.com\/wp-content\/uploads\/2021\/02\/P1017579-300x200.jpg 300w, https:\/\/www.czechcyclingfederation.com\/wp-content\/uploads\/2021\/02\/P1017579-768x512.jpg 768w, https:\/\/www.czechcyclingfederation.com\/wp-content\/uploads\/2021\/02\/P1017579-1536x1024.jpg 1536w, https:\/\/www.czechcyclingfederation.com\/wp-content\/uploads\/2021\/02\/P1017579-1320x880.jpg 1320w, https:\/\/www.czechcyclingfederation.com\/wp-content\/uploads\/2021\/02\/P1017579.jpg 2048w\" sizes=\"auto, (max-width: 1024px) 100vw, 1024px\" \/><\/figure><\/li><li class=\"blocks-gallery-item\"><figure><img loading=\"lazy\" decoding=\"async\" width=\"683\" height=\"1024\" src=\"http:\/\/www.czechcyclingfederation.com\/wp-content\/uploads\/2021\/02\/P1017582-683x1024.jpg\" alt=\"\" data-id=\"3600\" data-full-url=\"http:\/\/www.czechcyclingfederation.com\/wp-content\/uploads\/2021\/02\/P1017582.jpg\" data-link=\"http:\/\/www.czechcyclingfederation.com\/?attachment_id=3600\" class=\"wp-image-3600\" srcset=\"https:\/\/www.czechcyclingfederation.com\/wp-content\/uploads\/2021\/02\/P1017582-683x1024.jpg 683w, https:\/\/www.czechcyclingfederation.com\/wp-content\/uploads\/2021\/02\/P1017582-133x200.jpg 133w, https:\/\/www.czechcyclingfederation.com\/wp-content\/uploads\/2021\/02\/P1017582-768x1152.jpg 768w, https:\/\/www.czechcyclingfederation.com\/wp-content\/uploads\/2021\/02\/P1017582-1024x1536.jpg 1024w, https:\/\/www.czechcyclingfederation.com\/wp-content\/uploads\/2021\/02\/P1017582-1320x1980.jpg 1320w, https:\/\/www.czechcyclingfederation.com\/wp-content\/uploads\/2021\/02\/P1017582.jpg 1365w\" sizes=\"auto, (max-width: 683px) 100vw, 683px\" \/><\/figure><\/li><li class=\"blocks-gallery-item\"><figure><img loading=\"lazy\" decoding=\"async\" width=\"1024\" height=\"683\" src=\"http:\/\/www.czechcyclingfederation.com\/wp-content\/uploads\/2021\/02\/P1017520-1024x683.jpg\" alt=\"\" data-id=\"3594\" data-full-url=\"http:\/\/www.czechcyclingfederation.com\/wp-content\/uploads\/2021\/02\/P1017520.jpg\" data-link=\"http:\/\/www.czechcyclingfederation.com\/?attachment_id=3594\" class=\"wp-image-3594\" srcset=\"https:\/\/www.czechcyclingfederation.com\/wp-content\/uploads\/2021\/02\/P1017520-1024x683.jpg 1024w, https:\/\/www.czechcyclingfederation.com\/wp-content\/uploads\/2021\/02\/P1017520-300x200.jpg 300w, https:\/\/www.czechcyclingfederation.com\/wp-content\/uploads\/2021\/02\/P1017520-768x512.jpg 768w, https:\/\/www.czechcyclingfederation.com\/wp-content\/uploads\/2021\/02\/P1017520-1536x1024.jpg 1536w, https:\/\/www.czechcyclingfederation.com\/wp-content\/uploads\/2021\/02\/P1017520-1320x880.jpg 1320w, https:\/\/www.czechcyclingfederation.com\/wp-content\/uploads\/2021\/02\/P1017520.jpg 2048w\" sizes=\"auto, (max-width: 1024px) 100vw, 1024px\" \/><\/figure><\/li><li class=\"blocks-gallery-item\"><figure><img loading=\"lazy\" decoding=\"async\" width=\"1024\" height=\"683\" src=\"http:\/\/www.czechcyclingfederation.com\/wp-content\/uploads\/2021\/02\/P1017535-1024x683.jpg\" alt=\"\" data-id=\"3595\" data-full-url=\"http:\/\/www.czechcyclingfederation.com\/wp-content\/uploads\/2021\/02\/P1017535.jpg\" data-link=\"http:\/\/www.czechcyclingfederation.com\/?attachment_id=3595\" class=\"wp-image-3595\" srcset=\"https:\/\/www.czechcyclingfederation.com\/wp-content\/uploads\/2021\/02\/P1017535-1024x683.jpg 1024w, https:\/\/www.czechcyclingfederation.com\/wp-content\/uploads\/2021\/02\/P1017535-300x200.jpg 300w, https:\/\/www.czechcyclingfederation.com\/wp-content\/uploads\/2021\/02\/P1017535-768x512.jpg 768w, https:\/\/www.czechcyclingfederation.com\/wp-content\/uploads\/2021\/02\/P1017535-1536x1024.jpg 1536w, https:\/\/www.czechcyclingfederation.com\/wp-content\/uploads\/2021\/02\/P1017535-1320x880.jpg 1320w, https:\/\/www.czechcyclingfederation.com\/wp-content\/uploads\/2021\/02\/P1017535.jpg 2048w\" sizes=\"auto, (max-width: 1024px) 100vw, 1024px\" \/><\/figure><\/li><li class=\"blocks-gallery-item\"><figure><img loading=\"lazy\" decoding=\"async\" width=\"1024\" height=\"683\" src=\"http:\/\/www.czechcyclingfederation.com\/wp-content\/uploads\/2021\/02\/P1017605-1024x683.jpg\" alt=\"\" data-id=\"3601\" data-full-url=\"http:\/\/www.czechcyclingfederation.com\/wp-content\/uploads\/2021\/02\/P1017605.jpg\" data-link=\"http:\/\/www.czechcyclingfederation.com\/?attachment_id=3601\" class=\"wp-image-3601\" srcset=\"https:\/\/www.czechcyclingfederation.com\/wp-content\/uploads\/2021\/02\/P1017605-1024x683.jpg 1024w, https:\/\/www.czechcyclingfederation.com\/wp-content\/uploads\/2021\/02\/P1017605-300x200.jpg 300w, https:\/\/www.czechcyclingfederation.com\/wp-content\/uploads\/2021\/02\/P1017605-768x512.jpg 768w, https:\/\/www.czechcyclingfederation.com\/wp-content\/uploads\/2021\/02\/P1017605-1536x1024.jpg 1536w, https:\/\/www.czechcyclingfederation.com\/wp-content\/uploads\/2021\/02\/P1017605-1320x880.jpg 1320w, https:\/\/www.czechcyclingfederation.com\/wp-content\/uploads\/2021\/02\/P1017605.jpg 2048w\" sizes=\"auto, (max-width: 1024px) 100vw, 1024px\" \/><\/figure><\/li><li class=\"blocks-gallery-item\"><figure><img loading=\"lazy\" decoding=\"async\" width=\"1024\" height=\"683\" src=\"http:\/\/www.czechcyclingfederation.com\/wp-content\/uploads\/2021\/02\/P1017619-1024x683.jpg\" alt=\"\" data-id=\"3602\" data-full-url=\"http:\/\/www.czechcyclingfederation.com\/wp-content\/uploads\/2021\/02\/P1017619.jpg\" data-link=\"http:\/\/www.czechcyclingfederation.com\/?attachment_id=3602\" class=\"wp-image-3602\" srcset=\"https:\/\/www.czechcyclingfederation.com\/wp-content\/uploads\/2021\/02\/P1017619-1024x683.jpg 1024w, https:\/\/www.czechcyclingfederation.com\/wp-content\/uploads\/2021\/02\/P1017619-300x200.jpg 300w, https:\/\/www.czechcyclingfederation.com\/wp-content\/uploads\/2021\/02\/P1017619-768x512.jpg 768w, https:\/\/www.czechcyclingfederation.com\/wp-content\/uploads\/2021\/02\/P1017619-1536x1024.jpg 1536w, https:\/\/www.czechcyclingfederation.com\/wp-content\/uploads\/2021\/02\/P1017619-1320x880.jpg 1320w, https:\/\/www.czechcyclingfederation.com\/wp-content\/uploads\/2021\/02\/P1017619.jpg 2048w\" sizes=\"auto, (max-width: 1024px) 100vw, 1024px\" \/><\/figure><\/li><li class=\"blocks-gallery-item\"><figure><img loading=\"lazy\" decoding=\"async\" width=\"683\" height=\"1024\" src=\"http:\/\/www.czechcyclingfederation.com\/wp-content\/uploads\/2021\/02\/P1017548-683x1024.jpg\" alt=\"\" data-id=\"3596\" data-full-url=\"http:\/\/www.czechcyclingfederation.com\/wp-content\/uploads\/2021\/02\/P1017548.jpg\" data-link=\"http:\/\/www.czechcyclingfederation.com\/?attachment_id=3596\" class=\"wp-image-3596\" srcset=\"https:\/\/www.czechcyclingfederation.com\/wp-content\/uploads\/2021\/02\/P1017548-683x1024.jpg 683w, https:\/\/www.czechcyclingfederation.com\/wp-content\/uploads\/2021\/02\/P1017548-133x200.jpg 133w, https:\/\/www.czechcyclingfederation.com\/wp-content\/uploads\/2021\/02\/P1017548-768x1152.jpg 768w, https:\/\/www.czechcyclingfederation.com\/wp-content\/uploads\/2021\/02\/P1017548-1024x1536.jpg 1024w, https:\/\/www.czechcyclingfederation.com\/wp-content\/uploads\/2021\/02\/P1017548-1320x1980.jpg 1320w, https:\/\/www.czechcyclingfederation.com\/wp-content\/uploads\/2021\/02\/P1017548.jpg 1365w\" sizes=\"auto, (max-width: 683px) 100vw, 683px\" \/><\/figure><\/li><li class=\"blocks-gallery-item\"><figure><img loading=\"lazy\" decoding=\"async\" width=\"1024\" height=\"683\" src=\"http:\/\/www.czechcyclingfederation.com\/wp-content\/uploads\/2021\/02\/P1017559-1024x683.jpg\" alt=\"\" data-id=\"3597\" data-full-url=\"http:\/\/www.czechcyclingfederation.com\/wp-content\/uploads\/2021\/02\/P1017559.jpg\" data-link=\"http:\/\/www.czechcyclingfederation.com\/?attachment_id=3597\" class=\"wp-image-3597\" srcset=\"https:\/\/www.czechcyclingfederation.com\/wp-content\/uploads\/2021\/02\/P1017559-1024x683.jpg 1024w, https:\/\/www.czechcyclingfederation.com\/wp-content\/uploads\/2021\/02\/P1017559-300x200.jpg 300w, https:\/\/www.czechcyclingfederation.com\/wp-content\/uploads\/2021\/02\/P1017559-768x512.jpg 768w, https:\/\/www.czechcyclingfederation.com\/wp-content\/uploads\/2021\/02\/P1017559-1536x1024.jpg 1536w, https:\/\/www.czechcyclingfederation.com\/wp-content\/uploads\/2021\/02\/P1017559-1320x880.jpg 1320w, https:\/\/www.czechcyclingfederation.com\/wp-content\/uploads\/2021\/02\/P1017559.jpg 2048w\" sizes=\"auto, (max-width: 1024px) 100vw, 1024px\" \/><\/figure><\/li><li class=\"blocks-gallery-item\"><figure><img loading=\"lazy\" decoding=\"async\" width=\"1024\" height=\"683\" src=\"http:\/\/www.czechcyclingfederation.com\/wp-content\/uploads\/2021\/02\/P1017648-1024x683.jpg\" alt=\"\" data-id=\"3603\" data-full-url=\"http:\/\/www.czechcyclingfederation.com\/wp-content\/uploads\/2021\/02\/P1017648.jpg\" data-link=\"http:\/\/www.czechcyclingfederation.com\/?attachment_id=3603\" class=\"wp-image-3603\" srcset=\"https:\/\/www.czechcyclingfederation.com\/wp-content\/uploads\/2021\/02\/P1017648-1024x683.jpg 1024w, https:\/\/www.czechcyclingfederation.com\/wp-content\/uploads\/2021\/02\/P1017648-300x200.jpg 300w, https:\/\/www.czechcyclingfederation.com\/wp-content\/uploads\/2021\/02\/P1017648-768x512.jpg 768w, https:\/\/www.czechcyclingfederation.com\/wp-content\/uploads\/2021\/02\/P1017648-1536x1024.jpg 1536w, https:\/\/www.czechcyclingfederation.com\/wp-content\/uploads\/2021\/02\/P1017648-1320x880.jpg 1320w, https:\/\/www.czechcyclingfederation.com\/wp-content\/uploads\/2021\/02\/P1017648.jpg 2048w\" sizes=\"auto, (max-width: 1024px) 100vw, 1024px\" \/><\/figure><\/li><\/ul><\/figure>\n\n\n\n<p><em>Foto: Mat\u011bj Charv\u00e1t<\/em><\/p>\n","protected":false},"excerpt":{"rendered":"<p>T\u0159etici tureck\u00e9 s\u00e9rie z\u00e1vod\u016f zakon\u010dil ned\u011bln\u00ed podnik Alanya MTB Cup a \u010de\u0161t\u00ed reprezentanti op\u011bt pokra\u010dovali v p\u00f3diov\u00fdch um\u00edst\u011bn\u00edch. Pozice na stupn\u00edch v\u00edt\u011bz\u016f obsadila v elitn\u00ed kategorii po suver\u00e9nn\u00ed j\u00edzd\u011b Tereza Tvar\u016f\u017ekov\u00e1, na stupn\u00edch j\u00ed doplnila Jana Czeczinkarov\u00e1. Obdobn\u011b se da\u0159ilo v juniorsk\u00fdch kategori\u00edch Anet\u011b Novotn\u00e9.&nbsp; \u201cTerka Tvar\u016f\u017ekov\u00e1 dneska jela z\u00e1vod stylem start c\u00edl a je [&hellip;]<\/p>\n","protected":false},"author":9,"featured_media":3602,"comment_status":"closed","ping_status":"open","sticky":false,"template":"","format":"standard","meta":{"footnotes":""},"categories":[6,2,103],"tags":[10],"class_list":["post-3591","post","type-post","status-publish","format-standard","has-post-thumbnail","hentry","category-mtb","category-novinky","category-reprezentace","tag-mtb"],"_links":{"self":[{"href":"https:\/\/www.czechcyclingfederation.com\/en\/wp-json\/wp\/v2\/posts\/3591","targetHints":{"allow":["GET"]}}],"collection":[{"href":"https:\/\/www.czechcyclingfederation.com\/en\/wp-json\/wp\/v2\/posts"}],"about":[{"href":"https:\/\/www.czechcyclingfederation.com\/en\/wp-json\/wp\/v2\/types\/post"}],"author":[{"embeddable":true,"href":"https:\/\/www.czechcyclingfederation.com\/en\/wp-json\/wp\/v2\/users\/9"}],"replies":[{"embeddable":true,"href":"https:\/\/www.czechcyclingfederation.com\/en\/wp-json\/wp\/v2\/comments?post=3591"}],"version-history":[{"count":3,"href":"https:\/\/www.czechcyclingfederation.com\/en\/wp-json\/wp\/v2\/posts\/3591\/revisions"}],"predecessor-version":[{"id":3613,"href":"https:\/\/www.czechcyclingfederation.com\/en\/wp-json\/wp\/v2\/posts\/3591\/revisions\/3613"}],"wp:featuredmedia":[{"embeddable":true,"href":"https:\/\/www.czechcyclingfederation.com\/en\/wp-json\/wp\/v2\/media\/3602"}],"wp:attachment":[{"href":"https:\/\/www.czechcyclingfederation.com\/en\/wp-json\/wp\/v2\/media?parent=3591"}],"wp:term":[{"taxonomy":"category","embeddable":true,"href":"https:\/\/www.czechcyclingfederation.com\/en\/wp-json\/wp\/v2\/categories?post=3591"},{"taxonomy":"post_tag","embeddable":true,"href":"https:\/\/www.czechcyclingfederation.com\/en\/wp-json\/wp\/v2\/tags?post=3591"}],"curies":[{"name":"wp","href":"https:\/\/api.w.org\/{rel}","templated":true}]}}