{"id":35894,"date":"2025-06-03T07:27:00","date_gmt":"2025-06-03T05:27:00","guid":{"rendered":"https:\/\/www.czechcyclingfederation.com\/?p=35894"},"modified":"2025-06-02T09:33:32","modified_gmt":"2025-06-02T07:33:32","slug":"50-podralsko-a-cp-v-gravelu","status":"publish","type":"post","link":"https:\/\/www.czechcyclingfederation.com\/en\/50-podralsko-a-cp-v-gravelu\/","title":{"rendered":"50 Podralsko a \u010cP v gravelu"},"content":{"rendered":"\n<p>Cyklistick\u00fd t\u00fdm VIF ELEVEN HEAD CYKLOLIVE p\u0159ipravil na severu \u010cech opravdov\u00fd sv\u00e1tek cyklistiky, kter\u00fd se uskute\u010dn\u00ed 8. \u010dervna 2025 v Ose\u010dn\u00e9 nedaleko Liberce. Program tohoto dne p\u0159inese hned dva velk\u00e9 z\u00e1vody \u2013 tradi\u010dn\u00ed marathon horsk\u00fdch kol OZP 50 Podralsko a novinku v podob\u011b \u010cesk\u00e9ho poh\u00e1ru v gravelu Bohemia gravel cup. V r\u00e1mci seri\u00e1lu horsk\u00fdch kol Galaxy s\u00e9rie se z\u00e1vodn\u00edci na horsk\u00fdch kolech pust\u00ed do z\u00e1vodu na tras\u00e1ch dlouh\u00fdch 25 km a 50 km. \u010cesk\u00fd poh\u00e1r v gravelu Bohemia gravel cup, kter\u00fd zah\u00e1j\u00ed z\u00e1vodn\u00ed den, nab\u00eddne t\u0159i 25 km okruhy pro elitn\u00ed z\u00e1vodn\u00edky, zat\u00edmco amat\u00e9\u0159i absolvuj\u00ed dva stejn\u00e9 okruhy. Pro elitn\u00ed z\u00e1vodn\u00edky je p\u0159ipravena finan\u010dn\u00ed odm\u011bna v celkov\u00e9 v\u00fd\u0161i 32 000 K\u010d. Oba z\u00e1vody vedou po atraktivn\u00edm 25 km okruhu um\u00edst\u011bn\u00e9m v uzav\u0159en\u00e9m vojensk\u00e9m prostoru. Na \u00fa\u010dastn\u00edky \u010dekaj\u00ed nejen dechberouc\u00ed v\u00fdhledy na dominanty regionu, jako jsou Bezd\u011bz, D\u011bv\u00edn, Ralsko nebo Je\u0161t\u011bd, ale tak\u00e9 rozmanit\u00fd ter\u00e9n \u2013 lesn\u00ed a poln\u00ed cesty, dynamick\u00e9 trailov\u00e9 \u00faseky i technicky n\u00e1ro\u010dn\u00e9 p\u00edse\u010dn\u00e9 duny. Start prob\u011bhne u Z\u00e1kladn\u00ed \u0161koly v Ose\u010dn\u00e9, co\u017e je letos z organiza\u010dn\u00edch d\u016fvod\u016f novinkou.<\/p>\n\n\n\n<figure class=\"wp-block-image size-large\"><img loading=\"lazy\" decoding=\"async\" width=\"1024\" height=\"683\" src=\"http:\/\/www.czechcyclingfederation.com\/wp-content\/uploads\/2025\/06\/FOTO_2-1024x683.jpg\" alt=\"\" class=\"wp-image-35895\" srcset=\"https:\/\/www.czechcyclingfederation.com\/wp-content\/uploads\/2025\/06\/FOTO_2-1024x683.jpg 1024w, https:\/\/www.czechcyclingfederation.com\/wp-content\/uploads\/2025\/06\/FOTO_2-300x200.jpg 300w, https:\/\/www.czechcyclingfederation.com\/wp-content\/uploads\/2025\/06\/FOTO_2-768x512.jpg 768w, https:\/\/www.czechcyclingfederation.com\/wp-content\/uploads\/2025\/06\/FOTO_2-1536x1024.jpg 1536w, https:\/\/www.czechcyclingfederation.com\/wp-content\/uploads\/2025\/06\/FOTO_2-1320x880.jpg 1320w, https:\/\/www.czechcyclingfederation.com\/wp-content\/uploads\/2025\/06\/FOTO_2.jpg 1920w\" sizes=\"auto, (max-width: 1024px) 100vw, 1024px\" \/><\/figure>\n\n\n\n<p>Akce mysl\u00ed i na rodiny s d\u011btmi. Dopoledne jsou p\u0159ipraveny d\u011btsk\u00e9 z\u00e1vody v are\u00e1lu \u0161koly. Star\u0161\u00ed d\u011bti nad 9 let budou moci absolvovat 25 km okruh v r\u00e1mci maratonu, zat\u00edmco mlad\u0161\u00ed d\u011bti si z\u00e1vod u\u017eij\u00ed spole\u010dn\u011b se sv\u00fdmi rodi\u010di. Ka\u017ed\u00fd d\u011btsk\u00fd \u00fa\u010dastn\u00edk obdr\u017e\u00ed v c\u00edli medaili na pam\u00e1tku. Organiz\u00e1to\u0159i p\u0159in\u00e1\u0161ej\u00ed komfort srovnateln\u00fd s velk\u00fdmi z\u00e1vody \u2013 od startovn\u00edho bal\u00ed\u010dku pln\u00e9ho d\u00e1rk\u016f p\u0159es \u00faschovnu kol, v\u00fdb\u011br z n\u011bkolika j\u00eddel a\u017e po tombolu a mas\u00e1\u017ee za podpory Zdravotn\u00ed poji\u0161\u0165ovny OZP. Na trati nebude chyb\u011bt ob\u010derstvovac\u00ed stanice Enervit zaji\u0161\u0165uj\u00edc\u00ed kvalitn\u00ed sportovn\u00ed v\u00fd\u017eivu, zat\u00edmco v\u00edt\u011bzov\u00e9 z\u00edskaj\u00ed jedine\u010dn\u00e9 poh\u00e1ry. Na z\u00e1v\u011br dne prob\u011bhne tombola o hodnotn\u00e9 ceny! Letn\u00ed teploty by m\u011bly dorazit ji\u017e p\u0159\u00ed\u0161t\u00ed t\u00fdden, tak\u017ee nev\u00e1hejte s p\u0159ihl\u00e1\u0161en\u00edm online a zajist\u011bte si sv\u00e9 m\u00edsto v\u010das. Registrace je otev\u0159ena do st\u0159edy 4. \u010dervna 2025, pot\u00e9 bude mo\u017en\u00e1 pouze na m\u00edst\u011b. Podrobnosti o akci naleznete na webov\u00fdch str\u00e1nk\u00e1ch www.mtbpodralsko.cz nebo na Facebooku.<\/p>\n\n\n\n<p>T\u011b\u0161\u00ed se na v\u00e1s po\u0159adatelsk\u00fd t\u00fdm VIF Eleven Head Cyklolive.<\/p>\n","protected":false},"excerpt":{"rendered":"<p>Cyklistick\u00fd t\u00fdm VIF ELEVEN HEAD CYKLOLIVE p\u0159ipravil na severu \u010cech opravdov\u00fd sv\u00e1tek cyklistiky, kter\u00fd se uskute\u010dn\u00ed 8. \u010dervna 2025 v Ose\u010dn\u00e9 nedaleko Liberce. Program tohoto dne p\u0159inese hned dva velk\u00e9 z\u00e1vody \u2013 tradi\u010dn\u00ed marathon horsk\u00fdch kol OZP 50 Podralsko a novinku v podob\u011b \u010cesk\u00e9ho poh\u00e1ru v gravelu Bohemia gravel cup. V r\u00e1mci seri\u00e1lu horsk\u00fdch kol [&hellip;]<\/p>\n","protected":false},"author":3,"featured_media":35897,"comment_status":"closed","ping_status":"open","sticky":false,"template":"","format":"standard","meta":{"footnotes":""},"categories":[421,2],"tags":[],"class_list":["post-35894","post","type-post","status-publish","format-standard","has-post-thumbnail","hentry","category-gravel","category-novinky"],"_links":{"self":[{"href":"https:\/\/www.czechcyclingfederation.com\/en\/wp-json\/wp\/v2\/posts\/35894","targetHints":{"allow":["GET"]}}],"collection":[{"href":"https:\/\/www.czechcyclingfederation.com\/en\/wp-json\/wp\/v2\/posts"}],"about":[{"href":"https:\/\/www.czechcyclingfederation.com\/en\/wp-json\/wp\/v2\/types\/post"}],"author":[{"embeddable":true,"href":"https:\/\/www.czechcyclingfederation.com\/en\/wp-json\/wp\/v2\/users\/3"}],"replies":[{"embeddable":true,"href":"https:\/\/www.czechcyclingfederation.com\/en\/wp-json\/wp\/v2\/comments?post=35894"}],"version-history":[{"count":1,"href":"https:\/\/www.czechcyclingfederation.com\/en\/wp-json\/wp\/v2\/posts\/35894\/revisions"}],"predecessor-version":[{"id":35899,"href":"https:\/\/www.czechcyclingfederation.com\/en\/wp-json\/wp\/v2\/posts\/35894\/revisions\/35899"}],"wp:featuredmedia":[{"embeddable":true,"href":"https:\/\/www.czechcyclingfederation.com\/en\/wp-json\/wp\/v2\/media\/35897"}],"wp:attachment":[{"href":"https:\/\/www.czechcyclingfederation.com\/en\/wp-json\/wp\/v2\/media?parent=35894"}],"wp:term":[{"taxonomy":"category","embeddable":true,"href":"https:\/\/www.czechcyclingfederation.com\/en\/wp-json\/wp\/v2\/categories?post=35894"},{"taxonomy":"post_tag","embeddable":true,"href":"https:\/\/www.czechcyclingfederation.com\/en\/wp-json\/wp\/v2\/tags?post=35894"}],"curies":[{"name":"wp","href":"https:\/\/api.w.org\/{rel}","templated":true}]}}