{"id":35884,"date":"2025-06-01T23:08:37","date_gmt":"2025-06-01T21:08:37","guid":{"rendered":"https:\/\/www.czechcyclingfederation.com\/?p=35884"},"modified":"2025-06-01T23:09:00","modified_gmt":"2025-06-01T21:09:00","slug":"stosek-11-ve-druhem-zavode-sp-xcm-v-andore","status":"publish","type":"post","link":"https:\/\/www.czechcyclingfederation.com\/en\/stosek-11-ve-druhem-zavode-sp-xcm-v-andore\/","title":{"rendered":"Sto\u0161ek 11. ve druh\u00e9m z\u00e1vod\u011b SP XCM v Ando\u0159e!"},"content":{"rendered":"\n<p>V ned\u011bli 1. \u010dervna se v ly\u017ea\u0159sk\u00e9m st\u0159edisku La Massana v Ando\u0159e uskute\u010dnil druh\u00fd d\u00edl <strong>Sv\u011btov\u00e9ho poh\u00e1ru v maratonu (XCM)<\/strong> \u2013 ikonick\u00fd z\u00e1vod <strong>HERO Andorra<\/strong>, kter\u00fd tradi\u010dn\u011b pat\u0159\u00ed mezi nejtvrd\u0161\u00ed v kalend\u00e1\u0159i. P\u0159esto\u017ee tra\u0165 m\u011b\u0159ila &#8220;pouh\u00fdch&#8221; 60 km, nab\u00eddla t\u00e9m\u011b\u0159 <strong>2.000 metr\u016f p\u0159ev\u00fd\u0161en\u00ed<\/strong>, technick\u00e9 sjezdy i dlouh\u00e1 stoup\u00e1n\u00ed v horsk\u00e9 krajin\u011b Pyrenej\u00ed.<\/p>\n\n\n\n<p>Na startu nechyb\u011bl ani <strong>\u010derstv\u00fd mistr \u010cesk\u00e9 republiky v maratonu<\/strong> <strong>Martin Sto\u0161ek<\/strong> (Buff Megamo), kter\u00fd bojoval v nabit\u00e9 sv\u011btov\u00e9 konkurenci. V n\u00e1ro\u010dn\u00e9m z\u00e1vod\u011b dojel na <strong>11. m\u00edst\u011b<\/strong> se ztr\u00e1tou 5 minut a 31 sekund na v\u00edt\u011bze.<\/p>\n\n\n\n<p>Mezi elitn\u00ed sv\u011btov\u00e9 maratonce se tak op\u011bt zapsal solidn\u00edm v\u00fdkonem, a potvrdil, \u017ee i v t\u011b\u017ek\u00fdch horsk\u00fdch podm\u00ednk\u00e1ch dok\u00e1\u017ee dr\u017eet krok s nejlep\u0161\u00edmi.<\/p>\n\n\n\n<p>V\u00fdsledky \u2013 Andorra (mu\u017ei):&nbsp;<\/p>\n\n\n\n<p>1. Hector Leonardo Paez Leon (COL, Soudal Leecougan) 2:45:06, 2. Andreas Seewald (GER, Singer Racing KTM) +1:44, 3. Wout Alleman (BEL, Buff Megamo) +2:50, \u2026 11. Martin Sto\u0161ek (CZE, Buff Megamo) +5:31.<\/p>\n","protected":false},"excerpt":{"rendered":"<p>V ned\u011bli 1. \u010dervna se v ly\u017ea\u0159sk\u00e9m st\u0159edisku La Massana v Ando\u0159e uskute\u010dnil druh\u00fd d\u00edl Sv\u011btov\u00e9ho poh\u00e1ru v maratonu (XCM) \u2013 ikonick\u00fd z\u00e1vod HERO Andorra, kter\u00fd tradi\u010dn\u011b pat\u0159\u00ed mezi nejtvrd\u0161\u00ed v kalend\u00e1\u0159i. P\u0159esto\u017ee tra\u0165 m\u011b\u0159ila &#8220;pouh\u00fdch&#8221; 60 km, nab\u00eddla t\u00e9m\u011b\u0159 2.000 metr\u016f p\u0159ev\u00fd\u0161en\u00ed, technick\u00e9 sjezdy i dlouh\u00e1 stoup\u00e1n\u00ed v horsk\u00e9 krajin\u011b Pyrenej\u00ed. Na startu nechyb\u011bl [&hellip;]<\/p>\n","protected":false},"author":9,"featured_media":35500,"comment_status":"closed","ping_status":"open","sticky":false,"template":"","format":"standard","meta":{"footnotes":""},"categories":[6,2],"tags":[10],"class_list":["post-35884","post","type-post","status-publish","format-standard","has-post-thumbnail","hentry","category-mtb","category-novinky","tag-mtb"],"_links":{"self":[{"href":"https:\/\/www.czechcyclingfederation.com\/en\/wp-json\/wp\/v2\/posts\/35884","targetHints":{"allow":["GET"]}}],"collection":[{"href":"https:\/\/www.czechcyclingfederation.com\/en\/wp-json\/wp\/v2\/posts"}],"about":[{"href":"https:\/\/www.czechcyclingfederation.com\/en\/wp-json\/wp\/v2\/types\/post"}],"author":[{"embeddable":true,"href":"https:\/\/www.czechcyclingfederation.com\/en\/wp-json\/wp\/v2\/users\/9"}],"replies":[{"embeddable":true,"href":"https:\/\/www.czechcyclingfederation.com\/en\/wp-json\/wp\/v2\/comments?post=35884"}],"version-history":[{"count":1,"href":"https:\/\/www.czechcyclingfederation.com\/en\/wp-json\/wp\/v2\/posts\/35884\/revisions"}],"predecessor-version":[{"id":35885,"href":"https:\/\/www.czechcyclingfederation.com\/en\/wp-json\/wp\/v2\/posts\/35884\/revisions\/35885"}],"wp:featuredmedia":[{"embeddable":true,"href":"https:\/\/www.czechcyclingfederation.com\/en\/wp-json\/wp\/v2\/media\/35500"}],"wp:attachment":[{"href":"https:\/\/www.czechcyclingfederation.com\/en\/wp-json\/wp\/v2\/media?parent=35884"}],"wp:term":[{"taxonomy":"category","embeddable":true,"href":"https:\/\/www.czechcyclingfederation.com\/en\/wp-json\/wp\/v2\/categories?post=35884"},{"taxonomy":"post_tag","embeddable":true,"href":"https:\/\/www.czechcyclingfederation.com\/en\/wp-json\/wp\/v2\/tags?post=35884"}],"curies":[{"name":"wp","href":"https:\/\/api.w.org\/{rel}","templated":true}]}}