{"id":35879,"date":"2025-06-01T19:55:59","date_gmt":"2025-06-01T17:55:59","guid":{"rendered":"https:\/\/www.czechcyclingfederation.com\/?p=35879"},"modified":"2025-06-01T19:56:02","modified_gmt":"2025-06-01T17:56:02","slug":"pouze-junior-chudoba-jel-finalovy-zavod-evropskeho-poharu","status":"publish","type":"post","link":"https:\/\/www.czechcyclingfederation.com\/en\/pouze-junior-chudoba-jel-finalovy-zavod-evropskeho-poharu\/","title":{"rendered":"Pouze junior Chudoba jel fin\u00e1lov\u00fd z\u00e1vod Evropsk\u00e9ho poh\u00e1ru"},"content":{"rendered":"\n<p>V&nbsp;okle\u0161t\u011bn\u00e9 sestav\u011b, kdy\u017e chyb\u011bli Sabina Ko\u0161\u00e1rkov\u00e1, Eli\u0161ka Bart\u016f\u0148kov\u00e1 nebo Marek Neu\u017eil nastoupilo torzo \u010desk\u00e9 reprezentace v&nbsp;sedm\u00e9m a osm\u00e9m d\u00edlu Evropsk\u00e9ho poh\u00e1ru v&nbsp;nizozemsk\u00e9m Tielu. Nejv\u00edce byl vid\u011bt junior Viktor Old\u0159ich Chudoba, kter\u00fd po sobotn\u00edm des\u00e1t\u00e9m m\u00edst\u011b v&nbsp;ned\u011bli dojel ve fin\u00e1le osm\u00fd.<\/p>\n\n\n\n<p>Juniorka Elen Lapkov\u00e1 byla v&nbsp;sobotu dvan\u00e1ct\u00e1, dnes pro probl\u00e9my s&nbsp;kotn\u00edkem do z\u00e1vodu nenastoupila. Jakul Cidlinsk\u00e1 mezi mu\u017ei U23 vybojoval v&nbsp;ned\u011bli des\u00e1t\u00e9 m\u00edsto.<\/p>\n\n\n\n<p>Mu\u017ei:<\/p>\n\n\n\n<p>1. Dyrhe (D\u00e1n.), 2. Noordam (Niz.), 3. Magdelijns (Belg.), 4. Goossens (Niz.), 5. Ospina (Kol.), 6. Schotman (Niz.), 7. Steiner (\u0160v\u00fdc.). 8. Adon (Fr.).<\/p>\n\n\n\n<p>Mu\u017ei U23<\/p>\n\n\n\n<p>1.Pipers (Niz.), 2. Leth (D\u00e1n.), 3. Brouns (N\u011bm.), \u202618. Cidlinsk\u00fd<\/p>\n\n\n\n<p>Junio\u0159i:<\/p>\n\n\n\n<p>1.Simonsen (D\u00e1n.), 2. Tanner, 3. Criddle (oba Brit.), \u202610. Chudoba, 20. Stloukal, 24. Novotn\u00fd, 37. MIltner (v\u0161ichni \u010cR).<\/p>\n\n\n\n<p>\u017deny:<\/p>\n\n\n\n<p>1.Kejstrupov\u00e1 (D\u00e1n.), 2. Vossenov\u00e1 (N\u011bm.), 3. Mayov\u00e1 (Austr.), 4. Wissingov\u00e1 (Niz.), 5. Williamsov\u00e1 (N. Z\u00e9l.), 6. de Waardov\u00e1, 7. Scheepersov\u00e1 (ob\u011b Niz.), 8. Cingolaniov\u00e1 (It.).<\/p>\n\n\n\n<p>Juniorky:<\/p>\n\n\n\n<p>1.Rendallov\u00e1 (Brit.), 2. van der Haarov\u00e1 (Niz.), 3. Karlikinov\u00e1 (Lot.), \u202612. Lapkov\u00e1 (\u010cR).<\/p>\n\n\n\n<p>8. z\u00e1vod:<\/p>\n\n\n\n<p>Mu\u017ei:<\/p>\n\n\n\n<p>1. Brink (Niz.), 2. Noordam, 3. Aldon, 4. Steiner, 5. Aeberhardt (\u0160v\u00fdc.), 6. Magdelijns, 7. Schotman, 8. Sciortino (It.)<\/p>\n\n\n\n<p>Mu\u017ei U23:<\/p>\n\n\n\n<p>1. Leth, 2. Hartman (Niz.), 3. Beirinckx (Belg.), \u202610. Cidlinsk\u00fd (\u010cR)<\/p>\n\n\n\n<p>Junio\u0159i:<\/p>\n\n\n\n<p>1. Criddle, 2. Cornisch (Brit.), 3. Bosch (Belg.), \u20268. Chudoba, 19. Miltner, 30. Novotn\u00fd, 35. Stloukal.<\/p>\n\n\n\n<p>\u017deny:<\/p>\n\n\n\n<p>1. Kejlstrupov\u00e1, 2. Mayov\u00e1, 3. Wissingov\u00e1, 4. Scheepersov\u00e1, 5.Balleov\u00e1 (D\u00e1n.), 6. Williamsov\u00e1 (N. Z\u00e9l.), 7. Aeberhardtov\u00e1 (\u0160v\u00fdc.),8. Vossenov\u00e1.<\/p>\n\n\n\n<p>\u017deny U23:<\/p>\n\n\n\n<p>1. van Santvoortov\u00e1, 2. de Waardov\u00e1 (ob\u011b Niz.), 3. Gommersov\u00e1 (Belg.).<\/p>\n\n\n\n<p>Juniorky:<\/p>\n\n\n\n<p>1. Rendallov\u00e1, 2. van der Haarov\u00e1, 3. Geersov\u00e1 (Belg.)<\/p>\n\n\n\n<p>FOTO Luk\u00e1\u0161 Tamme<\/p>\n","protected":false},"excerpt":{"rendered":"<p>V&nbsp;okle\u0161t\u011bn\u00e9 sestav\u011b, kdy\u017e chyb\u011bli Sabina Ko\u0161\u00e1rkov\u00e1, Eli\u0161ka Bart\u016f\u0148kov\u00e1 nebo Marek Neu\u017eil nastoupilo torzo \u010desk\u00e9 reprezentace v&nbsp;sedm\u00e9m a osm\u00e9m d\u00edlu Evropsk\u00e9ho poh\u00e1ru v&nbsp;nizozemsk\u00e9m Tielu. Nejv\u00edce byl vid\u011bt junior Viktor Old\u0159ich Chudoba, kter\u00fd po sobotn\u00edm des\u00e1t\u00e9m m\u00edst\u011b v&nbsp;ned\u011bli dojel ve fin\u00e1le osm\u00fd. Juniorka Elen Lapkov\u00e1 byla v&nbsp;sobotu dvan\u00e1ct\u00e1, dnes pro probl\u00e9my s&nbsp;kotn\u00edkem do z\u00e1vodu nenastoupila. Jakul Cidlinsk\u00e1 [&hellip;]<\/p>\n","protected":false},"author":8,"featured_media":35880,"comment_status":"closed","ping_status":"open","sticky":false,"template":"","format":"standard","meta":{"footnotes":""},"categories":[57,2],"tags":[],"class_list":["post-35879","post","type-post","status-publish","format-standard","has-post-thumbnail","hentry","category-bmx","category-novinky"],"_links":{"self":[{"href":"https:\/\/www.czechcyclingfederation.com\/en\/wp-json\/wp\/v2\/posts\/35879","targetHints":{"allow":["GET"]}}],"collection":[{"href":"https:\/\/www.czechcyclingfederation.com\/en\/wp-json\/wp\/v2\/posts"}],"about":[{"href":"https:\/\/www.czechcyclingfederation.com\/en\/wp-json\/wp\/v2\/types\/post"}],"author":[{"embeddable":true,"href":"https:\/\/www.czechcyclingfederation.com\/en\/wp-json\/wp\/v2\/users\/8"}],"replies":[{"embeddable":true,"href":"https:\/\/www.czechcyclingfederation.com\/en\/wp-json\/wp\/v2\/comments?post=35879"}],"version-history":[{"count":1,"href":"https:\/\/www.czechcyclingfederation.com\/en\/wp-json\/wp\/v2\/posts\/35879\/revisions"}],"predecessor-version":[{"id":35882,"href":"https:\/\/www.czechcyclingfederation.com\/en\/wp-json\/wp\/v2\/posts\/35879\/revisions\/35882"}],"wp:featuredmedia":[{"embeddable":true,"href":"https:\/\/www.czechcyclingfederation.com\/en\/wp-json\/wp\/v2\/media\/35880"}],"wp:attachment":[{"href":"https:\/\/www.czechcyclingfederation.com\/en\/wp-json\/wp\/v2\/media?parent=35879"}],"wp:term":[{"taxonomy":"category","embeddable":true,"href":"https:\/\/www.czechcyclingfederation.com\/en\/wp-json\/wp\/v2\/categories?post=35879"},{"taxonomy":"post_tag","embeddable":true,"href":"https:\/\/www.czechcyclingfederation.com\/en\/wp-json\/wp\/v2\/tags?post=35879"}],"curies":[{"name":"wp","href":"https:\/\/api.w.org\/{rel}","templated":true}]}}