{"id":35770,"date":"2025-05-27T11:49:46","date_gmt":"2025-05-27T09:49:46","guid":{"rendered":"https:\/\/www.czechcyclingfederation.com\/?p=35770"},"modified":"2025-05-27T11:51:57","modified_gmt":"2025-05-27T09:51:57","slug":"cesi-chteji-na-zavodu-miru-u23-do-desitky","status":"publish","type":"post","link":"https:\/\/www.czechcyclingfederation.com\/en\/cesi-chteji-na-zavodu-miru-u23-do-desitky\/","title":{"rendered":"\u010ce\u0161i cht\u011bj\u00ed na Z\u00e1vodu m\u00edru U23 do des\u00edtky"},"content":{"rendered":"\n<p>S&nbsp;c\u00edlem poprat se o elitn\u00ed des\u00edtku celkov\u00e9ho po\u0159ad\u00ed jde na start 12. ro\u010dn\u00edku Z\u00e1vodu m\u00edru do 23 let \u010desk\u00e1 silni\u010dn\u00ed reprezentace. Z\u00e1vod za\u0159azen\u00fd do presti\u017en\u00edho podniku kalend\u00e1\u0159e Nations&#8217; Cup, se letos uskute\u010dn\u00ed od 29. kv\u011btna do 1. \u010dervna.<\/p>\n\n\n\n<p>Za \u010desk\u00fd t\u00fdm pojede i osmn\u00e1ctilet\u00fd <strong>Pavel \u0160ump\u00edk<\/strong> z&nbsp;development t\u00fdmu Picnic PostNL. V&nbsp;nominaci \u010desk\u00e9 reprezentace jsou d\u00e1le tak\u00e9 <strong>Tom\u00e1\u0161 P\u0159idal, \u0160t\u011bp\u00e1n Zah\u00e1lka, Adam Bittman, Daniel Mr\u00e1z a V\u00e1clav Je\u017eek<\/strong>. C\u00edlem sestavy je m\u00edt alespo\u0148 jednoho z&nbsp;reprezentant\u016f v elitn\u00ed des\u00edtce celkov\u00e9ho po\u0159ad\u00ed, p\u0159\u00edpadn\u011b jedno etapov\u00e9 v\u00edt\u011bzstv\u00ed.<\/p>\n\n\n\n<p>\u201eKluky dlouhodob\u011b sleduji, jsme ve spojen\u00ed pr\u016fb\u011b\u017en\u011b. V\u011b\u0159\u00edm, \u017ee jsme na jeden z\u00a0velk\u00fdch vrchol\u016f sezony t\u00e9to v\u011bkov\u00e9 kategorie vybrali nejlep\u0161\u00ed mo\u017en\u00fd t\u00fdm. Budu moc r\u00e1d, pokud je uvid\u00edm bojovat o \u010deln\u00ed pozice a po ro\u010dn\u00ed pauze se vr\u00e1t\u00edme do elitn\u00ed des\u00edtky,\u201c \u0159ekl kou\u010d \u010desk\u00e9ho t\u00fdmu <strong>Petr Kaltofen<\/strong>.<\/p>\n\n\n\n<figure class=\"wp-block-image size-large\"><img loading=\"lazy\" decoding=\"async\" width=\"1024\" height=\"683\" src=\"http:\/\/www.czechcyclingfederation.com\/wp-content\/uploads\/2025\/03\/kaltofen-1024x683.jpg\" alt=\"\" class=\"wp-image-34538\" srcset=\"https:\/\/www.czechcyclingfederation.com\/wp-content\/uploads\/2025\/03\/kaltofen-1024x683.jpg 1024w, https:\/\/www.czechcyclingfederation.com\/wp-content\/uploads\/2025\/03\/kaltofen-300x200.jpg 300w, https:\/\/www.czechcyclingfederation.com\/wp-content\/uploads\/2025\/03\/kaltofen-768x512.jpg 768w, https:\/\/www.czechcyclingfederation.com\/wp-content\/uploads\/2025\/03\/kaltofen-1536x1024.jpg 1536w, https:\/\/www.czechcyclingfederation.com\/wp-content\/uploads\/2025\/03\/kaltofen-2048x1365.jpg 2048w, https:\/\/www.czechcyclingfederation.com\/wp-content\/uploads\/2025\/03\/kaltofen-1320x880.jpg 1320w\" sizes=\"auto, (max-width: 1024px) 100vw, 1024px\" \/><\/figure>\n\n\n\n<p>Na n\u00e1ro\u010dn\u00e9 trati v Jesen\u00edk\u00e1ch, v\u010detn\u011b legend\u00e1rn\u00edho v\u00fdjezdu na Dlouh\u00e9 Str\u00e1n\u011b, se st\u0159etnou nastupuj\u00edc\u00ed generace elitn\u00edch cyklist\u016f. Celkem v&nbsp;Z\u00e1vodu m\u00edru pojede dvaadvacet reprezentac\u00ed. Sou\u010d\u00e1st\u00ed je i d\u011btsk\u00fd z\u00e1vod v&nbsp;sobotu 31. kv\u011btna v Koutech nad Desnou.<\/p>\n\n\n\n<p>\u201ePo roce se op\u011bt m\u016f\u017eeme t\u011b\u0161it na atraktivn\u00ed souboj nad\u011bj\u00ed sv\u011btov\u00e9 cyklistiky. Znovu o\u010dek\u00e1v\u00e1m z\u00e1vod\u011bn\u00ed na nejvy\u0161\u0161\u00ed \u00farovni a\u00a0jsem zv\u011bdav\u00fd, kter\u00fd z\u00a0talent\u016f se v\u00a0Jesen\u00edk\u00e1ch bl\u00fdskne nejlep\u0161\u00ed formou a\u00a0stane se z\u00a0n\u011bj hv\u011bzda budoucnosti. A\u00a0byl bych moc r\u00e1d, kdyby se mezi nejlep\u0161\u00edmi op\u011bt uk\u00e1zal i\u00a0jezdec v\u00a0\u010desk\u00fdch barv\u00e1ch,\u201c \u0159\u00edk\u00e1 \u0159editel Z\u00e1vodu m\u00edru <strong>Leopold K\u00f6nig<\/strong>.\u00a0<\/p>\n\n\n\n<p>Za posledn\u00ed \u010dty\u0159i ro\u010dn\u00edky m\u011blo \u010cesko v\u017edy alespo\u0148 jednoho jezdce, kter\u00fd \u00fato\u010dil na top ten. Po sezon\u011b 2020, kdy se kv\u016fli pandemii koronaviru Z\u00e1vod m\u00edru do 23 let neuskute\u010dnil, byl v&nbsp;roce 2021 Mathias Vacek celkov\u011b \u0161est\u00fd. O&nbsp;rok pozd\u011bji bylo zastoupen\u00ed \u010desk\u00fdch barev mezi nejlep\u0161\u00edmi dokonce dvojn\u00e1sobn\u00e9, kdy\u017e Mathias Vacek dojel t\u0159et\u00ed a&nbsp;jeho bratr Karel sedm\u00fd. B\u011bhem sezony 2023 byl dev\u00e1t\u00fd Karel Camrda, minul\u00fd rok pak Tom\u00e1\u0161 P\u0159idal dokon\u010dil druh\u00fd d\u00edl seri\u00e1lu Nations Cup jeden\u00e1ct\u00fd.<\/p>\n\n\n\n<figure class=\"wp-block-image size-large\"><img loading=\"lazy\" decoding=\"async\" width=\"1024\" height=\"683\" src=\"https:\/\/www.czechcyclingfederation.com\/wp-content\/uploads\/2025\/05\/ZM_foto_ilustrace_02-1024x683.jpg\" alt=\"\" class=\"wp-image-35773\" srcset=\"https:\/\/www.czechcyclingfederation.com\/wp-content\/uploads\/2025\/05\/ZM_foto_ilustrace_02-1024x683.jpg 1024w, https:\/\/www.czechcyclingfederation.com\/wp-content\/uploads\/2025\/05\/ZM_foto_ilustrace_02-300x200.jpg 300w, https:\/\/www.czechcyclingfederation.com\/wp-content\/uploads\/2025\/05\/ZM_foto_ilustrace_02-768x513.jpg 768w, https:\/\/www.czechcyclingfederation.com\/wp-content\/uploads\/2025\/05\/ZM_foto_ilustrace_02-1536x1025.jpg 1536w, https:\/\/www.czechcyclingfederation.com\/wp-content\/uploads\/2025\/05\/ZM_foto_ilustrace_02-1320x881.jpg 1320w, https:\/\/www.czechcyclingfederation.com\/wp-content\/uploads\/2025\/05\/ZM_foto_ilustrace_02.jpg 1771w\" sizes=\"auto, (max-width: 1024px) 100vw, 1024px\" \/><\/figure>\n\n\n\n<p>Leto\u0161n\u00ed ro\u010dn\u00edk z\u00e1vodu se oproti lo\u0148sku m\u00edrn\u011b li\u0161\u00ed, p\u0159esto se peloton p\u0159edstav\u00ed i na zn\u00e1m\u00fdch m\u00edstech. Hned \u00favodn\u00ed jezdeck\u00e1 etapa z Krnova do \u0160ternberka m\u011b\u0159\u00ed 168 km a v\u00fd\u0161kov\u00fdch metr\u016f \u010dek\u00e1 na cyklisty 2&nbsp;552. Druh\u00fd den se pojede stejn\u011b jako loni z Uni\u010dova do R\u00fdma\u0159ova, trasa je o 19 km krat\u0161\u00ed. T\u0159et\u00ed kr\u00e1lovsk\u00e1 etapa zavede peloton znovu na Dlouh\u00e9 Str\u00e1n\u011b, letos v\u0161ak ze Z\u00e1b\u0159ehu. Z\u00e1v\u011bre\u010dn\u00fd d\u00edl pak povede v opa\u010dn\u00e9m sm\u011bru ne\u017e loni \u2013 tentokr\u00e1t z Jesen\u00edku do \u0160umperku. Celkem peloton najede 566 km s kumulovan\u00fdm p\u0159ev\u00fd\u0161en\u00edm skoro 9&nbsp;500 metr\u016f.<\/p>\n\n\n\n<p>\u201ePeloton letos pojede tradi\u010dn\u00edmi m\u00edsty prost\u0159ednictv\u00edm nov\u011b navr\u017een\u00fdch etap. V\u00e1\u017e\u00edme si podpory m\u00edstn\u00edch samospr\u00e1v i cel\u00fdch kraj\u016f, proto\u017ee n\u00e1m v\u0161ichni hodn\u011b pom\u00e1haj\u00ed p\u0159ipravit tra\u0165 a zajistit absolutn\u011b bezpe\u010dn\u00fd z\u00e1vod, co\u017e je pro n\u00e1s mimo\u0159\u00e1dn\u011b d\u016fle\u017eit\u00e9. V\u011b\u0159\u00edme, \u017ee cyklisty p\u0159ijde podpo\u0159it co nejv\u00edc div\u00e1k\u016f. Z\u00e1rove\u0148 se zavazujeme, \u017ee dopravu omez\u00edme na dobu nezbytn\u011b nutnou,\u201c sl\u00edbil Leopold K\u00f6nig.<\/p>\n\n\n\n<figure class=\"wp-block-image size-large is-resized\"><img loading=\"lazy\" decoding=\"async\" width=\"1024\" height=\"683\" src=\"https:\/\/www.czechcyclingfederation.com\/wp-content\/uploads\/2025\/05\/ZM_foto_ilustrace_03-1024x683.jpg\" alt=\"\" class=\"wp-image-35776\" style=\"width:840px;height:auto\" srcset=\"https:\/\/www.czechcyclingfederation.com\/wp-content\/uploads\/2025\/05\/ZM_foto_ilustrace_03-1024x683.jpg 1024w, https:\/\/www.czechcyclingfederation.com\/wp-content\/uploads\/2025\/05\/ZM_foto_ilustrace_03-300x200.jpg 300w, https:\/\/www.czechcyclingfederation.com\/wp-content\/uploads\/2025\/05\/ZM_foto_ilustrace_03-768x512.jpg 768w, https:\/\/www.czechcyclingfederation.com\/wp-content\/uploads\/2025\/05\/ZM_foto_ilustrace_03-1536x1024.jpg 1536w, https:\/\/www.czechcyclingfederation.com\/wp-content\/uploads\/2025\/05\/ZM_foto_ilustrace_03-2048x1366.jpg 2048w, https:\/\/www.czechcyclingfederation.com\/wp-content\/uploads\/2025\/05\/ZM_foto_ilustrace_03-1320x880.jpg 1320w\" sizes=\"auto, (max-width: 1024px) 100vw, 1024px\" \/><\/figure>\n\n\n\n<p>Pavel Turek, Chief Officer of Global Partnerships spole\u010dnosti Allwyn, \u0159\u00edk\u00e1: \u201eV Allwynu jsme v\u017edy v\u011b\u0159ili v s\u00edlu sportu, kter\u00e1 m\u011bn\u00ed \u017eivoty k lep\u0161\u00edmu. Proto jsme nesm\u00edrn\u011b hrd\u00ed, \u017ee m\u016f\u017eeme i nad\u00e1le pokra\u010dovat v na\u0161\u00ed roli gener\u00e1ln\u00edho partnera Z\u00e1vodu m\u00edru pro rok 2025. Je to v\u00edc ne\u017e jen sportovn\u00ed sout\u011b\u017e \u2013 je to platforma pro posilov\u00e1n\u00ed p\u0159\u00e1telstv\u00ed, symbol odolnosti a spolupr\u00e1ce a odrazov\u00fd m\u016fstek pro mlad\u00e9 sportovce na nejvy\u0161\u0161\u00ed \u00farove\u0148 mezin\u00e1rodn\u00ed cyklistiky.\u201c<\/p>\n\n\n\n<p><strong>Nominace \u010cR:<\/strong>&nbsp;Tom\u00e1\u0161 P\u0159idal, Pavel \u0160ump\u00edk, V\u00e1clav Je\u017eek, Adam Bittman, Daniel Mr\u00e1z, \u0160t\u011bp\u00e1n Zah\u00e1lka.<\/p>\n\n\n\n<p><strong>Program Z\u00e1vodu m\u00edru U23&nbsp;\u2013 29. 5., 1. etapa: <\/strong>Krnov \u2013 \u0160ternberk (168 km), <strong>30. 5., 2. etapa<\/strong>: Uni\u010dov \u2013 R\u00fdma\u0159ov (149 km), <strong>31. 5., 3. etapa: <\/strong>Z\u00e1b\u0159eh \u2013 Dlouh\u00e9 str\u00e1n\u011b (131 km), <strong>1. 6., 4. etapa: <\/strong>Jesen\u00edk \u2013 \u0160umperk (116 km).<strong><\/strong><\/p>\n\n\n\n<p>Foto: ZM U23 a Filip Bezd\u011bk<\/p>\n","protected":false},"excerpt":{"rendered":"<p>S&nbsp;c\u00edlem poprat se o elitn\u00ed des\u00edtku celkov\u00e9ho po\u0159ad\u00ed jde na start 12. ro\u010dn\u00edku Z\u00e1vodu m\u00edru do 23 let \u010desk\u00e1 silni\u010dn\u00ed reprezentace. Z\u00e1vod za\u0159azen\u00fd do presti\u017en\u00edho podniku kalend\u00e1\u0159e Nations&#8217; Cup, se letos uskute\u010dn\u00ed od 29. kv\u011btna do 1. \u010dervna. Za \u010desk\u00fd t\u00fdm pojede i osmn\u00e1ctilet\u00fd Pavel \u0160ump\u00edk z&nbsp;development t\u00fdmu Picnic PostNL. V&nbsp;nominaci \u010desk\u00e9 reprezentace jsou d\u00e1le [&hellip;]<\/p>\n","protected":false},"author":30,"featured_media":31936,"comment_status":"closed","ping_status":"open","sticky":false,"template":"","format":"standard","meta":{"footnotes":""},"categories":[2,18,1],"tags":[11],"class_list":["post-35770","post","type-post","status-publish","format-standard","has-post-thumbnail","hentry","category-novinky","category-silnice","category-uncategorized-cs","tag-silnice"],"_links":{"self":[{"href":"https:\/\/www.czechcyclingfederation.com\/en\/wp-json\/wp\/v2\/posts\/35770","targetHints":{"allow":["GET"]}}],"collection":[{"href":"https:\/\/www.czechcyclingfederation.com\/en\/wp-json\/wp\/v2\/posts"}],"about":[{"href":"https:\/\/www.czechcyclingfederation.com\/en\/wp-json\/wp\/v2\/types\/post"}],"author":[{"embeddable":true,"href":"https:\/\/www.czechcyclingfederation.com\/en\/wp-json\/wp\/v2\/users\/30"}],"replies":[{"embeddable":true,"href":"https:\/\/www.czechcyclingfederation.com\/en\/wp-json\/wp\/v2\/comments?post=35770"}],"version-history":[{"count":5,"href":"https:\/\/www.czechcyclingfederation.com\/en\/wp-json\/wp\/v2\/posts\/35770\/revisions"}],"predecessor-version":[{"id":35779,"href":"https:\/\/www.czechcyclingfederation.com\/en\/wp-json\/wp\/v2\/posts\/35770\/revisions\/35779"}],"wp:featuredmedia":[{"embeddable":true,"href":"https:\/\/www.czechcyclingfederation.com\/en\/wp-json\/wp\/v2\/media\/31936"}],"wp:attachment":[{"href":"https:\/\/www.czechcyclingfederation.com\/en\/wp-json\/wp\/v2\/media?parent=35770"}],"wp:term":[{"taxonomy":"category","embeddable":true,"href":"https:\/\/www.czechcyclingfederation.com\/en\/wp-json\/wp\/v2\/categories?post=35770"},{"taxonomy":"post_tag","embeddable":true,"href":"https:\/\/www.czechcyclingfederation.com\/en\/wp-json\/wp\/v2\/tags?post=35770"}],"curies":[{"name":"wp","href":"https:\/\/api.w.org\/{rel}","templated":true}]}}