{"id":35760,"date":"2025-05-26T20:25:23","date_gmt":"2025-05-26T18:25:23","guid":{"rendered":"https:\/\/www.czechcyclingfederation.com\/?p=35760"},"modified":"2025-05-26T20:25:26","modified_gmt":"2025-05-26T18:25:26","slug":"pitak-5-na-sp-ve-svycarsku-rejzek-kralem-vrcharu","status":"publish","type":"post","link":"https:\/\/www.czechcyclingfederation.com\/en\/pitak-5-na-sp-ve-svycarsku-rejzek-kralem-vrcharu\/","title":{"rendered":"Pit\u00e1k 5. na SP ve \u0160v\u00fdcarsku, Rejzek kr\u00e1lem vrcha\u0159\u016f"},"content":{"rendered":"\n<p>Velmi dobrou formu uk\u00e1zala juniorsk\u00e1 silni\u010dn\u00ed reprezentace na 54. ro\u010dn\u00edku etapov\u00e9ho z\u00e1vodu Tour du Pays de Vaud ve \u0160v\u00fdcarsku za\u0159azen\u00e9ho do nejvy\u0161\u0161\u00ed kategorie 2.Ncup. L\u00eddr \u010desk\u00e9 sestavy <strong>Mat\u011bj Pit\u00e1k<\/strong> vybojoval kone\u010dn\u00e9 p\u00e1t\u00e9 m\u00edsto, <strong>Ji\u0159\u00ed Rejzek<\/strong> si dom\u016f p\u0159ivezl dres pro nejlep\u0161\u00edho vrcha\u0159e z\u00e1vodu. A <strong>Marek Stibl\u00edk<\/strong> skon\u010dil t\u011bsn\u011b druh\u00fd v&nbsp;sout\u011b\u017ei o nejlep\u0161\u00edho mlad\u00e9ho jezdce.<\/p>\n\n\n\n<p>Spolu s&nbsp;nimi startovali v&nbsp;reprezenta\u010dn\u00edm dresu je\u0161t\u011b <strong>Filip Nov\u00e1k, Jakub Za\u0148ka a \u0160imon Mat\u011bjek<\/strong>. <em>\u201eUr\u010dit\u011b se nem\u00e1me za co styd\u011bt. P\u00e1t\u00e9 m\u00edsto celkov\u011b, \u010dtvrt\u00e9 m\u00edsto v&nbsp;etap\u011b, dres vrcha\u0159e, Markovi chyb\u011bly k&nbsp;b\u00edl\u00e9mu dresu \u010dty\u0159i vte\u0159iny. Byli jsme vid\u011bt, jezdili jsme dob\u0159e jako t\u00fdm. Je vid\u011bt, \u017ee si za t\u00edm kluci jdou a je jen ot\u00e1zkou \u0161t\u011bst\u00ed, kdy p\u0159ijde n\u011bjak\u00e9 v\u00edt\u011bzstv\u00ed nebo um\u00edst\u011bn\u00ed na p\u00f3diu,\u201c <\/em>hodnotil mana\u017eer reprezentace junior\u016f <strong>Ji\u0159\u00ed Petru\u0161<\/strong>.<\/p>\n\n\n\n<figure class=\"wp-block-image size-large\"><img loading=\"lazy\" decoding=\"async\" width=\"1024\" height=\"681\" src=\"https:\/\/www.czechcyclingfederation.com\/wp-content\/uploads\/2025\/05\/juniori-svycarsko-2-1024x681.jpg\" alt=\"\" class=\"wp-image-35764\" srcset=\"https:\/\/www.czechcyclingfederation.com\/wp-content\/uploads\/2025\/05\/juniori-svycarsko-2-1024x681.jpg 1024w, https:\/\/www.czechcyclingfederation.com\/wp-content\/uploads\/2025\/05\/juniori-svycarsko-2-300x200.jpg 300w, https:\/\/www.czechcyclingfederation.com\/wp-content\/uploads\/2025\/05\/juniori-svycarsko-2-768x511.jpg 768w, https:\/\/www.czechcyclingfederation.com\/wp-content\/uploads\/2025\/05\/juniori-svycarsko-2-1536x1021.jpg 1536w, https:\/\/www.czechcyclingfederation.com\/wp-content\/uploads\/2025\/05\/juniori-svycarsko-2-2048x1362.jpg 2048w, https:\/\/www.czechcyclingfederation.com\/wp-content\/uploads\/2025\/05\/juniori-svycarsko-2-1320x878.jpg 1320w\" sizes=\"auto, (max-width: 1024px) 100vw, 1024px\" \/><\/figure>\n\n\n\n<p>Mat\u011bj Pit\u00e1k dok\u00e1zal, \u017ee u\u017e jeho jm\u00e9no Evropa dob\u0159e zn\u00e1 a state\u010dn\u011b se pere s&nbsp;rol\u00ed l\u00eddra. <em>\u201eNeboj\u00ed se, sna\u017e\u00ed se \u00fato\u010dit, t\u00fdm mu v\u011b\u0159\u00ed. Je to n\u00e1\u0161 nejlep\u0161\u00ed vrcha\u0159, te\u010f to jen potvrdil. U\u017e te\u010f po n\u011bm kouk\u00e1 \u0159ada zahrani\u010dn\u00edch development t\u00fdm\u016f a mysl\u00edm, \u017ee n\u011bkter\u00e9 u\u017e o n\u011bj projevily z\u00e1jem,\u201c<\/em> prozradil Petru\u0161.<\/p>\n\n\n\n<p>Z\u00e1vod za\u010dal t\u00fdmovou \u010dasovkou, v&nbsp;n\u00ed\u017e \u010ce\u0161i ztratili na 6. m\u00edst\u011b 8 vte\u0159in. <em>\u201eJeli jsme mezi prvn\u00edmi a m\u011bli jsme nejhor\u0161\u00ed podm\u00ednky. Po na\u0161em dojezdu p\u0159estalo pr\u0161et a sv\u00edtilo slun\u00ed\u010dko. Kdybychom jeli i my na suchu, ur\u010dit\u011b jsme mohli myslet na p\u00f3dium. Ale vzhledem k&nbsp;podm\u00ednk\u00e1m jsme museli b\u00fdt spokojeni, na t\u00e9 vod\u011b to kluci zvl\u00e1dli p\u011bkn\u011b,\u201c<\/em> \u0159ekl mana\u017eer.<\/p>\n\n\n\n<p>Dal\u0161\u00ed den byla etapa s&nbsp;dv\u011bma del\u0161\u00edmi stoup\u00e1n\u00edmi. <em>\u201ePoda\u0159ilo se n\u00e1m bal\u00edk zredukovat. Jirka Rejzek vyhr\u00e1l \u010dty\u0159i z&nbsp;p\u011bti vrcha\u0159sk\u00fdch pr\u00e9mi\u00ed a na posledn\u00ed byl druh\u00fd. Nakonec etapa skon\u010dila sprintem, kde byl nejlep\u0161\u00ed \u0160imon Mat\u011bjek jeden\u00e1ct\u00fd,\u201c <\/em>popsal Petru\u0161.<\/p>\n\n\n\n<figure class=\"wp-block-image size-large\"><img loading=\"lazy\" decoding=\"async\" width=\"1024\" height=\"686\" src=\"https:\/\/www.czechcyclingfederation.com\/wp-content\/uploads\/2025\/05\/juniori-34-1024x686.jpg\" alt=\"\" class=\"wp-image-35766\" srcset=\"https:\/\/www.czechcyclingfederation.com\/wp-content\/uploads\/2025\/05\/juniori-34-1024x686.jpg 1024w, https:\/\/www.czechcyclingfederation.com\/wp-content\/uploads\/2025\/05\/juniori-34-300x200.jpg 300w, https:\/\/www.czechcyclingfederation.com\/wp-content\/uploads\/2025\/05\/juniori-34-768x514.jpg 768w, https:\/\/www.czechcyclingfederation.com\/wp-content\/uploads\/2025\/05\/juniori-34-1536x1028.jpg 1536w, https:\/\/www.czechcyclingfederation.com\/wp-content\/uploads\/2025\/05\/juniori-34-2048x1371.jpg 2048w, https:\/\/www.czechcyclingfederation.com\/wp-content\/uploads\/2025\/05\/juniori-34-1320x884.jpg 1320w\" sizes=\"auto, (max-width: 1024px) 100vw, 1024px\" \/><\/figure>\n\n\n\n<p>V&nbsp;sobotn\u00ed etap\u011b \u0161el Rejzek ve snaze bodovat na vrcha\u0159sk\u00fdch pr\u00e9mi\u00edch do dvoj\u010dlenn\u00e9ho \u00faniku. <em>\u201ePosb\u00edral body na prvn\u00ed pr\u00e9mii a definitivn\u011b si pojistil dres vrcha\u0159e. Pak za nimi dosko\u010dilo \u0161est dal\u0161\u00edch lid\u00ed, bohu\u017eel bez na\u0161eho dal\u0161\u00edho zastoupen\u00ed. Ale kluci se nevzd\u00e1vali, cht\u011bli to za ka\u017edou cenu dojet, aby p\u0159ipravili co nejlep\u0161\u00ed pozici pro Mat\u011bje. To se povedlo t\u0159i a p\u016fl kilometru p\u0159ed c\u00edlem. Mat\u011bj skon\u010dil osm\u00fd a postoupil na pr\u016fb\u011b\u017en\u00e9 p\u00e1t\u00e9 m\u00edsto. Mrzelo ho, \u017ee z&nbsp;toho nevyt\u011b\u017eil bednu, ale nezlomilo ho to a v&nbsp;posledn\u00ed etap\u011b vybojoval kr\u00e1sn\u00e9 \u010dtvrt\u00e9 m\u00edsto. Uk\u00e1zal, \u017ee m\u00e1 formu,\u201c<\/em> dodal Petru\u0161.<\/p>\n\n\n\n<p>Dal\u0161\u00ed akc\u00ed pro juniorskou reprezentaci bude etapov\u00fd z\u00e1vod LVM Saarland Trofeo v&nbsp;N\u011bmecku od 19. \u010dervna.<\/p>\n\n\n\n<p><strong>V\u00fdsledky Tour du Pays de Vaud:<\/strong> 1. Louw Larsen (D\u00e1n.) 7:57:23, 2. Dijkman (Niz.) +5, 3. Stevenson (Austr.) +6, \u2026 <strong>5. Pit\u00e1k <\/strong>+8, <strong>15. Stibl\u00edk<\/strong> +28, <strong>32. F. Nov\u00e1k<\/strong> +3:48, <strong>33. Za\u0148ka<\/strong> +3:54, <strong>41. Mat\u011bjek<\/strong> +4:14, <strong>60. Rejzek<\/strong> +10:12.<\/p>\n\n\n\n<p>Foto: Filip Bezd\u011bk a archiv<\/p>\n","protected":false},"excerpt":{"rendered":"<p>Velmi dobrou formu uk\u00e1zala juniorsk\u00e1 silni\u010dn\u00ed reprezentace na 54. ro\u010dn\u00edku etapov\u00e9ho z\u00e1vodu Tour du Pays de Vaud ve \u0160v\u00fdcarsku za\u0159azen\u00e9ho do nejvy\u0161\u0161\u00ed kategorie 2.Ncup. L\u00eddr \u010desk\u00e9 sestavy Mat\u011bj Pit\u00e1k vybojoval kone\u010dn\u00e9 p\u00e1t\u00e9 m\u00edsto, Ji\u0159\u00ed Rejzek si dom\u016f p\u0159ivezl dres pro nejlep\u0161\u00edho vrcha\u0159e z\u00e1vodu. A Marek Stibl\u00edk skon\u010dil t\u011bsn\u011b druh\u00fd v&nbsp;sout\u011b\u017ei o nejlep\u0161\u00edho mlad\u00e9ho jezdce. Spolu [&hellip;]<\/p>\n","protected":false},"author":15,"featured_media":35761,"comment_status":"closed","ping_status":"open","sticky":false,"template":"","format":"standard","meta":{"footnotes":""},"categories":[2,18],"tags":[11],"class_list":["post-35760","post","type-post","status-publish","format-standard","has-post-thumbnail","hentry","category-novinky","category-silnice","tag-silnice"],"_links":{"self":[{"href":"https:\/\/www.czechcyclingfederation.com\/en\/wp-json\/wp\/v2\/posts\/35760","targetHints":{"allow":["GET"]}}],"collection":[{"href":"https:\/\/www.czechcyclingfederation.com\/en\/wp-json\/wp\/v2\/posts"}],"about":[{"href":"https:\/\/www.czechcyclingfederation.com\/en\/wp-json\/wp\/v2\/types\/post"}],"author":[{"embeddable":true,"href":"https:\/\/www.czechcyclingfederation.com\/en\/wp-json\/wp\/v2\/users\/15"}],"replies":[{"embeddable":true,"href":"https:\/\/www.czechcyclingfederation.com\/en\/wp-json\/wp\/v2\/comments?post=35760"}],"version-history":[{"count":2,"href":"https:\/\/www.czechcyclingfederation.com\/en\/wp-json\/wp\/v2\/posts\/35760\/revisions"}],"predecessor-version":[{"id":35768,"href":"https:\/\/www.czechcyclingfederation.com\/en\/wp-json\/wp\/v2\/posts\/35760\/revisions\/35768"}],"wp:featuredmedia":[{"embeddable":true,"href":"https:\/\/www.czechcyclingfederation.com\/en\/wp-json\/wp\/v2\/media\/35761"}],"wp:attachment":[{"href":"https:\/\/www.czechcyclingfederation.com\/en\/wp-json\/wp\/v2\/media?parent=35760"}],"wp:term":[{"taxonomy":"category","embeddable":true,"href":"https:\/\/www.czechcyclingfederation.com\/en\/wp-json\/wp\/v2\/categories?post=35760"},{"taxonomy":"post_tag","embeddable":true,"href":"https:\/\/www.czechcyclingfederation.com\/en\/wp-json\/wp\/v2\/tags?post=35760"}],"curies":[{"name":"wp","href":"https:\/\/api.w.org\/{rel}","templated":true}]}}