{"id":35752,"date":"2025-05-26T13:48:42","date_gmt":"2025-05-26T11:48:42","guid":{"rendered":"https:\/\/www.czechcyclingfederation.com\/?p=35752"},"modified":"2025-05-26T20:18:31","modified_gmt":"2025-05-26T18:18:31","slug":"ceskemu-poharu-mladeze-na-draze-vladli-jezdci-tufo-pardus-prostejov","status":"publish","type":"post","link":"https:\/\/www.czechcyclingfederation.com\/en\/ceskemu-poharu-mladeze-na-draze-vladli-jezdci-tufo-pardus-prostejov\/","title":{"rendered":"\u010cesk\u00e9mu poh\u00e1ru ml\u00e1de\u017ee na dr\u00e1ze vl\u00e1dli jezdci Tufo Pardus Prost\u011bjov"},"content":{"rendered":"\n<p>Dal\u0161\u00edmu d\u00edlu \u010cesk\u00e9ho poh\u00e1r ml\u00e1de\u017ee na dr\u00e1ze, kter\u00fdm byla Velk\u00e1 Cena DT &#8211; V\u00fdhybk\u00e1rna a stroj\u00edrna a.s. na velodromu v\u00a0Prost\u011bjov\u011b, vl\u00e1dli nejv\u00edce dom\u00e1c\u00ed z\u00e1vodn\u00edci celku Tufo Pardus Prost\u011bjov. Junio\u0159i tohoto t\u00fdmu Tom\u00e1\u0161 Vr\u00e1na a Nikola Jaro\u0161 st\u00e1li ve v\u0161ech z\u00e1vodech, do nich\u017e nastoupili, na stupn\u00edch v\u00edt\u011bz\u016f, pouze jednou chyb\u011bl Albert Rauschert, kter\u00fd byl ve vylu\u010dovac\u00edm z\u00e1vodu p\u00e1t\u00fd.<\/p>\n\n\n\n<figure class=\"wp-block-image size-large\"><img loading=\"lazy\" decoding=\"async\" width=\"1024\" height=\"768\" src=\"http:\/\/www.czechcyclingfederation.com\/wp-content\/uploads\/2025\/05\/20240717-prostejovw-072-1024x768.jpg\" alt=\"\" class=\"wp-image-35755\" srcset=\"https:\/\/www.czechcyclingfederation.com\/wp-content\/uploads\/2025\/05\/20240717-prostejovw-072-1024x768.jpg 1024w, https:\/\/www.czechcyclingfederation.com\/wp-content\/uploads\/2025\/05\/20240717-prostejovw-072-267x200.jpg 267w, https:\/\/www.czechcyclingfederation.com\/wp-content\/uploads\/2025\/05\/20240717-prostejovw-072-768x576.jpg 768w, https:\/\/www.czechcyclingfederation.com\/wp-content\/uploads\/2025\/05\/20240717-prostejovw-072-1536x1152.jpg 1536w, https:\/\/www.czechcyclingfederation.com\/wp-content\/uploads\/2025\/05\/20240717-prostejovw-072-1320x990.jpg 1320w, https:\/\/www.czechcyclingfederation.com\/wp-content\/uploads\/2025\/05\/20240717-prostejovw-072.jpg 2048w\" sizes=\"auto, (max-width: 1024px) 100vw, 1024px\" \/><\/figure>\n\n\n\n<p>V\u00fdsledky:<\/p>\n\n\n\n<p>St\u00edhac\u00ed z\u00e1vod:<\/p>\n\n\n\n<p>Mlad\u0161\u00ed \u017e\u00e1kyn\u011b, star\u0161\u00ed \u017e\u00e1kyn\u011b, mlad\u0161\u00ed \u017e\u00e1ci, kadetky:<\/p>\n\n\n\n<p>1. Fr\u00f6lichov\u00e1 (Open Cycling Academy) 3:07,800, 2. Savels 3:08,26, 3. Prnkov\u00e1 (ob\u011b Sportcomplex B\u0159eclav) 3:10,189.<\/p>\n\n\n\n<p>Kadeti:<\/p>\n\n\n\n<p>1. Kani\u0161\u010dev (Tufo Pardus Prost\u011bjov) 2:36,603, 2. Kala\u0161 2:37,262, 3. Be\u010dka (oba TJ Stadion Louny) 2:40,748.<\/p>\n\n\n\n<p>Junio\u0159i:<\/p>\n\n\n\n<p>Fin\u00e1le: Vr\u00e1na 3:38,250 &#8211; Rauschert 3:47,369, o 3. m\u00edsto: Jaro\u0161 (v\u0161ichni Tufo Pardus Prost\u011bjov) 3:17,860, 4. Va\u0161ina (TJ Favorit Brno) dojet.<\/p>\n\n\n\n<p>Vyu\u010dovac\u00ed z\u00e1vod:<\/p>\n\n\n\n<p>Mlad\u0161\u00ed \u017e\u00e1ci a \u017e\u00e1kyn\u011b:<\/p>\n\n\n\n<p>1. Fr\u00f6lichov\u00e1, 2. Savels, 3. Prnkov\u00e1.<\/p>\n\n\n\n<p>Kadeti a juniorky:<\/p>\n\n\n\n<p>1. Kani\u0161\u010dev, 2. Hasal (TJ Dukla Praha), 3. Be\u010dka.<\/p>\n\n\n\n<p>Junio\u0159i a \u017eeny:<\/p>\n\n\n\n<p>1. Jaro\u0161, 2. Vr\u00e1na, 3. \u0160enold (TJ Stadion Louny), 4. Sou\u010dek (TJ Dukla Praha), 5. Rauschert, 6. Mokr\u00fd (TJ Favorit Brno).<\/p>\n\n\n\n<p>Bodovac\u00ed z\u00e1vod:<\/p>\n\n\n\n<p>Mlad\u0161\u00ed \u017e\u00e1ci a \u017e\u00e1kyn\u011b:<\/p>\n\n\n\n<p>1. Icha (TJ Dukla Praha) 12, 2. Fr\u00f6lichov\u00e1 12, 3. Kar\u00e1skov\u00e1 (Open Cycling Academy) 11.<\/p>\n\n\n\n<p>Kadeti a juniorky:<\/p>\n\n\n\n<p>1. Brad\u00e1\u010d (TJ Dukla Praha) 18, 2. Kani\u0161\u010dev 16, 3. Dr\u00e1bek (TJ Dukla Praha) 12.<\/p>\n\n\n\n<p>Junio\u0159i a \u017eeny:<\/p>\n\n\n\n<p>1. Vr\u00e1na 67, 2. Rauschert 48, 3. Jaro\u0161 42, 4. Bittner (Tufo Pardus Prost\u011bjov) 16, 4. \u0160enold 13, 6. Va\u0161ina 6.<\/p>\n\n\n\n<p>2. den:<\/p>\n\n\n\n<p>Vylu\u010dovac\u00ed z\u00e1vod:<\/p>\n\n\n\n<p>Mlad\u0161\u00ed \u017e\u00e1ci a \u017e\u00e1kyn\u011b:<\/p>\n\n\n\n<p>1. Prnkov\u00e1, 2. Jadrn\u00e1 (Sportcomplex B\u0159eclav), 3. Kar\u00e1skov\u00e1.<\/p>\n\n\n\n<p>St\u00edhac\u00ed z\u00e1vod dru\u017estev:<\/p>\n\n\n\n<p>Kadeti:<\/p>\n\n\n\n<p>1. TJ Dukla Praha (Brad\u00e1\u010d, Dr\u00e1bek, Durdil, Hasal) 3:38,690, 2. Tufo Pardus Prost\u011bjov (Kani\u0161\u010dev, Ne\u010dada, Drcm\u00e1nek, Dedek) 3:39,580, 3. TJ Stgadion Louny (Be\u010dka, Nejedl\u00fd, Kala\u0161, Man\u011bna) 3:43,185.<\/p>\n\n\n\n<p>Junio\u0159i:<\/p>\n\n\n\n<p>Fin\u00e1le: Tufo Pardus Prost\u011bjov (Vr\u00e1na, Rauschert, Jaro\u0161, Hynek, Bittner) 4:15,729 &#8211; TJ Dukla Praha (Sou\u010dek, \u0160enold, Strakat\u00fd, Knotek) dojeti, 3. TJ Favorit Brno (Va\u0161ina, Mokr\u00fd, Bran\u010d, Borovec) 5:00,944.<\/p>\n\n\n\n<p>D\u00e1nsk\u00e1 bodova\u010dka:<\/p>\n\n\n\n<p>Mlad\u0161\u00ed \u017e\u00e1ci a \u017e\u00e1kyn\u011b:<\/p>\n\n\n\n<p>1. Fr\u00f6lichov\u00e1, 2. Prnkov\u00e1, 3. Kar\u00e1skov\u00e1.<\/p>\n\n\n\n<p>Bodovac\u00ed z\u00e1vod:<\/p>\n\n\n\n<p>Mlad\u0161\u00ed \u017e\u00e1ci a \u017e\u00e1kyn\u011b:<\/p>\n\n\n\n<p>1. Hor\u00e1lkov\u00e1 (Country Team) 19, 2. Hl\u016f\u017ee (TJ Dukla Praha) 17, 3. Steinbauerov\u00e1 (Sportcomplex B\u0159eclav) 10.<\/p>\n\n\n\n<p>Madison:<\/p>\n\n\n\n<p>\u017d\u00e1kyn\u011b:<\/p>\n\n\n\n<p>1. Fr\u00f6lichov\u00e1, Prnkov\u00e1 25, 2. Savels, Jadrn\u00e1 15, 3. Kar\u00e1skov\u00e1, Kongllov\u00e1 (Open Cycling Academy\/Sportcomplex B\u0159eclav) 10.<\/p>\n\n\n\n<p>Kadeti a \u017eeny:<\/p>\n\n\n\n<p>1. Hasal, Brad\u00e1\u010d 34, 2. Kala\u0161, Be\u010dka 23, 3. Drcm\u00e1nek, Ne\u010dada 23.<\/p>\n\n\n\n<p>Junio\u0159i:<\/p>\n\n\n\n<p>1. Vr\u00e1na, Rauschert 58, 2. Jaro\u0161, Bittner -15, 3. Va\u0161ina, Mokr\u00fd -48.<\/p>\n","protected":false},"excerpt":{"rendered":"<p>Dal\u0161\u00edmu d\u00edlu \u010cesk\u00e9ho poh\u00e1r ml\u00e1de\u017ee na dr\u00e1ze, kter\u00fdm byla Velk\u00e1 Cena DT &#8211; V\u00fdhybk\u00e1rna a stroj\u00edrna a.s. na velodromu v\u00a0Prost\u011bjov\u011b, vl\u00e1dli nejv\u00edce dom\u00e1c\u00ed z\u00e1vodn\u00edci celku Tufo Pardus Prost\u011bjov. Junio\u0159i tohoto t\u00fdmu Tom\u00e1\u0161 Vr\u00e1na a Nikola Jaro\u0161 st\u00e1li ve v\u0161ech z\u00e1vodech, do nich\u017e nastoupili, na stupn\u00edch v\u00edt\u011bz\u016f, pouze jednou chyb\u011bl Albert Rauschert, kter\u00fd byl ve vylu\u010dovac\u00edm [&hellip;]<\/p>\n","protected":false},"author":8,"featured_media":35753,"comment_status":"closed","ping_status":"open","sticky":false,"template":"","format":"standard","meta":{"footnotes":""},"categories":[54,2],"tags":[9],"class_list":["post-35752","post","type-post","status-publish","format-standard","has-post-thumbnail","hentry","category-draha","category-novinky","tag-draha"],"_links":{"self":[{"href":"https:\/\/www.czechcyclingfederation.com\/en\/wp-json\/wp\/v2\/posts\/35752","targetHints":{"allow":["GET"]}}],"collection":[{"href":"https:\/\/www.czechcyclingfederation.com\/en\/wp-json\/wp\/v2\/posts"}],"about":[{"href":"https:\/\/www.czechcyclingfederation.com\/en\/wp-json\/wp\/v2\/types\/post"}],"author":[{"embeddable":true,"href":"https:\/\/www.czechcyclingfederation.com\/en\/wp-json\/wp\/v2\/users\/8"}],"replies":[{"embeddable":true,"href":"https:\/\/www.czechcyclingfederation.com\/en\/wp-json\/wp\/v2\/comments?post=35752"}],"version-history":[{"count":2,"href":"https:\/\/www.czechcyclingfederation.com\/en\/wp-json\/wp\/v2\/posts\/35752\/revisions"}],"predecessor-version":[{"id":35759,"href":"https:\/\/www.czechcyclingfederation.com\/en\/wp-json\/wp\/v2\/posts\/35752\/revisions\/35759"}],"wp:featuredmedia":[{"embeddable":true,"href":"https:\/\/www.czechcyclingfederation.com\/en\/wp-json\/wp\/v2\/media\/35753"}],"wp:attachment":[{"href":"https:\/\/www.czechcyclingfederation.com\/en\/wp-json\/wp\/v2\/media?parent=35752"}],"wp:term":[{"taxonomy":"category","embeddable":true,"href":"https:\/\/www.czechcyclingfederation.com\/en\/wp-json\/wp\/v2\/categories?post=35752"},{"taxonomy":"post_tag","embeddable":true,"href":"https:\/\/www.czechcyclingfederation.com\/en\/wp-json\/wp\/v2\/tags?post=35752"}],"curies":[{"name":"wp","href":"https:\/\/api.w.org\/{rel}","templated":true}]}}