{"id":35748,"date":"2025-05-26T11:08:47","date_gmt":"2025-05-26T09:08:47","guid":{"rendered":"https:\/\/www.czechcyclingfederation.com\/?p=35748"},"modified":"2025-05-26T11:08:49","modified_gmt":"2025-05-26T09:08:49","slug":"ve-tretim-kole-skoda-extraligy-zvitezil-domaci-zlin","status":"publish","type":"post","link":"https:\/\/www.czechcyclingfederation.com\/en\/ve-tretim-kole-skoda-extraligy-zvitezil-domaci-zlin\/","title":{"rendered":"Ve t\u0159et\u00edm kole \u0160koda Extraligy zv\u00edt\u011bzil dom\u00e1c\u00ed Zl\u00edn"},"content":{"rendered":"\n<p>T\u0159et\u00ed ze \u010dty\u0159 sout\u011b\u017en\u00edch kol nejvy\u0161\u0161\u00ed \u010desk\u00e9 sout\u011b\u017ee v kolov\u00e9 hostil v sobotu 24. kv\u011btna Zl\u00edn. \u0160koda Extraliga t\u00edmto t\u0159et\u00edm kolem zakon\u010dila svoji jarn\u00ed \u010d\u00e1st a nyn\u00ed \u010dek\u00e1 hr\u00e1\u010de letn\u00ed sout\u011b\u017en\u00ed p\u0159est\u00e1vka. Pokra\u010dovat se bude posledn\u00edm \u010dtvrt\u00fdm kolem, kter\u00e9 se bude konat na konci z\u00e1\u0159\u00ed v Nezamyslic\u00edch. Sou\u010det bod\u016f pak rozhodne o \u010dty\u0159ech t\u00fdmech startuj\u00edc\u00edch na mistrovstv\u00ed \u010cR a paraleln\u011b s t\u00edm tak\u00e9 bude jasn\u011bji v nomina\u010dn\u00ed sout\u011b\u017ei na leto\u0161n\u00ed mistrovstv\u00ed sv\u011bta. P\u0159ed t\u0159et\u00edm kolem byly v \u010dele tabulky hned t\u0159i t\u00fdmy s t\u00e9m\u011b\u0159 shodn\u00fdm po\u010dtem bod\u016f. T\u0159et\u00ed kolo ale rozhodlo o po\u0159ad\u00ed na prvn\u00edch t\u0159ech m\u00edstech v pr\u016fb\u011b\u017en\u00e9m po\u0159ad\u00ed.&nbsp;<\/p>\n\n\n\n<figure class=\"wp-block-image\"><img decoding=\"async\" src=\"https:\/\/ceskakolova.cz\/wp-content\/uploads\/2025\/05\/N62_0980-1024x682.jpg\" alt=\"\" class=\"wp-image-10638\"\/><\/figure>\n\n\n\n<p><br>Nejl\u00e9pe zvl\u00e1dli t\u0159et\u00ed kolo dom\u00e1c\u00ed hr\u00e1\u010di hraj\u00edc\u00ed za t\u00fdm<strong>&nbsp;Sokol Zl\u00edn 1<\/strong>&nbsp;( Radek Adam \/ Tom\u00e1\u0161 Hor\u00e1k ) kte\u0159\u00ed z\u00edskali 15 bod\u016f za p\u011bt v\u00edt\u011bzstv\u00ed. Body ztratila zl\u00ednsk\u00e1 dvojice pouze v jednom utk\u00e1n\u00ed, kdy\u017e prohr\u00e1la s MO Svit\u00e1vkou. I p\u0159esto ale vysok\u00fd bodov\u00fd p\u0159\u00edd\u011bl znamen\u00e1 odsko\u010den\u00ed Zl\u00edna na prvn\u00edm m\u00edst\u011b v kvalifikaci pro M\u010cR i v nominaci na mistrovstv\u00ed sv\u011bta.&nbsp;<br><br>Na druh\u00e9m m\u00edst\u011b se tentokr\u00e1t um\u00edstil t\u00fdm&nbsp;<strong>MO Svit\u00e1vky<\/strong>&nbsp;( Ji\u0159\u00ed Hrdli\u010dka ml. \/ Roman Stan\u011bk ) kter\u00fd po zran\u011bn\u00ed a improvizaci na druh\u00e9m sout\u011b\u017en\u00edm kole op\u011bt nastoupil v p\u016fvodn\u00edm slo\u017een\u00ed. Hr\u00e1\u010di Svit\u00e1vky z\u00edskali v \u0161esti utk\u00e1n\u00edch \u010dty\u0159i v\u00fdhry a celkem tedy 12 bod\u016f. Po konci jarn\u00ed \u010d\u00e1sti sez\u00f3ny dr\u017e\u00ed celkov\u00e9 \u010dtvrt\u00e9 m\u00edsto na kter\u00e9m si vypracovali m\u00edrn\u00fd n\u00e1skok.&nbsp;<br><br>Na m\u00edst\u011b t\u0159et\u00edm pak skon\u010dil stejn\u011b jako ve druh\u00e9m sout\u011b\u017en\u00edm kole t\u00fdm&nbsp;<strong>Favoritu Brno<\/strong>&nbsp;( Robert Zvol\u00e1nek \/ Ludv\u00edk P\u00edsek ). I brn\u011bnsk\u00e1 dvojice z\u00edskala v turnaji 12 bod\u016f, kdy\u017e \u010dty\u0159ikr\u00e1t zv\u00edt\u011bzila a dvakr\u00e1t prohr\u00e1la. O um\u00edst\u011bn\u00ed na druh\u00e9m a t\u0159et\u00edm m\u00edst\u011b rozhodoval brankov\u00fd rozd\u00edl. Po se\u010dten\u00ed bod\u016f v\u0161ak Brno dr\u017e\u00ed st\u00e1le druhou p\u0159\u00ed\u010dku v obou kvalifika\u010dn\u00edch tabulk\u00e1ch.&nbsp;<\/p>\n\n\n\n<figure class=\"wp-block-image\"><img decoding=\"async\" src=\"https:\/\/ceskakolova.cz\/wp-content\/uploads\/2025\/05\/N62_1057-1024x682.jpg\" alt=\"\" class=\"wp-image-10639\"\/><\/figure>\n\n\n\n<p><br>V\u00edt\u011bz druh\u00e9ho kola, t\u00fdm&nbsp;<strong>SC Svit\u00e1vky<\/strong>&nbsp;( Ji\u0159\u00ed Hrdli\u010dka \/ Jan Kripner ) tentokr\u00e1t skon\u010dil se ziskem 9 bod\u016f za t\u0159i v\u00fdhry na \u010dtvrt\u00e9m m\u00edst\u011b. V pr\u016fb\u011b\u017en\u00e9m po\u0159ad\u00ed tak ztratil body na druh\u00e9 Brno pouze v nominaci na mistrovstv\u00ed sv\u011bta a pr\u016fb\u011b\u017en\u011b mu pat\u0159\u00ed st\u00e1le t\u0159et\u00ed m\u00edsto. O kone\u010dn\u00e9m po\u0159ad\u00ed \u0160koda Extraligy na prvn\u00edch t\u0159ech m\u00edstech tak rozhodne a\u017e posledn\u00ed sout\u011b\u017en\u00ed kolo.&nbsp;<\/p>\n\n\n\n<p>Na p\u00e1t\u00e9m m\u00edst\u011b skon\u010dil na t\u0159et\u00edm turnaji leto\u0161n\u00ed sez\u00f3ny t\u00fdm&nbsp;<strong>Sokola \u0160itbo\u0159ice<\/strong>&nbsp;( Jan Havl\u00ed\u010dek \/ Martin Drab\u00e1lek ) , kter\u00fd z\u00edskal tak\u00e9 9 bod\u016f za t\u0159i v\u00fdhry. T\u00edmto bodov\u00fdm ziskem upevnil svoje m\u00edsto na pr\u016fb\u011b\u017en\u00e9 p\u00e1t\u00e9 p\u0159\u00ed\u010dce s celkov\u00fdm po\u010dtem 21 bod\u016f.&nbsp;<br>Toto um\u00edst\u011bn\u00ed h\u00e1j\u00ed p\u0159ed dvojic\u00ed hraj\u00edc\u00ed za t\u00fdm&nbsp;<strong>SC Prima Nezamyslice<\/strong>&nbsp;( Petr a Martin P\u0159ikrylovi ). Tento t\u00fdm z\u00edskal na t\u0159et\u00edm kole pouze 6 bod\u016f za dv\u011b v\u00fdhry a v kone\u010dn\u00e9m sou\u010dtu m\u00e1 na kont\u011b po t\u0159ech turnaj\u00edch 17 bod\u016f a je na pr\u016fb\u011b\u017en\u00e9m \u0161est\u00e9m m\u00edst\u011b.&nbsp;<br>Posledn\u00ed sedm\u00e9 m\u00edsto v turnaji obsadil druh\u00fd dom\u00e1c\u00ed t\u00fdm&nbsp;<strong>Sokola Zl\u00edn 2<\/strong>&nbsp;( Jan Krej\u010d\u00ed \/ Radim Vavru\u0161a ) , kter\u00fd hr\u00e1l zat\u00edm na ka\u017ed\u00e9m sout\u011b\u017en\u00edm kole v jin\u00e9m slo\u017een\u00ed. Bodoval v\u0161ak pouze na prvn\u00edm turnaji a s pouh\u00fdmi 3 body v pr\u016fb\u011b\u017en\u00e9m po\u0159ad\u00ed je ji\u017e nyn\u00ed jasn\u00e9, \u017ee t\u00fdm z nejvy\u0161\u0161\u00ed sout\u011b\u017ee pro dal\u0161\u00ed rok sestoup\u00ed.&nbsp;<\/p>\n\n\n\n<figure class=\"wp-block-image\"><img decoding=\"async\" src=\"https:\/\/ceskakolova.cz\/wp-content\/uploads\/2025\/05\/N62_0965-1024x682.jpg\" alt=\"\" class=\"wp-image-10640\"\/><\/figure>\n\n\n\n<p><br>Posledn\u00ed , \u010dtvrt\u00e9 kolo , se uskute\u010dn\u00ed 27. z\u00e1\u0159\u00ed v Nezamyslic\u00edch. Do fin\u00e1lov\u00e9ho turnaje M\u010cR postoup\u00ed \u010dty\u0159i t\u00fdmy a dva t\u00fdmy na \u0161est\u00e9m a sedm\u00e9m m\u00edst\u011b pro p\u0159\u00ed\u0161t\u00ed sez\u00f3nu sestoup\u00ed do I. ligy.&nbsp;<\/p>\n\n\n\n<p>Pr\u016fb\u011b\u017en\u00e9 po\u0159ad\u00ed po 3 odehran\u00fdch kolech :&nbsp;<\/p>\n\n\n\n<figure class=\"wp-block-image\"><img decoding=\"async\" src=\"https:\/\/ceskakolova.cz\/wp-content\/uploads\/2025\/05\/prubezne-poradi.png\" alt=\"\" class=\"wp-image-10647\"\/><\/figure>\n","protected":false},"excerpt":{"rendered":"<p>T\u0159et\u00ed ze \u010dty\u0159 sout\u011b\u017en\u00edch kol nejvy\u0161\u0161\u00ed \u010desk\u00e9 sout\u011b\u017ee v kolov\u00e9 hostil v sobotu 24. kv\u011btna Zl\u00edn. \u0160koda Extraliga t\u00edmto t\u0159et\u00edm kolem zakon\u010dila svoji jarn\u00ed \u010d\u00e1st a nyn\u00ed \u010dek\u00e1 hr\u00e1\u010de letn\u00ed sout\u011b\u017en\u00ed p\u0159est\u00e1vka. Pokra\u010dovat se bude posledn\u00edm \u010dtvrt\u00fdm kolem, kter\u00e9 se bude konat na konci z\u00e1\u0159\u00ed v Nezamyslic\u00edch. Sou\u010det bod\u016f pak rozhodne o \u010dty\u0159ech t\u00fdmech startuj\u00edc\u00edch [&hellip;]<\/p>\n","protected":false},"author":1,"featured_media":35749,"comment_status":"closed","ping_status":"open","sticky":false,"template":"","format":"standard","meta":{"footnotes":""},"categories":[2,60],"tags":[61],"class_list":["post-35748","post","type-post","status-publish","format-standard","has-post-thumbnail","hentry","category-novinky","category-salovka","tag-salovka"],"_links":{"self":[{"href":"https:\/\/www.czechcyclingfederation.com\/en\/wp-json\/wp\/v2\/posts\/35748","targetHints":{"allow":["GET"]}}],"collection":[{"href":"https:\/\/www.czechcyclingfederation.com\/en\/wp-json\/wp\/v2\/posts"}],"about":[{"href":"https:\/\/www.czechcyclingfederation.com\/en\/wp-json\/wp\/v2\/types\/post"}],"author":[{"embeddable":true,"href":"https:\/\/www.czechcyclingfederation.com\/en\/wp-json\/wp\/v2\/users\/1"}],"replies":[{"embeddable":true,"href":"https:\/\/www.czechcyclingfederation.com\/en\/wp-json\/wp\/v2\/comments?post=35748"}],"version-history":[{"count":1,"href":"https:\/\/www.czechcyclingfederation.com\/en\/wp-json\/wp\/v2\/posts\/35748\/revisions"}],"predecessor-version":[{"id":35751,"href":"https:\/\/www.czechcyclingfederation.com\/en\/wp-json\/wp\/v2\/posts\/35748\/revisions\/35751"}],"wp:featuredmedia":[{"embeddable":true,"href":"https:\/\/www.czechcyclingfederation.com\/en\/wp-json\/wp\/v2\/media\/35749"}],"wp:attachment":[{"href":"https:\/\/www.czechcyclingfederation.com\/en\/wp-json\/wp\/v2\/media?parent=35748"}],"wp:term":[{"taxonomy":"category","embeddable":true,"href":"https:\/\/www.czechcyclingfederation.com\/en\/wp-json\/wp\/v2\/categories?post=35748"},{"taxonomy":"post_tag","embeddable":true,"href":"https:\/\/www.czechcyclingfederation.com\/en\/wp-json\/wp\/v2\/tags?post=35748"}],"curies":[{"name":"wp","href":"https:\/\/api.w.org\/{rel}","templated":true}]}}