{"id":35730,"date":"2025-05-25T19:34:24","date_gmt":"2025-05-25T17:34:24","guid":{"rendered":"https:\/\/www.czechcyclingfederation.com\/?p=35730"},"modified":"2025-05-25T19:43:47","modified_gmt":"2025-05-25T17:43:47","slug":"cink-v-nmnm-sestnacty-spesna-v-u23-jedenacta","status":"publish","type":"post","link":"https:\/\/www.czechcyclingfederation.com\/en\/cink-v-nmnm-sestnacty-spesna-v-u23-jedenacta\/","title":{"rendered":"Cink v NMNM \u0161estn\u00e1ct\u00fd, Sp\u011b\u0161n\u00e1 v U23 jeden\u00e1ct\u00e1"},"content":{"rendered":"\n<p><strong>Ond\u0159ej Cink na dom\u00e1c\u00edm z\u00e1vod\u011b Sv\u011btov\u00e9ho poh\u00e1ru v olympijsk\u00e9m cross country v Nov\u00e9m M\u011bst\u011b na Morav\u011b obsadil 16. m\u00edsto. Nejlep\u0161\u00ed \u010deskou z\u00e1vodnic\u00ed v kategorii Elite byla Ad\u00e9la Holubov\u00e1 na 33. m\u00edst\u011b. V kategorii \u017een do t\u0159iadvaceti let se na 11. m\u00edst\u011b um\u00edstila Simona Sp\u011b\u0161n\u00e1.<\/strong><\/p>\n\n\n\n<p>Ned\u011bln\u00ed program odstartovaly elitn\u00ed kategorie \u017een, kde se p\u0159edstavily Ad\u00e9la Holubov\u00e1 a Jitka \u010c\u00e1belick\u00e1.&nbsp;<\/p>\n\n\n\n<figure class=\"wp-block-image size-large\"><img loading=\"lazy\" decoding=\"async\" width=\"1024\" height=\"683\" src=\"https:\/\/www.czechcyclingfederation.com\/wp-content\/uploads\/2025\/05\/CR316937-1024x683.jpg\" alt=\"\" class=\"wp-image-35737\" srcset=\"https:\/\/www.czechcyclingfederation.com\/wp-content\/uploads\/2025\/05\/CR316937-1024x683.jpg 1024w, https:\/\/www.czechcyclingfederation.com\/wp-content\/uploads\/2025\/05\/CR316937-300x200.jpg 300w, https:\/\/www.czechcyclingfederation.com\/wp-content\/uploads\/2025\/05\/CR316937-768x512.jpg 768w, https:\/\/www.czechcyclingfederation.com\/wp-content\/uploads\/2025\/05\/CR316937-1536x1024.jpg 1536w, https:\/\/www.czechcyclingfederation.com\/wp-content\/uploads\/2025\/05\/CR316937-1320x880.jpg 1320w, https:\/\/www.czechcyclingfederation.com\/wp-content\/uploads\/2025\/05\/CR316937.jpg 2048w\" sizes=\"auto, (max-width: 1024px) 100vw, 1024px\" \/><\/figure>\n\n\n\n<p><em>\u201eZ\u00e1vod hodnot\u00edm pozitivn\u011b. V elit\u011b nev\u00edm nikdy, co \u010dekat, ale byli tady \u00fapln\u011b v\u0161ichni oproti Braz\u00edlii. Zajela jsem v\u00edcem\u00e9n\u011b stejn\u00fd v\u00fdsledek jako v Braz\u00edlii, tak\u017ee si mysl\u00edm, \u017ee par\u00e1da. Vid\u011bla jsem holky po\u0159\u00e1d p\u0159ed sebou, kter\u00e9 jsou dobr\u00e9, hodn\u011b dobr\u00e9, tak\u017ee bylo fajn tam jet s nimi,\u201c<\/em> okomentovala z\u00e1vod nejlep\u0161\u00ed \u010desk\u00e1 z\u00e1vodnice.<\/p>\n\n\n\n<p><em>\u201eJelo se mi par\u00e1dn\u011b. I v technice se mi zd\u00e1lo, \u017ee jsem n\u011bkter\u00fdm uj\u00ed\u017ed\u011bla, co\u017e se mi norm\u00e1ln\u011b nest\u00e1v\u00e1, tak\u017ee to je pro m\u011b velk\u00fd \u00fasp\u011bch,\u201c <\/em>doplnila Ad\u00e9la Holubov\u00e1.<\/p>\n\n\n\n<p>V mu\u017e\u00edch zajel dle o\u010dek\u00e1v\u00e1n\u00ed nejlep\u0161\u00ed v\u00fdsledek Ond\u0159ej Cink, kter\u00fd obsadil 16. p\u0159\u00ed\u010dku. Stejn\u011b jako v sobotn\u00edm short tracku zv\u00edt\u011bzil Ameri\u010dan Christopher Blevins.<\/p>\n\n\n\n<figure class=\"wp-block-image size-large\"><img loading=\"lazy\" decoding=\"async\" width=\"1024\" height=\"683\" src=\"https:\/\/www.czechcyclingfederation.com\/wp-content\/uploads\/2025\/05\/CR317915-1024x683.jpg\" alt=\"\" class=\"wp-image-35734\" srcset=\"https:\/\/www.czechcyclingfederation.com\/wp-content\/uploads\/2025\/05\/CR317915-1024x683.jpg 1024w, https:\/\/www.czechcyclingfederation.com\/wp-content\/uploads\/2025\/05\/CR317915-300x200.jpg 300w, https:\/\/www.czechcyclingfederation.com\/wp-content\/uploads\/2025\/05\/CR317915-768x512.jpg 768w, https:\/\/www.czechcyclingfederation.com\/wp-content\/uploads\/2025\/05\/CR317915-1536x1024.jpg 1536w, https:\/\/www.czechcyclingfederation.com\/wp-content\/uploads\/2025\/05\/CR317915-1320x880.jpg 1320w, https:\/\/www.czechcyclingfederation.com\/wp-content\/uploads\/2025\/05\/CR317915.jpg 2048w\" sizes=\"auto, (max-width: 1024px) 100vw, 1024px\" \/><\/figure>\n\n\n\n<p><em>\u201eJo, tak dneska to bylo hodn\u011b rychl\u00fd, hodn\u011b dynamick\u00fd. Start byl docela hektick\u00fd, ale poda\u0159ilo se mi chytnout dobrou skupinu a dr\u017eet se v kontaktu,\u201c <\/em>okomentoval stru\u010dn\u011b z\u00e1vod Ond\u0159ej Cink.<\/p>\n\n\n\n<p>Posledn\u00ed kola dok\u00e1zal v\u0161ak \u010desk\u00fd jezdec je\u0161t\u011b zrychlovat.<\/p>\n\n\n\n<p><em>\u201ePosledn\u00ed dv\u011b kola jsem m\u011bl dobr\u00fd nohy, tak jsem zkusil zatla\u010dit a p\u00e1r pozic je\u0161t\u011b z\u00edskal. Jelo se mi fakt dob\u0159e, tra\u0165 kr\u00e1sn\u011b p\u0159ipraven\u00e1, publikum skv\u011bl\u00fd jako v\u017edycky tady v Nov\u00e9m M\u011bst\u011b. V\u00fdsledek je pro m\u011b dobr\u00fd, konkurence byla obrovsk\u00e1, tak\u017ee m\u00e1m radost,\u201c <\/em>doplnil Ond\u0159ej Cink.<\/p>\n\n\n\n<p>Skv\u011bl\u00e9 11. m\u00edsto obsadila v kategorii do t\u0159iadvaceti let Simona Sp\u011b\u0161n\u00e1. Z\u00e1vod ovl\u00e1dla s n\u00e1skokem 17 vte\u0159in Ella Macphee z Kanady.<\/p>\n\n\n\n<figure class=\"wp-block-image size-large\"><img loading=\"lazy\" decoding=\"async\" width=\"1024\" height=\"683\" src=\"http:\/\/www.czechcyclingfederation.com\/wp-content\/uploads\/2025\/05\/CR319108-1-1024x683.jpg\" alt=\"\" class=\"wp-image-35739\" srcset=\"https:\/\/www.czechcyclingfederation.com\/wp-content\/uploads\/2025\/05\/CR319108-1-1024x683.jpg 1024w, https:\/\/www.czechcyclingfederation.com\/wp-content\/uploads\/2025\/05\/CR319108-1-300x200.jpg 300w, https:\/\/www.czechcyclingfederation.com\/wp-content\/uploads\/2025\/05\/CR319108-1-768x512.jpg 768w, https:\/\/www.czechcyclingfederation.com\/wp-content\/uploads\/2025\/05\/CR319108-1-1536x1024.jpg 1536w, https:\/\/www.czechcyclingfederation.com\/wp-content\/uploads\/2025\/05\/CR319108-1-1320x880.jpg 1320w, https:\/\/www.czechcyclingfederation.com\/wp-content\/uploads\/2025\/05\/CR319108-1.jpg 2048w\" sizes=\"auto, (max-width: 1024px) 100vw, 1024px\" \/><\/figure>\n\n\n\n<p><em>\u201eJsem hrozn\u011b r\u00e1da, \u017ee se mi to dneska povedlo, a \u017ee se potvrdilo, \u017ee i kdy\u017e to nen\u00ed sh\u016fry sez\u00f3ny, tak jsem schopn\u00e1 zajet 11. m\u00edsto na Sv\u011b\u0165\u00e1ku, tak\u017ee si mysl\u00edm, \u017ee m\u016f\u017eeme \u010dekat hezk\u00fd v\u011bci pak na t\u011bch z\u00e1vodech, na kter\u00fd se p\u0159ipravuju,\u201c \u0159<\/em>ekla po z\u00e1vod\u011b nejlep\u0161\u00ed \u010desk\u00e1 z\u00e1vodnice do t\u0159iadvaceti let a doplnila:<\/p>\n\n\n\n<p><em>\u201eV posledn\u00edm kole jsem za\u010dala chytat k\u0159e\u010de, co\u017e m\u011b trochu mrz\u00ed, proto\u017ee si mysl\u00edm, \u017ee bych se dok\u00e1zala zm\u00e1\u010dknout a zaspurtovat pak o to des\u00e1t\u00fd m\u00edsto. Ale na druhou stranu bych si pak nemohla u\u017e\u00edt tu ar\u00e9nu. Tak\u017ee j\u00e1 mysl\u00edm, \u017ee kr\u00e1sn\u00fd,\u201c <\/em>okomentovala v\u00fdsledek Sp\u011b\u0161n\u00e1.<\/p>\n\n\n\n<p><strong>V\u00fdsledky:<\/strong><\/p>\n\n\n\n<p><strong>\u017deny Elite:<\/strong><\/p>\n\n\n\n<p>1. Mona Mitterwallner (AUT, Mondraker Factory Racing) 1:29:32<\/p>\n\n\n\n<p>2. Samara Maxwell (NZL, Decathlon Ford Racing Team) +0:00<\/p>\n\n\n\n<p>3. Candice Lill (RSA) \u2013 +0:25<\/p>\n\n\n\n<p>\u2026<\/p>\n\n\n\n<p>33. Ad\u00e9la Holubov\u00e1 (ROUVY) +5:17<\/p>\n\n\n\n<p>47. Jitka \u010c\u00e1belick\u00e1 (Cabtech Racing Team) +8:39<\/p>\n\n\n\n<p><strong>Mu\u017ei Elite:<\/strong><\/p>\n\n\n\n<p>1. Christopher Blevins (USA, Specialized Factory Racing) 1:26:00<\/p>\n\n\n\n<p>2. Mathis Azzaro (FRA, Origine Racing Division) +0:07<\/p>\n\n\n\n<p>3.Lars Forster (SUI, Th\u00f6mus Maxon) +0:07<\/p>\n\n\n\n<p>\u2026<\/p>\n\n\n\n<p>16. Ond\u0159ej Cink (Cube Factory Racing) +1:38<\/p>\n\n\n\n<p>63. Jan Zatloukal +7:32<\/p>\n\n\n\n<p>79. Jan \u0160karnitzl -3 kola<\/p>\n\n\n\n<p>DNF \u2013 Jan S\u00e1ska<\/p>\n\n\n\n<p><strong>\u017deny U23:\u00a0<\/strong><\/p>\n\n\n\n<p>1. Ella Macphee (CAN, Wilier Vittoria) 1:20:19&nbsp;<\/p>\n\n\n\n<p>2. Fiona Schibler (SUI) +0:17 &nbsp;<\/p>\n\n\n\n<p>3. Sara Cortinovis (ITA, Ghost Factory) +0:42 &nbsp;<\/p>\n\n\n\n<p>\u2026<\/p>\n\n\n\n<p>11. Simona Sp\u011b\u0161n\u00e1 (Massi) +3:25 &nbsp;<\/p>\n\n\n\n<p>27. Eli\u0161ka Han\u00e1kov\u00e1 (Han\u00e1k Sisters) +6:39 &nbsp;<\/p>\n\n\n\n<p>32. Kate\u0159ina Beyerov\u00e1 (Rouvy) +7:35&nbsp;<\/p>\n\n\n\n<p>66. Marika Pulkrabov\u00e1 (Rouvy) -1 kolo<\/p>\n\n\n\n<p><\/p>\n\n\n\n<p><strong>Mu\u017ei U23:<\/strong><\/p>\n\n\n\n<p>1. Paul Schehl (GER, Lexware MTB) 1:19:32<\/p>\n\n\n\n<p>2. Rens van Teunissen (NED, KMC Ridley) +0:00<\/p>\n\n\n\n<p>3. Finn Treudler (SUI, Cube Factory) +0:12<\/p>\n\n\n\n<p>&#8230;<\/p>\n\n\n\n<p>51. Patrik \u010cern\u00fd (Expres CZ BDM Kol\u00edn) +6:19<\/p>\n\n\n\n<p>62. David Friedl (Ostra Multicraft \u010celadn\u00e1) +7:16<\/p>\n\n\n\n<p>76. Franti\u0161ek Hojka&nbsp;(Expres CZ BDM Kol\u00edn) +7:35<\/p>\n\n\n\n<p>81. Filip Holub (Aspire Opportunity Brno) +8:15<\/p>\n\n\n\n<p>Foto: Pavel K\u0159ikava<\/p>\n","protected":false},"excerpt":{"rendered":"<p>Ond\u0159ej Cink na dom\u00e1c\u00edm z\u00e1vod\u011b Sv\u011btov\u00e9ho poh\u00e1ru v olympijsk\u00e9m cross country v Nov\u00e9m M\u011bst\u011b na Morav\u011b obsadil 16. m\u00edsto. Nejlep\u0161\u00ed \u010deskou z\u00e1vodnic\u00ed v kategorii Elite byla Ad\u00e9la Holubov\u00e1 na 33. m\u00edst\u011b. V kategorii \u017een do t\u0159iadvaceti let se na 11. m\u00edst\u011b um\u00edstila Simona Sp\u011b\u0161n\u00e1. Ned\u011bln\u00ed program odstartovaly elitn\u00ed kategorie \u017een, kde se p\u0159edstavily Ad\u00e9la Holubov\u00e1 [&hellip;]<\/p>\n","protected":false},"author":9,"featured_media":35742,"comment_status":"closed","ping_status":"open","sticky":false,"template":"","format":"standard","meta":{"footnotes":""},"categories":[6,2],"tags":[10],"class_list":["post-35730","post","type-post","status-publish","format-standard","has-post-thumbnail","hentry","category-mtb","category-novinky","tag-mtb"],"_links":{"self":[{"href":"https:\/\/www.czechcyclingfederation.com\/en\/wp-json\/wp\/v2\/posts\/35730","targetHints":{"allow":["GET"]}}],"collection":[{"href":"https:\/\/www.czechcyclingfederation.com\/en\/wp-json\/wp\/v2\/posts"}],"about":[{"href":"https:\/\/www.czechcyclingfederation.com\/en\/wp-json\/wp\/v2\/types\/post"}],"author":[{"embeddable":true,"href":"https:\/\/www.czechcyclingfederation.com\/en\/wp-json\/wp\/v2\/users\/9"}],"replies":[{"embeddable":true,"href":"https:\/\/www.czechcyclingfederation.com\/en\/wp-json\/wp\/v2\/comments?post=35730"}],"version-history":[{"count":4,"href":"https:\/\/www.czechcyclingfederation.com\/en\/wp-json\/wp\/v2\/posts\/35730\/revisions"}],"predecessor-version":[{"id":35747,"href":"https:\/\/www.czechcyclingfederation.com\/en\/wp-json\/wp\/v2\/posts\/35730\/revisions\/35747"}],"wp:featuredmedia":[{"embeddable":true,"href":"https:\/\/www.czechcyclingfederation.com\/en\/wp-json\/wp\/v2\/media\/35742"}],"wp:attachment":[{"href":"https:\/\/www.czechcyclingfederation.com\/en\/wp-json\/wp\/v2\/media?parent=35730"}],"wp:term":[{"taxonomy":"category","embeddable":true,"href":"https:\/\/www.czechcyclingfederation.com\/en\/wp-json\/wp\/v2\/categories?post=35730"},{"taxonomy":"post_tag","embeddable":true,"href":"https:\/\/www.czechcyclingfederation.com\/en\/wp-json\/wp\/v2\/tags?post=35730"}],"curies":[{"name":"wp","href":"https:\/\/api.w.org\/{rel}","templated":true}]}}