{"id":3572,"date":"2021-02-27T17:53:57","date_gmt":"2021-02-27T16:53:57","guid":{"rendered":"http:\/\/www.czechcyclingfederation.com\/?p=3572"},"modified":"2021-02-28T22:13:04","modified_gmt":"2021-02-28T21:13:04","slug":"bikeri-zaznamenali-v-turecku-dalsich-pet-podiovych-umisteni","status":"publish","type":"post","link":"https:\/\/www.czechcyclingfederation.com\/en\/bikeri-zaznamenali-v-turecku-dalsich-pet-podiovych-umisteni\/","title":{"rendered":"Bike\u0159i zaznamenali v Turecku dal\u0161\u00edch p\u011bt p\u00f3diov\u00fdch um\u00edst\u011bn\u00ed"},"content":{"rendered":"\n<p><strong>P\u011bt p\u00f3diov\u00fdch m\u00edst pat\u0159\u00ed \u010desk\u00fdm reprezentant\u016fm v druh\u00e9m z\u00e1vod\u011b tureck\u00e9 s\u00e9rie, kter\u00fdm byl Velo Alanya MTB CUP zapsan\u00fd jako C1 v kalend\u00e1\u0159i UCI.<\/strong><\/p>\n\n\n\n<p>Mezi elitou byla druh\u00e1 Karla \u0160t\u011bp\u00e1nov\u00e1 a t\u0159et\u00ed Jana Czeczinkarov\u00e1. V juniork\u00e1ch zv\u00edt\u011bzila Aneta Novotn\u00e1, druh\u00e9 m\u00edsto obsadila Karol\u00edna Bedrn\u00edkov\u00e1 a mezi juniory byl t\u0159et\u00ed V\u00e1clav Veverka.&nbsp;<\/p>\n\n\n\n<p>\u00dasp\u011bch reprezentant\u016f si pochvaloval reprezenta\u010dn\u00ed tren\u00e9r Viktor Zapletal.<\/p>\n\n\n\n<p><em>\u201cM\u00e1m velikou radost z v\u00fdkonu holek eli\u0165a\u010dek, \u0161koda defektu Terezky Tvar\u016f\u017ekov\u00e9 v p\u0159edposledn\u00edm kole, kdy jezdila na prvn\u00edm m\u00edst\u011b. V z\u00e1vod\u011b mu\u017e\u016f elite jezdil Martin Sto\u0161ek na t\u0159et\u00edm m\u00edst\u011b, bohu\u017eel defekt a n\u00e1sledn\u00fd p\u00e1d mu neumo\u017enil z\u00e1vod dokon\u010dit. Zku\u0161en\u011b jel v siln\u00e9 konkurenci Honza \u0160karnitzl a pohl\u00eddal si body,\u201d&nbsp;<\/em>komentoval v\u00fdkony tren\u00e9r.<\/p>\n\n\n\n<p><em>\u201cVelmi dobr\u00fd v\u00fdkon podali mlad\u00ed jezdci do 23 let v konkurenci, kter\u00e1 tady je, a bojuj\u00ed o ka\u017ed\u00e9 m\u00edsto. A samoz\u0159ejm\u011b mi d\u011blaj\u00ed radost na\u0161i junio\u0159i, Anetka s K\u00e1jou s p\u0159ehledem obsadily prvn\u00ed dv\u011b m\u00edsta a Va\u0161ek Veverka v juniorech doslova vyv\u00e1l\u010dil bronz,\u201d<\/em>&nbsp;doplnil Viktor Zapletal.<\/p>\n\n\n\n<p><em>\u201cZ\u00edtra n\u00e1s \u010dek\u00e1 je\u0161t\u011b jeden z\u00e1vod kategorie C1, kam jedeme zase v\u0161ichni a pokus\u00edme se nav\u00e1zat na dne\u0161n\u00ed a v\u010derej\u0161\u00ed v\u00fdkony,\u201d<\/em>&nbsp;up\u0159esnil ned\u011bln\u00ed program Viktor Zapletal.<\/p>\n\n\n\n<p><strong>V\u00fdsledky:&nbsp;<\/strong><\/p>\n\n\n\n<p>Mu\u017ei Elite:<\/p>\n\n\n\n<p>1. Timofei Ivanov (Rus), 2. Antoine Philipp (Fr.), 3. Reto Indergand,\u2026 10. Jan \u0160karnitzl, 14. Samuel Jirou\u0161, 17. Jan Zatloukal, 24. Jan S\u00e1ska, 29. Jakub Ku\u010dera, DNF. Martin Sto\u0161ek (v\u0161ichni \u010cR).<\/p>\n\n\n\n<p>\u017deny Elite:<\/p>\n\n\n\n<p>1. Githa Michiels (Bel.), 2. Karla \u0160t\u011bp\u00e1nov\u00e1, 3. Jana Czeczinkarov\u00e1 (ob\u011b \u010cR), 11. Tereza Obo\u0159ilov\u00e1, 14. Tereza Tvar\u016f\u017ekov\u00e1 (v\u0161ichni \u010cR).<\/p>\n\n\n\n<p>Junio\u0159i:<\/p>\n\n\n\n<p>1. Oleksandr Hudyma (Ukr.), 2. Tim Rex (Bel.), 3. V\u00e1clav Veverka (\u010cR)\u2026 7. Filip Jech (Adastra Cycling Team), 8. Franti\u0161ek Hojka (Express CZ-Tufo Team Kol\u00edn), 9. Filip Kone\u010dn\u00fd (\u010cR), 14. Mat\u011bj Posp\u00ed\u0161il, 18. Daniel Rube\u0161 (oba Express CZ-Tufo Team Kol\u00edn).<\/p>\n\n\n\n<p>Juniorky:<\/p>\n\n\n\n<p>1. Aneta Novotn\u00e1, 2. Karol\u00edna Bedrn\u00edkov\u00e1 (ob\u011b \u010cR), 3. Mariia Sukhopalova (Ukr.), 4. \u0160t\u011bp\u00e1nka Hojkov\u00e1 (\u010cR).<\/p>\n\n\n\n<figure class=\"wp-block-gallery columns-3 is-cropped wp-block-gallery-1 is-layout-flex wp-block-gallery-is-layout-flex\"><ul class=\"blocks-gallery-grid\"><li class=\"blocks-gallery-item\"><figure><a href=\"https:\/\/www.czechcyclingfederation.com\/?attachment_id=3573\"><img loading=\"lazy\" decoding=\"async\" width=\"1024\" height=\"683\" src=\"https:\/\/www.czechcyclingfederation.com\/wp-content\/uploads\/2021\/02\/P1017308-1024x683.jpg\" alt=\"\" data-id=\"3573\" data-full-url=\"https:\/\/www.czechcyclingfederation.com\/wp-content\/uploads\/2021\/02\/P1017308.jpg\" data-link=\"https:\/\/www.czechcyclingfederation.com\/?attachment_id=3573\" class=\"wp-image-3573\" srcset=\"https:\/\/www.czechcyclingfederation.com\/wp-content\/uploads\/2021\/02\/P1017308-1024x683.jpg 1024w, https:\/\/www.czechcyclingfederation.com\/wp-content\/uploads\/2021\/02\/P1017308-300x200.jpg 300w, https:\/\/www.czechcyclingfederation.com\/wp-content\/uploads\/2021\/02\/P1017308-768x512.jpg 768w, https:\/\/www.czechcyclingfederation.com\/wp-content\/uploads\/2021\/02\/P1017308-1536x1024.jpg 1536w, https:\/\/www.czechcyclingfederation.com\/wp-content\/uploads\/2021\/02\/P1017308-1320x880.jpg 1320w, https:\/\/www.czechcyclingfederation.com\/wp-content\/uploads\/2021\/02\/P1017308.jpg 2048w\" sizes=\"auto, (max-width: 1024px) 100vw, 1024px\" \/><\/a><\/figure><\/li><li class=\"blocks-gallery-item\"><figure><a href=\"https:\/\/www.czechcyclingfederation.com\/?attachment_id=3574\"><img loading=\"lazy\" decoding=\"async\" width=\"683\" height=\"1024\" src=\"https:\/\/www.czechcyclingfederation.com\/wp-content\/uploads\/2021\/02\/P1017314-683x1024.jpg\" alt=\"\" data-id=\"3574\" data-full-url=\"https:\/\/www.czechcyclingfederation.com\/wp-content\/uploads\/2021\/02\/P1017314.jpg\" data-link=\"https:\/\/www.czechcyclingfederation.com\/?attachment_id=3574\" class=\"wp-image-3574\" srcset=\"https:\/\/www.czechcyclingfederation.com\/wp-content\/uploads\/2021\/02\/P1017314-683x1024.jpg 683w, https:\/\/www.czechcyclingfederation.com\/wp-content\/uploads\/2021\/02\/P1017314-133x200.jpg 133w, https:\/\/www.czechcyclingfederation.com\/wp-content\/uploads\/2021\/02\/P1017314-768x1152.jpg 768w, https:\/\/www.czechcyclingfederation.com\/wp-content\/uploads\/2021\/02\/P1017314-1024x1536.jpg 1024w, https:\/\/www.czechcyclingfederation.com\/wp-content\/uploads\/2021\/02\/P1017314-1320x1980.jpg 1320w, https:\/\/www.czechcyclingfederation.com\/wp-content\/uploads\/2021\/02\/P1017314.jpg 1365w\" sizes=\"auto, (max-width: 683px) 100vw, 683px\" \/><\/a><\/figure><\/li><li class=\"blocks-gallery-item\"><figure><a href=\"https:\/\/www.czechcyclingfederation.com\/?attachment_id=3575\"><img loading=\"lazy\" decoding=\"async\" width=\"1024\" height=\"683\" src=\"https:\/\/www.czechcyclingfederation.com\/wp-content\/uploads\/2021\/02\/P1017339-1024x683.jpg\" alt=\"\" data-id=\"3575\" data-full-url=\"https:\/\/www.czechcyclingfederation.com\/wp-content\/uploads\/2021\/02\/P1017339.jpg\" data-link=\"https:\/\/www.czechcyclingfederation.com\/?attachment_id=3575\" class=\"wp-image-3575\" srcset=\"https:\/\/www.czechcyclingfederation.com\/wp-content\/uploads\/2021\/02\/P1017339-1024x683.jpg 1024w, https:\/\/www.czechcyclingfederation.com\/wp-content\/uploads\/2021\/02\/P1017339-300x200.jpg 300w, https:\/\/www.czechcyclingfederation.com\/wp-content\/uploads\/2021\/02\/P1017339-768x512.jpg 768w, https:\/\/www.czechcyclingfederation.com\/wp-content\/uploads\/2021\/02\/P1017339-1536x1024.jpg 1536w, https:\/\/www.czechcyclingfederation.com\/wp-content\/uploads\/2021\/02\/P1017339-1320x880.jpg 1320w, https:\/\/www.czechcyclingfederation.com\/wp-content\/uploads\/2021\/02\/P1017339.jpg 2048w\" sizes=\"auto, (max-width: 1024px) 100vw, 1024px\" \/><\/a><\/figure><\/li><li class=\"blocks-gallery-item\"><figure><a href=\"https:\/\/www.czechcyclingfederation.com\/?attachment_id=3576\"><img loading=\"lazy\" decoding=\"async\" width=\"683\" height=\"1024\" src=\"https:\/\/www.czechcyclingfederation.com\/wp-content\/uploads\/2021\/02\/P1017344-683x1024.jpg\" alt=\"\" data-id=\"3576\" data-full-url=\"https:\/\/www.czechcyclingfederation.com\/wp-content\/uploads\/2021\/02\/P1017344.jpg\" data-link=\"https:\/\/www.czechcyclingfederation.com\/?attachment_id=3576\" class=\"wp-image-3576\" srcset=\"https:\/\/www.czechcyclingfederation.com\/wp-content\/uploads\/2021\/02\/P1017344-683x1024.jpg 683w, https:\/\/www.czechcyclingfederation.com\/wp-content\/uploads\/2021\/02\/P1017344-133x200.jpg 133w, https:\/\/www.czechcyclingfederation.com\/wp-content\/uploads\/2021\/02\/P1017344-768x1152.jpg 768w, https:\/\/www.czechcyclingfederation.com\/wp-content\/uploads\/2021\/02\/P1017344-1024x1536.jpg 1024w, https:\/\/www.czechcyclingfederation.com\/wp-content\/uploads\/2021\/02\/P1017344-1320x1980.jpg 1320w, https:\/\/www.czechcyclingfederation.com\/wp-content\/uploads\/2021\/02\/P1017344.jpg 1365w\" sizes=\"auto, (max-width: 683px) 100vw, 683px\" \/><\/a><\/figure><\/li><li class=\"blocks-gallery-item\"><figure><a href=\"https:\/\/www.czechcyclingfederation.com\/?attachment_id=3577\"><img loading=\"lazy\" decoding=\"async\" width=\"1024\" height=\"683\" src=\"https:\/\/www.czechcyclingfederation.com\/wp-content\/uploads\/2021\/02\/P1017357-1024x683.jpg\" alt=\"\" data-id=\"3577\" data-full-url=\"https:\/\/www.czechcyclingfederation.com\/wp-content\/uploads\/2021\/02\/P1017357.jpg\" data-link=\"https:\/\/www.czechcyclingfederation.com\/?attachment_id=3577\" class=\"wp-image-3577\" srcset=\"https:\/\/www.czechcyclingfederation.com\/wp-content\/uploads\/2021\/02\/P1017357-1024x683.jpg 1024w, https:\/\/www.czechcyclingfederation.com\/wp-content\/uploads\/2021\/02\/P1017357-300x200.jpg 300w, https:\/\/www.czechcyclingfederation.com\/wp-content\/uploads\/2021\/02\/P1017357-768x512.jpg 768w, https:\/\/www.czechcyclingfederation.com\/wp-content\/uploads\/2021\/02\/P1017357-1536x1024.jpg 1536w, https:\/\/www.czechcyclingfederation.com\/wp-content\/uploads\/2021\/02\/P1017357-1320x880.jpg 1320w, https:\/\/www.czechcyclingfederation.com\/wp-content\/uploads\/2021\/02\/P1017357.jpg 2048w\" sizes=\"auto, (max-width: 1024px) 100vw, 1024px\" \/><\/a><\/figure><\/li><li class=\"blocks-gallery-item\"><figure><a href=\"https:\/\/www.czechcyclingfederation.com\/?attachment_id=3578\"><img loading=\"lazy\" decoding=\"async\" width=\"1024\" height=\"683\" src=\"https:\/\/www.czechcyclingfederation.com\/wp-content\/uploads\/2021\/02\/P1017363-1024x683.jpg\" alt=\"\" data-id=\"3578\" data-full-url=\"https:\/\/www.czechcyclingfederation.com\/wp-content\/uploads\/2021\/02\/P1017363.jpg\" data-link=\"https:\/\/www.czechcyclingfederation.com\/?attachment_id=3578\" class=\"wp-image-3578\" srcset=\"https:\/\/www.czechcyclingfederation.com\/wp-content\/uploads\/2021\/02\/P1017363-1024x683.jpg 1024w, https:\/\/www.czechcyclingfederation.com\/wp-content\/uploads\/2021\/02\/P1017363-300x200.jpg 300w, https:\/\/www.czechcyclingfederation.com\/wp-content\/uploads\/2021\/02\/P1017363-768x512.jpg 768w, https:\/\/www.czechcyclingfederation.com\/wp-content\/uploads\/2021\/02\/P1017363-1536x1024.jpg 1536w, https:\/\/www.czechcyclingfederation.com\/wp-content\/uploads\/2021\/02\/P1017363-1320x880.jpg 1320w, https:\/\/www.czechcyclingfederation.com\/wp-content\/uploads\/2021\/02\/P1017363.jpg 2048w\" sizes=\"auto, (max-width: 1024px) 100vw, 1024px\" \/><\/a><\/figure><\/li><li class=\"blocks-gallery-item\"><figure><a href=\"https:\/\/www.czechcyclingfederation.com\/?attachment_id=3579\"><img loading=\"lazy\" decoding=\"async\" width=\"1024\" height=\"683\" src=\"https:\/\/www.czechcyclingfederation.com\/wp-content\/uploads\/2021\/02\/P1017369-1024x683.jpg\" alt=\"\" data-id=\"3579\" data-full-url=\"https:\/\/www.czechcyclingfederation.com\/wp-content\/uploads\/2021\/02\/P1017369.jpg\" data-link=\"https:\/\/www.czechcyclingfederation.com\/?attachment_id=3579\" class=\"wp-image-3579\" srcset=\"https:\/\/www.czechcyclingfederation.com\/wp-content\/uploads\/2021\/02\/P1017369-1024x683.jpg 1024w, https:\/\/www.czechcyclingfederation.com\/wp-content\/uploads\/2021\/02\/P1017369-300x200.jpg 300w, https:\/\/www.czechcyclingfederation.com\/wp-content\/uploads\/2021\/02\/P1017369-768x512.jpg 768w, https:\/\/www.czechcyclingfederation.com\/wp-content\/uploads\/2021\/02\/P1017369-1536x1024.jpg 1536w, https:\/\/www.czechcyclingfederation.com\/wp-content\/uploads\/2021\/02\/P1017369-1320x880.jpg 1320w, https:\/\/www.czechcyclingfederation.com\/wp-content\/uploads\/2021\/02\/P1017369.jpg 2048w\" sizes=\"auto, (max-width: 1024px) 100vw, 1024px\" \/><\/a><\/figure><\/li><li class=\"blocks-gallery-item\"><figure><a href=\"https:\/\/www.czechcyclingfederation.com\/?attachment_id=3580\"><img loading=\"lazy\" decoding=\"async\" width=\"1024\" height=\"683\" src=\"https:\/\/www.czechcyclingfederation.com\/wp-content\/uploads\/2021\/02\/P1017372-1024x683.jpg\" alt=\"\" data-id=\"3580\" data-full-url=\"https:\/\/www.czechcyclingfederation.com\/wp-content\/uploads\/2021\/02\/P1017372.jpg\" data-link=\"https:\/\/www.czechcyclingfederation.com\/?attachment_id=3580\" class=\"wp-image-3580\" srcset=\"https:\/\/www.czechcyclingfederation.com\/wp-content\/uploads\/2021\/02\/P1017372-1024x683.jpg 1024w, https:\/\/www.czechcyclingfederation.com\/wp-content\/uploads\/2021\/02\/P1017372-300x200.jpg 300w, https:\/\/www.czechcyclingfederation.com\/wp-content\/uploads\/2021\/02\/P1017372-768x512.jpg 768w, https:\/\/www.czechcyclingfederation.com\/wp-content\/uploads\/2021\/02\/P1017372-1536x1024.jpg 1536w, https:\/\/www.czechcyclingfederation.com\/wp-content\/uploads\/2021\/02\/P1017372-1320x880.jpg 1320w, https:\/\/www.czechcyclingfederation.com\/wp-content\/uploads\/2021\/02\/P1017372.jpg 2048w\" sizes=\"auto, (max-width: 1024px) 100vw, 1024px\" \/><\/a><\/figure><\/li><li class=\"blocks-gallery-item\"><figure><a href=\"https:\/\/www.czechcyclingfederation.com\/?attachment_id=3581\"><img loading=\"lazy\" decoding=\"async\" width=\"1024\" height=\"683\" src=\"https:\/\/www.czechcyclingfederation.com\/wp-content\/uploads\/2021\/02\/P1017379-1024x683.jpg\" alt=\"\" data-id=\"3581\" data-full-url=\"https:\/\/www.czechcyclingfederation.com\/wp-content\/uploads\/2021\/02\/P1017379.jpg\" data-link=\"https:\/\/www.czechcyclingfederation.com\/?attachment_id=3581\" class=\"wp-image-3581\" srcset=\"https:\/\/www.czechcyclingfederation.com\/wp-content\/uploads\/2021\/02\/P1017379-1024x683.jpg 1024w, https:\/\/www.czechcyclingfederation.com\/wp-content\/uploads\/2021\/02\/P1017379-300x200.jpg 300w, https:\/\/www.czechcyclingfederation.com\/wp-content\/uploads\/2021\/02\/P1017379-768x512.jpg 768w, https:\/\/www.czechcyclingfederation.com\/wp-content\/uploads\/2021\/02\/P1017379-1536x1024.jpg 1536w, https:\/\/www.czechcyclingfederation.com\/wp-content\/uploads\/2021\/02\/P1017379-1320x880.jpg 1320w, https:\/\/www.czechcyclingfederation.com\/wp-content\/uploads\/2021\/02\/P1017379.jpg 2048w\" sizes=\"auto, (max-width: 1024px) 100vw, 1024px\" \/><\/a><\/figure><\/li><li class=\"blocks-gallery-item\"><figure><a href=\"https:\/\/www.czechcyclingfederation.com\/?attachment_id=3582\"><img loading=\"lazy\" decoding=\"async\" width=\"683\" height=\"1024\" src=\"https:\/\/www.czechcyclingfederation.com\/wp-content\/uploads\/2021\/02\/P1017383-683x1024.jpg\" alt=\"\" data-id=\"3582\" data-full-url=\"https:\/\/www.czechcyclingfederation.com\/wp-content\/uploads\/2021\/02\/P1017383.jpg\" data-link=\"https:\/\/www.czechcyclingfederation.com\/?attachment_id=3582\" class=\"wp-image-3582\" srcset=\"https:\/\/www.czechcyclingfederation.com\/wp-content\/uploads\/2021\/02\/P1017383-683x1024.jpg 683w, https:\/\/www.czechcyclingfederation.com\/wp-content\/uploads\/2021\/02\/P1017383-133x200.jpg 133w, https:\/\/www.czechcyclingfederation.com\/wp-content\/uploads\/2021\/02\/P1017383-768x1152.jpg 768w, https:\/\/www.czechcyclingfederation.com\/wp-content\/uploads\/2021\/02\/P1017383-1024x1536.jpg 1024w, https:\/\/www.czechcyclingfederation.com\/wp-content\/uploads\/2021\/02\/P1017383-1320x1980.jpg 1320w, https:\/\/www.czechcyclingfederation.com\/wp-content\/uploads\/2021\/02\/P1017383.jpg 1365w\" sizes=\"auto, (max-width: 683px) 100vw, 683px\" \/><\/a><\/figure><\/li><li class=\"blocks-gallery-item\"><figure><a href=\"https:\/\/www.czechcyclingfederation.com\/?attachment_id=3583\"><img loading=\"lazy\" decoding=\"async\" width=\"683\" height=\"1024\" src=\"https:\/\/www.czechcyclingfederation.com\/wp-content\/uploads\/2021\/02\/P1017387-683x1024.jpg\" alt=\"\" data-id=\"3583\" data-full-url=\"https:\/\/www.czechcyclingfederation.com\/wp-content\/uploads\/2021\/02\/P1017387.jpg\" data-link=\"https:\/\/www.czechcyclingfederation.com\/?attachment_id=3583\" class=\"wp-image-3583\" srcset=\"https:\/\/www.czechcyclingfederation.com\/wp-content\/uploads\/2021\/02\/P1017387-683x1024.jpg 683w, https:\/\/www.czechcyclingfederation.com\/wp-content\/uploads\/2021\/02\/P1017387-133x200.jpg 133w, https:\/\/www.czechcyclingfederation.com\/wp-content\/uploads\/2021\/02\/P1017387-768x1152.jpg 768w, https:\/\/www.czechcyclingfederation.com\/wp-content\/uploads\/2021\/02\/P1017387-1024x1536.jpg 1024w, https:\/\/www.czechcyclingfederation.com\/wp-content\/uploads\/2021\/02\/P1017387-1320x1980.jpg 1320w, https:\/\/www.czechcyclingfederation.com\/wp-content\/uploads\/2021\/02\/P1017387.jpg 1365w\" sizes=\"auto, (max-width: 683px) 100vw, 683px\" \/><\/a><\/figure><\/li><li class=\"blocks-gallery-item\"><figure><a href=\"https:\/\/www.czechcyclingfederation.com\/?attachment_id=3584\"><img loading=\"lazy\" decoding=\"async\" width=\"1024\" height=\"683\" src=\"https:\/\/www.czechcyclingfederation.com\/wp-content\/uploads\/2021\/02\/P1017404-1024x683.jpg\" alt=\"\" data-id=\"3584\" data-full-url=\"https:\/\/www.czechcyclingfederation.com\/wp-content\/uploads\/2021\/02\/P1017404.jpg\" data-link=\"https:\/\/www.czechcyclingfederation.com\/?attachment_id=3584\" class=\"wp-image-3584\" srcset=\"https:\/\/www.czechcyclingfederation.com\/wp-content\/uploads\/2021\/02\/P1017404-1024x683.jpg 1024w, https:\/\/www.czechcyclingfederation.com\/wp-content\/uploads\/2021\/02\/P1017404-300x200.jpg 300w, https:\/\/www.czechcyclingfederation.com\/wp-content\/uploads\/2021\/02\/P1017404-768x512.jpg 768w, https:\/\/www.czechcyclingfederation.com\/wp-content\/uploads\/2021\/02\/P1017404-1536x1024.jpg 1536w, https:\/\/www.czechcyclingfederation.com\/wp-content\/uploads\/2021\/02\/P1017404-1320x880.jpg 1320w, https:\/\/www.czechcyclingfederation.com\/wp-content\/uploads\/2021\/02\/P1017404.jpg 2048w\" sizes=\"auto, (max-width: 1024px) 100vw, 1024px\" \/><\/a><\/figure><\/li><li class=\"blocks-gallery-item\"><figure><a href=\"https:\/\/www.czechcyclingfederation.com\/?attachment_id=3585\"><img loading=\"lazy\" decoding=\"async\" width=\"1024\" height=\"683\" src=\"https:\/\/www.czechcyclingfederation.com\/wp-content\/uploads\/2021\/02\/P1017407-1024x683.jpg\" alt=\"\" data-id=\"3585\" data-full-url=\"https:\/\/www.czechcyclingfederation.com\/wp-content\/uploads\/2021\/02\/P1017407.jpg\" data-link=\"https:\/\/www.czechcyclingfederation.com\/?attachment_id=3585\" class=\"wp-image-3585\" srcset=\"https:\/\/www.czechcyclingfederation.com\/wp-content\/uploads\/2021\/02\/P1017407-1024x683.jpg 1024w, https:\/\/www.czechcyclingfederation.com\/wp-content\/uploads\/2021\/02\/P1017407-300x200.jpg 300w, https:\/\/www.czechcyclingfederation.com\/wp-content\/uploads\/2021\/02\/P1017407-768x512.jpg 768w, https:\/\/www.czechcyclingfederation.com\/wp-content\/uploads\/2021\/02\/P1017407-1536x1024.jpg 1536w, https:\/\/www.czechcyclingfederation.com\/wp-content\/uploads\/2021\/02\/P1017407-1320x880.jpg 1320w, https:\/\/www.czechcyclingfederation.com\/wp-content\/uploads\/2021\/02\/P1017407.jpg 2048w\" sizes=\"auto, (max-width: 1024px) 100vw, 1024px\" \/><\/a><\/figure><\/li><li class=\"blocks-gallery-item\"><figure><a href=\"https:\/\/www.czechcyclingfederation.com\/?attachment_id=3586\"><img loading=\"lazy\" decoding=\"async\" width=\"1024\" height=\"683\" src=\"https:\/\/www.czechcyclingfederation.com\/wp-content\/uploads\/2021\/02\/P1017417-1024x683.jpg\" alt=\"\" data-id=\"3586\" data-full-url=\"https:\/\/www.czechcyclingfederation.com\/wp-content\/uploads\/2021\/02\/P1017417.jpg\" data-link=\"https:\/\/www.czechcyclingfederation.com\/?attachment_id=3586\" class=\"wp-image-3586\" srcset=\"https:\/\/www.czechcyclingfederation.com\/wp-content\/uploads\/2021\/02\/P1017417-1024x683.jpg 1024w, https:\/\/www.czechcyclingfederation.com\/wp-content\/uploads\/2021\/02\/P1017417-300x200.jpg 300w, https:\/\/www.czechcyclingfederation.com\/wp-content\/uploads\/2021\/02\/P1017417-768x512.jpg 768w, https:\/\/www.czechcyclingfederation.com\/wp-content\/uploads\/2021\/02\/P1017417-1536x1024.jpg 1536w, https:\/\/www.czechcyclingfederation.com\/wp-content\/uploads\/2021\/02\/P1017417-1320x880.jpg 1320w, https:\/\/www.czechcyclingfederation.com\/wp-content\/uploads\/2021\/02\/P1017417.jpg 2048w\" sizes=\"auto, (max-width: 1024px) 100vw, 1024px\" \/><\/a><\/figure><\/li><li class=\"blocks-gallery-item\"><figure><a href=\"https:\/\/www.czechcyclingfederation.com\/?attachment_id=3587\"><img loading=\"lazy\" decoding=\"async\" width=\"1024\" height=\"683\" src=\"https:\/\/www.czechcyclingfederation.com\/wp-content\/uploads\/2021\/02\/P1017445-1024x683.jpg\" alt=\"\" data-id=\"3587\" data-full-url=\"https:\/\/www.czechcyclingfederation.com\/wp-content\/uploads\/2021\/02\/P1017445.jpg\" data-link=\"https:\/\/www.czechcyclingfederation.com\/?attachment_id=3587\" class=\"wp-image-3587\" srcset=\"https:\/\/www.czechcyclingfederation.com\/wp-content\/uploads\/2021\/02\/P1017445-1024x683.jpg 1024w, https:\/\/www.czechcyclingfederation.com\/wp-content\/uploads\/2021\/02\/P1017445-300x200.jpg 300w, https:\/\/www.czechcyclingfederation.com\/wp-content\/uploads\/2021\/02\/P1017445-768x512.jpg 768w, https:\/\/www.czechcyclingfederation.com\/wp-content\/uploads\/2021\/02\/P1017445-1536x1024.jpg 1536w, https:\/\/www.czechcyclingfederation.com\/wp-content\/uploads\/2021\/02\/P1017445-1320x880.jpg 1320w, https:\/\/www.czechcyclingfederation.com\/wp-content\/uploads\/2021\/02\/P1017445.jpg 2048w\" sizes=\"auto, (max-width: 1024px) 100vw, 1024px\" \/><\/a><\/figure><\/li><li class=\"blocks-gallery-item\"><figure><a href=\"https:\/\/www.czechcyclingfederation.com\/?attachment_id=3588\"><img loading=\"lazy\" decoding=\"async\" width=\"1024\" height=\"683\" src=\"https:\/\/www.czechcyclingfederation.com\/wp-content\/uploads\/2021\/02\/P1017485-1024x683.jpg\" alt=\"\" data-id=\"3588\" data-full-url=\"https:\/\/www.czechcyclingfederation.com\/wp-content\/uploads\/2021\/02\/P1017485.jpg\" data-link=\"https:\/\/www.czechcyclingfederation.com\/?attachment_id=3588\" class=\"wp-image-3588\" srcset=\"https:\/\/www.czechcyclingfederation.com\/wp-content\/uploads\/2021\/02\/P1017485-1024x683.jpg 1024w, https:\/\/www.czechcyclingfederation.com\/wp-content\/uploads\/2021\/02\/P1017485-300x200.jpg 300w, https:\/\/www.czechcyclingfederation.com\/wp-content\/uploads\/2021\/02\/P1017485-768x512.jpg 768w, https:\/\/www.czechcyclingfederation.com\/wp-content\/uploads\/2021\/02\/P1017485-1536x1024.jpg 1536w, https:\/\/www.czechcyclingfederation.com\/wp-content\/uploads\/2021\/02\/P1017485-1320x880.jpg 1320w, https:\/\/www.czechcyclingfederation.com\/wp-content\/uploads\/2021\/02\/P1017485.jpg 2048w\" sizes=\"auto, (max-width: 1024px) 100vw, 1024px\" \/><\/a><\/figure><\/li><li class=\"blocks-gallery-item\"><figure><a href=\"https:\/\/www.czechcyclingfederation.com\/?attachment_id=3589\"><img loading=\"lazy\" decoding=\"async\" width=\"683\" height=\"1024\" src=\"https:\/\/www.czechcyclingfederation.com\/wp-content\/uploads\/2021\/02\/P1017492-683x1024.jpg\" alt=\"\" data-id=\"3589\" data-full-url=\"https:\/\/www.czechcyclingfederation.com\/wp-content\/uploads\/2021\/02\/P1017492.jpg\" data-link=\"https:\/\/www.czechcyclingfederation.com\/?attachment_id=3589\" class=\"wp-image-3589\" srcset=\"https:\/\/www.czechcyclingfederation.com\/wp-content\/uploads\/2021\/02\/P1017492-683x1024.jpg 683w, https:\/\/www.czechcyclingfederation.com\/wp-content\/uploads\/2021\/02\/P1017492-133x200.jpg 133w, https:\/\/www.czechcyclingfederation.com\/wp-content\/uploads\/2021\/02\/P1017492-768x1152.jpg 768w, https:\/\/www.czechcyclingfederation.com\/wp-content\/uploads\/2021\/02\/P1017492-1024x1536.jpg 1024w, https:\/\/www.czechcyclingfederation.com\/wp-content\/uploads\/2021\/02\/P1017492-1320x1980.jpg 1320w, https:\/\/www.czechcyclingfederation.com\/wp-content\/uploads\/2021\/02\/P1017492.jpg 1365w\" sizes=\"auto, (max-width: 683px) 100vw, 683px\" \/><\/a><\/figure><\/li><\/ul><\/figure>\n\n\n\n<p><em>Foto: Mat\u011bj Charv\u00e1t<\/em><\/p>\n","protected":false},"excerpt":{"rendered":"<p>P\u011bt p\u00f3diov\u00fdch m\u00edst pat\u0159\u00ed \u010desk\u00fdm reprezentant\u016fm v druh\u00e9m z\u00e1vod\u011b tureck\u00e9 s\u00e9rie, kter\u00fdm byl Velo Alanya MTB CUP zapsan\u00fd jako C1 v kalend\u00e1\u0159i UCI. Mezi elitou byla druh\u00e1 Karla \u0160t\u011bp\u00e1nov\u00e1 a t\u0159et\u00ed Jana Czeczinkarov\u00e1. V juniork\u00e1ch zv\u00edt\u011bzila Aneta Novotn\u00e1, druh\u00e9 m\u00edsto obsadila Karol\u00edna Bedrn\u00edkov\u00e1 a mezi juniory byl t\u0159et\u00ed V\u00e1clav Veverka.&nbsp; \u00dasp\u011bch reprezentant\u016f si pochvaloval reprezenta\u010dn\u00ed [&hellip;]<\/p>\n","protected":false},"author":9,"featured_media":3588,"comment_status":"closed","ping_status":"open","sticky":false,"template":"","format":"standard","meta":{"footnotes":""},"categories":[6,2,103],"tags":[10],"class_list":["post-3572","post","type-post","status-publish","format-standard","has-post-thumbnail","hentry","category-mtb","category-novinky","category-reprezentace","tag-mtb"],"_links":{"self":[{"href":"https:\/\/www.czechcyclingfederation.com\/en\/wp-json\/wp\/v2\/posts\/3572","targetHints":{"allow":["GET"]}}],"collection":[{"href":"https:\/\/www.czechcyclingfederation.com\/en\/wp-json\/wp\/v2\/posts"}],"about":[{"href":"https:\/\/www.czechcyclingfederation.com\/en\/wp-json\/wp\/v2\/types\/post"}],"author":[{"embeddable":true,"href":"https:\/\/www.czechcyclingfederation.com\/en\/wp-json\/wp\/v2\/users\/9"}],"replies":[{"embeddable":true,"href":"https:\/\/www.czechcyclingfederation.com\/en\/wp-json\/wp\/v2\/comments?post=3572"}],"version-history":[{"count":1,"href":"https:\/\/www.czechcyclingfederation.com\/en\/wp-json\/wp\/v2\/posts\/3572\/revisions"}],"predecessor-version":[{"id":3590,"href":"https:\/\/www.czechcyclingfederation.com\/en\/wp-json\/wp\/v2\/posts\/3572\/revisions\/3590"}],"wp:featuredmedia":[{"embeddable":true,"href":"https:\/\/www.czechcyclingfederation.com\/en\/wp-json\/wp\/v2\/media\/3588"}],"wp:attachment":[{"href":"https:\/\/www.czechcyclingfederation.com\/en\/wp-json\/wp\/v2\/media?parent=3572"}],"wp:term":[{"taxonomy":"category","embeddable":true,"href":"https:\/\/www.czechcyclingfederation.com\/en\/wp-json\/wp\/v2\/categories?post=3572"},{"taxonomy":"post_tag","embeddable":true,"href":"https:\/\/www.czechcyclingfederation.com\/en\/wp-json\/wp\/v2\/tags?post=3572"}],"curies":[{"name":"wp","href":"https:\/\/api.w.org\/{rel}","templated":true}]}}