{"id":35702,"date":"2025-05-24T15:02:47","date_gmt":"2025-05-24T13:02:47","guid":{"rendered":"https:\/\/www.czechcyclingfederation.com\/?p=35702"},"modified":"2025-05-24T15:09:55","modified_gmt":"2025-05-24T13:09:55","slug":"bukovska-ovladla-svetovy-pohar-v-nmnm","status":"publish","type":"post","link":"https:\/\/www.czechcyclingfederation.com\/en\/bukovska-ovladla-svetovy-pohar-v-nmnm\/","title":{"rendered":"Juniorka Bukovsk\u00e1 ovl\u00e1dla Sv\u011btov\u00fd poh\u00e1r v NMNM"},"content":{"rendered":"\n<p><strong>Barbora Bukovsk\u00e1 potvrdila svoj\u00ed v\u00fdkonnost z p\u0159ede\u0161l\u00fdch Sv\u011btov\u00fdch poh\u00e1r\u016f a ovl\u00e1dla dom\u00e1c\u00ed Sv\u011btov\u00fd poh\u00e1r v Nov\u00e9m M\u011bst\u011b na Morav\u011b.&nbsp;<\/strong><\/p>\n\n\n\n<p>\u010ceskou senzaci potvrdila tak\u00e9 na p\u00e1t\u00e9m m\u00edst\u011b Lucie Grohov\u00e1.<\/p>\n\n\n\n<p>Bukovsk\u00e1 dnes ke dv\u011bma bronz\u016fm z italsk\u00e9ho Nalles a rakousk\u00e9ho Haimingu p\u0159idala zlato z dom\u00e1c\u00edho z\u00e1vodu Juniorsk\u00e9 sv\u011btov\u00e9 s\u00e9rie v Nov\u00e9m M\u011bst\u011b na Morav\u011b. Od startu \u010desk\u00e1 reprezentantka ud\u00e1vala tempo spole\u010dn\u011b se \u0160v\u00fdcarkou Grossmanovou, od kter\u00e9 se n\u00e1sledn\u011b odd\u011blila a zvy\u0161ovala sv\u016fj n\u00e1skok samostatnou j\u00edzdou, kdy\u017e do c\u00edle dorazila s v\u00fdrazn\u00fdm n\u00e1skokem 1:22 na druhou kanadskou reprezentantku Rafaelle Carrier. Bukovsk\u00e1 tak suver\u00e9nn\u011b zv\u00edt\u011bzila i p\u0159esto, \u017ee do z\u00e1vodu ne\u0161la s jasnou taktikou.<\/p>\n\n\n\n<p><em>\u201eJ\u00e1 jsem nic nepl\u00e1novala, prost\u011b jsem jela, co p\u0159i\u0161lo, a \u017ee to zkus\u00edm roztrhat. Pojedu, co to p\u016fjde,\u201c <\/em>okomentovala v\u00fdsledek \u010desk\u00e1 z\u00e1vodnice.&nbsp;<\/p>\n\n\n\n<p><em>\u201eBylo tady spoustu fanou\u0161k\u016f, co\u017e m\u011b neskute\u010dn\u011b hnalo a \u00fapln\u011b super rohy. A ur\u010dit\u011b mi pomohla p\u0159\u00edprava s reprezenta\u010dn\u00edm t\u00fdmem,\u201c<\/em> doplnila v\u00edt\u011bzn\u00e1 Bukovsk\u00e1.<\/p>\n\n\n\n<p>Na skv\u011bl\u00fd v\u00fdsledek \u010desk\u00e9 reprezentantky nav\u00e1zala tak\u00e9 p\u00e1t\u00e1 Lucie Grohov\u00e1 se ztr\u00e1tou p\u0159es t\u0159i minuty na v\u00edt\u011bzku.&nbsp;<\/p>\n\n\n\n<figure class=\"wp-block-image size-large\"><img loading=\"lazy\" decoding=\"async\" width=\"1024\" height=\"683\" src=\"https:\/\/www.czechcyclingfederation.com\/wp-content\/uploads\/2025\/05\/Unknown-1024x683.jpeg\" alt=\"\" class=\"wp-image-35705\" srcset=\"https:\/\/www.czechcyclingfederation.com\/wp-content\/uploads\/2025\/05\/Unknown-1024x683.jpeg 1024w, https:\/\/www.czechcyclingfederation.com\/wp-content\/uploads\/2025\/05\/Unknown-300x200.jpeg 300w, https:\/\/www.czechcyclingfederation.com\/wp-content\/uploads\/2025\/05\/Unknown-768x512.jpeg 768w, https:\/\/www.czechcyclingfederation.com\/wp-content\/uploads\/2025\/05\/Unknown-1536x1024.jpeg 1536w, https:\/\/www.czechcyclingfederation.com\/wp-content\/uploads\/2025\/05\/Unknown-2048x1365.jpeg 2048w, https:\/\/www.czechcyclingfederation.com\/wp-content\/uploads\/2025\/05\/Unknown-1320x880.jpeg 1320w\" sizes=\"auto, (max-width: 1024px) 100vw, 1024px\" \/><\/figure>\n\n\n\n<p>V ned\u011bli v Nov\u00e9m M\u011bst\u011b na Morav\u011b pokra\u010duje z\u00e1vodn\u00ed program hlavn\u00edmi z\u00e1vody cross country.<\/p>\n\n\n\n<p>V\u00fdsledky:<\/p>\n\n\n\n<p>1. <strong>Barbora Bukovsk\u00e1<\/strong> (CZE, Czech National Team), <strong>55:33<\/strong><\/p>\n\n\n\n<p>2. Rafaelle Carrier (CAN, Pivot Cycles OTE) +1:22<\/p>\n\n\n\n<p>3. Anja Grossmann (SUI, Swiss National Team) +2:00<\/p>\n\n\n\n<p>4. Maru\u0161a Tereza \u0160erkezi (GER, Cube Next Generation) +2:27<\/p>\n\n\n\n<p>5. <strong>Lucie Grohov\u00e1<\/strong> (CZE, Czech National Team) +<strong>3:13<\/strong><\/p>\n\n\n\n<p>\u2026<\/p>\n\n\n\n<p>14. Am\u00e1lie Gottwaldov\u00e1 \u2013 1:00:55 (+5:22)<\/p>\n\n\n\n<p>35. Hanka Vikov\u00e1 \u2013 1:03:56 (+8:23)<\/p>\n\n\n\n<p>47. Barbora Groul\u00edkov\u00e1 \u2013 1:05:48 (+10:15)<\/p>\n\n\n\n<p>54. Barbora \u0160\u00edslov\u00e1 \u2013 1:06:58 (+11:25)<\/p>\n\n\n\n<p>58. Veronika Srnsk\u00e1 \u2013 1:07:34 (+12:01)<\/p>\n\n\n\n<p>64. Nela V\u00e1vrov\u00e1 -1 kolo<\/p>\n\n\n\n<p>66. Julie St\u0159\u00edbn\u00e1 -1 kolo<\/p>\n\n\n\n<p>70. Nikola Brad\u00e1\u010dov\u00e1 -1 kolo<\/p>\n\n\n\n<p>77. Lucie Bor\u00e1nkov\u00e1 -1 kolo<\/p>\n\n\n\n<p>DNF \u2013 Michaela Jiroutkov\u00e1<\/p>\n\n\n\n<p>Foto: Filip Bezd\u011bk<\/p>\n","protected":false},"excerpt":{"rendered":"<p>Barbora Bukovsk\u00e1 potvrdila svoj\u00ed v\u00fdkonnost z p\u0159ede\u0161l\u00fdch Sv\u011btov\u00fdch poh\u00e1r\u016f a ovl\u00e1dla dom\u00e1c\u00ed Sv\u011btov\u00fd poh\u00e1r v Nov\u00e9m M\u011bst\u011b na Morav\u011b.&nbsp; \u010ceskou senzaci potvrdila tak\u00e9 na p\u00e1t\u00e9m m\u00edst\u011b Lucie Grohov\u00e1. Bukovsk\u00e1 dnes ke dv\u011bma bronz\u016fm z italsk\u00e9ho Nalles a rakousk\u00e9ho Haimingu p\u0159idala zlato z dom\u00e1c\u00edho z\u00e1vodu Juniorsk\u00e9 sv\u011btov\u00e9 s\u00e9rie v Nov\u00e9m M\u011bst\u011b na Morav\u011b. Od startu \u010desk\u00e1 [&hellip;]<\/p>\n","protected":false},"author":9,"featured_media":35703,"comment_status":"closed","ping_status":"open","sticky":false,"template":"","format":"standard","meta":{"footnotes":""},"categories":[6,2],"tags":[102],"class_list":["post-35702","post","type-post","status-publish","format-standard","has-post-thumbnail","hentry","category-mtb","category-novinky","tag-mtb-trial"],"_links":{"self":[{"href":"https:\/\/www.czechcyclingfederation.com\/en\/wp-json\/wp\/v2\/posts\/35702","targetHints":{"allow":["GET"]}}],"collection":[{"href":"https:\/\/www.czechcyclingfederation.com\/en\/wp-json\/wp\/v2\/posts"}],"about":[{"href":"https:\/\/www.czechcyclingfederation.com\/en\/wp-json\/wp\/v2\/types\/post"}],"author":[{"embeddable":true,"href":"https:\/\/www.czechcyclingfederation.com\/en\/wp-json\/wp\/v2\/users\/9"}],"replies":[{"embeddable":true,"href":"https:\/\/www.czechcyclingfederation.com\/en\/wp-json\/wp\/v2\/comments?post=35702"}],"version-history":[{"count":4,"href":"https:\/\/www.czechcyclingfederation.com\/en\/wp-json\/wp\/v2\/posts\/35702\/revisions"}],"predecessor-version":[{"id":35710,"href":"https:\/\/www.czechcyclingfederation.com\/en\/wp-json\/wp\/v2\/posts\/35702\/revisions\/35710"}],"wp:featuredmedia":[{"embeddable":true,"href":"https:\/\/www.czechcyclingfederation.com\/en\/wp-json\/wp\/v2\/media\/35703"}],"wp:attachment":[{"href":"https:\/\/www.czechcyclingfederation.com\/en\/wp-json\/wp\/v2\/media?parent=35702"}],"wp:term":[{"taxonomy":"category","embeddable":true,"href":"https:\/\/www.czechcyclingfederation.com\/en\/wp-json\/wp\/v2\/categories?post=35702"},{"taxonomy":"post_tag","embeddable":true,"href":"https:\/\/www.czechcyclingfederation.com\/en\/wp-json\/wp\/v2\/tags?post=35702"}],"curies":[{"name":"wp","href":"https:\/\/api.w.org\/{rel}","templated":true}]}}