{"id":35699,"date":"2025-05-24T14:05:50","date_gmt":"2025-05-24T12:05:50","guid":{"rendered":"https:\/\/www.czechcyclingfederation.com\/?p=35699"},"modified":"2025-05-24T15:26:27","modified_gmt":"2025-05-24T13:26:27","slug":"short-track-v-nmnm-cink-sedmnacty-spesna-dvacata","status":"publish","type":"post","link":"https:\/\/www.czechcyclingfederation.com\/en\/short-track-v-nmnm-cink-sedmnacty-spesna-dvacata\/","title":{"rendered":"Short Track v NMNM: Cink sedmn\u00e1ct\u00fd, Sp\u011b\u0161n\u00e1 dvac\u00e1t\u00e1"},"content":{"rendered":"\n<p><strong>Sobotn\u00ed z\u00e1vody Short Tracku odstartovaly v\u00edkend Sv\u011btov\u00e9ho poh\u00e1ru horsk\u00fdch kol v Nov\u00e9m M\u011bst\u011b na Morav\u011b. Elitn\u00ed sv\u011btov\u00e1 konkurence se se\u0161la na dynamick\u00e9 trati, kde nechyb\u011bli ani \u010de\u0161t\u00ed reprezentanti.<\/strong><\/p>\n\n\n\n<p>Nejlep\u0161\u00edm \u010desk\u00fdm v\u00fdsledkem se m\u016f\u017ee pochlubit <strong>Ond\u0159ej Cink<\/strong>, kter\u00fd v z\u00e1vod\u011b mu\u017e\u016f Elite obsadil <strong>17. m\u00edsto<\/strong> se ztr\u00e1tou <strong>18 vte\u0159in<\/strong> na v\u00edt\u011bzn\u00e9ho <strong>Chrise Blevinse<\/strong> (USA, Specialized Factory). V z\u00e1vod\u011b \u017een Elite sko\u010dila na 35. m\u00edst\u011b <strong>Jitka \u010c\u00e1belick\u00e1<\/strong> (GAPP System \u2013 Cabtech), kter\u00e1 za v\u00edt\u011bznou <strong>Puck Pieterse<\/strong> (NED, Alpecin Deceuninck) zaostala o <strong>1:01 min<\/strong>.<\/p>\n\n\n\n<p>V kategorii \u017een do 23 let se p\u0159edstavily dv\u011b \u010desk\u00e9 z\u00e1vodnice. <strong>Simona Sp\u011b\u0161n\u00e1<\/strong> (Massi) dojela na <strong>solidn\u00edm 20. m\u00edst\u011b<\/strong> se ztr\u00e1tou <strong>43 sekund<\/strong> na v\u00edt\u011bznou <strong>Avu Holmgren<\/strong> z Kanady. <strong>Eli\u0161ka Han\u00e1kov\u00e1<\/strong> (Han\u00e1k Sisters) dorazila do c\u00edle jako <strong>31<\/strong>.<\/p>\n\n\n\n<p><em>\u201eM\u00e1m radost z v\u00fdsledk\u016f Ond\u0159eje, z\u00edtra p\u016fjde na start ze t\u0159et\u00ed \u0159ady a to je pro n\u011bj motivuj\u00edc\u00ed. Je v pohod\u011b, sv\u011bd\u010d\u00ed mu nov\u00fd t\u00fdm a je to hodn\u011b zn\u00e1t na z\u00e1vodn\u00edm projevu. Dobr\u00e9 je i dvac\u00e1t\u00e9 m\u00edsto Sim\u010di Sp\u011b\u0161n\u00e9. Z\u00edtra pojede jako Ond\u0159ej ze t\u0159et\u00ed \u0159ady, dnes m\u011bla z toho um\u00edst\u011bn\u00ed radost, kdyby se ji v z\u00e1vod\u011b XCO ten v\u00fdsledek poda\u0159ilo je\u0161t\u011b vylep\u0161it, bylo by to velmi dobr\u00e9,\u201c<\/em> okomentoval v\u00fdsledek reprezenta\u010dn\u00ed tren\u00e9r Viktor Zapletal.<\/p>\n\n\n\n<p>V kategorii mu\u017e\u016f U23 se z \u010desk\u00fdch reprezentant\u016f nikdo nep\u0159edstavil. Z\u00e1vod ovl\u00e1dl <strong>Heby Gustav Pedersen <\/strong>z D\u00e1nska.<\/p>\n\n\n\n<p>Z\u00e1vodn\u00ed program v Nov\u00e9m M\u011bst\u011b pokra\u010duje doprovodn\u00fdmi akcemi a v ned\u011bli se fanou\u0161ci mohou t\u011b\u0161it na hlavn\u00ed vrchol v\u00edkendu \u2013 olympijsk\u00e9 cross-country. \u010ce\u0161t\u00ed reprezentanti budou m\u00edt \u0161anci na repar\u00e1t s v\u00fdraznou podporou dom\u00e1c\u00edho publika.<\/p>\n\n\n\n<p>V\u00fdsledky:<\/p>\n\n\n\n<p><strong><em>\u017deny U23<\/em><\/strong><br>1. Ava Holmgren (CAN, Lidl Trek) 20:43<br>2. Isabella Holmgren (CAN, Lidl Trek) +0:01<br>3. Ella Macphee (CAN, Wilier Vittoria) +0:01<br>&#8230;<br>20. Simona Sp\u011b\u0161n\u00e1 (Massi) +0:43<br>31. Eli\u0161ka Han\u00e1kov\u00e1 (Han\u00e1k Sisters) +1:29<\/p>\n\n\n\n<p><strong><em>Mu\u017ei U23<\/em><\/strong><br>1. Heby Gustav Pedersen (DEN, Wilier Vittoria) 20:35<br>2. Sondre Rokke (NOR) +0:00<br>3. Elian Paccagnella (ITA, Wilier Vittoria) +0:01<br><br><strong><em>\u017deny Elite<\/em><\/strong><br>1. Puck Pieterse (NED, Alpecin Deceuninck) 20:22<br>2. Evie Richards (GBR, Trek Pirelli) +0:00<br>3. Linda Indergand (SUI, Liv Factory) +0:00<br>&#8230;<br>35. Jitka \u010c\u00e1belick\u00e1 (Cabtech Racing) +1:01<\/p>\n\n\n\n<p><strong><em>Mu\u017ei Elite<\/em><\/strong><br>1. Chris Blevins (USA, Specialized Factory) 20:07<br>2. Victor Koretzky (FRA, Specialized Factory) +0:00<br>3. Filippo Colombo (SUI, Scott Sram) +0:01<\/p>\n\n\n\n<p>\u2026<\/p>\n\n\n\n<p>17. Ond\u0159ej Cink (Cube Factory) +0:18<\/p>\n\n\n\n<p><\/p>\n","protected":false},"excerpt":{"rendered":"<p>Sobotn\u00ed z\u00e1vody Short Tracku odstartovaly v\u00edkend Sv\u011btov\u00e9ho poh\u00e1ru horsk\u00fdch kol v Nov\u00e9m M\u011bst\u011b na Morav\u011b. Elitn\u00ed sv\u011btov\u00e1 konkurence se se\u0161la na dynamick\u00e9 trati, kde nechyb\u011bli ani \u010de\u0161t\u00ed reprezentanti. Nejlep\u0161\u00edm \u010desk\u00fdm v\u00fdsledkem se m\u016f\u017ee pochlubit Ond\u0159ej Cink, kter\u00fd v z\u00e1vod\u011b mu\u017e\u016f Elite obsadil 17. m\u00edsto se ztr\u00e1tou 18 vte\u0159in na v\u00edt\u011bzn\u00e9ho Chrise Blevinse (USA, Specialized Factory). [&hellip;]<\/p>\n","protected":false},"author":9,"featured_media":31657,"comment_status":"closed","ping_status":"open","sticky":false,"template":"","format":"standard","meta":{"footnotes":""},"categories":[6,2],"tags":[10],"class_list":["post-35699","post","type-post","status-publish","format-standard","has-post-thumbnail","hentry","category-mtb","category-novinky","tag-mtb"],"_links":{"self":[{"href":"https:\/\/www.czechcyclingfederation.com\/en\/wp-json\/wp\/v2\/posts\/35699","targetHints":{"allow":["GET"]}}],"collection":[{"href":"https:\/\/www.czechcyclingfederation.com\/en\/wp-json\/wp\/v2\/posts"}],"about":[{"href":"https:\/\/www.czechcyclingfederation.com\/en\/wp-json\/wp\/v2\/types\/post"}],"author":[{"embeddable":true,"href":"https:\/\/www.czechcyclingfederation.com\/en\/wp-json\/wp\/v2\/users\/9"}],"replies":[{"embeddable":true,"href":"https:\/\/www.czechcyclingfederation.com\/en\/wp-json\/wp\/v2\/comments?post=35699"}],"version-history":[{"count":4,"href":"https:\/\/www.czechcyclingfederation.com\/en\/wp-json\/wp\/v2\/posts\/35699\/revisions"}],"predecessor-version":[{"id":35712,"href":"https:\/\/www.czechcyclingfederation.com\/en\/wp-json\/wp\/v2\/posts\/35699\/revisions\/35712"}],"wp:featuredmedia":[{"embeddable":true,"href":"https:\/\/www.czechcyclingfederation.com\/en\/wp-json\/wp\/v2\/media\/31657"}],"wp:attachment":[{"href":"https:\/\/www.czechcyclingfederation.com\/en\/wp-json\/wp\/v2\/media?parent=35699"}],"wp:term":[{"taxonomy":"category","embeddable":true,"href":"https:\/\/www.czechcyclingfederation.com\/en\/wp-json\/wp\/v2\/categories?post=35699"},{"taxonomy":"post_tag","embeddable":true,"href":"https:\/\/www.czechcyclingfederation.com\/en\/wp-json\/wp\/v2\/tags?post=35699"}],"curies":[{"name":"wp","href":"https:\/\/api.w.org\/{rel}","templated":true}]}}