{"id":35690,"date":"2025-05-22T17:41:23","date_gmt":"2025-05-22T15:41:23","guid":{"rendered":"https:\/\/www.czechcyclingfederation.com\/?p=35690"},"modified":"2025-05-22T17:41:26","modified_gmt":"2025-05-22T15:41:26","slug":"juniorske-kategorie-nejvetsimi-nadejemi-pro-sp-v-novem-meste","status":"publish","type":"post","link":"https:\/\/www.czechcyclingfederation.com\/en\/juniorske-kategorie-nejvetsimi-nadejemi-pro-sp-v-novem-meste\/","title":{"rendered":"Juniorsk\u00e9 kategorie nejv\u011bt\u0161\u00edmi nad\u011bjemi pro SP v\u00a0Nov\u00e9m M\u011bst\u011b"},"content":{"rendered":"\n<p>Hlavn\u011b v&nbsp;cross country Juniorsk\u00e9 sv\u011btov\u00e9 s\u00e9rie, kter\u00e9 je na programu v&nbsp;sobotu, by \u010de\u0161t\u00ed reprezentanti m\u011bli p\u0159i SP v&nbsp;cross country v&nbsp;Nov\u00e9m M\u011bst\u011b na Morav\u011b \u00fato\u010dit na nejvy\u0161\u0161\u00ed pozice. P\u0159edur\u010duj\u00ed je k&nbsp;tomu skv\u011bl\u00e9 v\u00fdsledky v&nbsp;dosavadn\u00ed \u010d\u00e1sti sezony.<\/p>\n\n\n\n<p><em>\u201eVe v\u0161ech z\u00e1vodech Juniorsk\u00e9 sv\u011btov\u00e9 s\u00e9rie, kter\u00fdch se v leto\u0161n\u00edm roce n\u00e1rodn\u00ed t\u00fdm MTB \u00fa\u010dastnil, obsadili na\u0161i junio\u0159i alespo\u0148 jedno p\u00f3diov\u00e9 um\u00edst\u011bn\u00ed. Dlouho nepamatujeme podobnou s\u00edlu \u010desk\u00e9ho juniorsk\u00e9ho v\u00fdb\u011bru p\u0159ed dom\u00e1c\u00edm z\u00e1vodem v\u00a0Nov\u00e9m M\u011bst\u011b,\u201c <\/em>uvedl reprezenta\u010dn\u00ed tren\u00e9r <strong>Viktor Zapletal.<\/strong><\/p>\n\n\n\n<p>B<strong>arbora Bukovsk\u00e1, Lucie Grohov\u00e1, Am\u00e1lie Gottwaldov\u00e1<\/strong> nebo <strong>Kry\u0161tof Ba\u017eant<\/strong> budou pat\u0159it k favorit\u016fm sobotn\u00edho z\u00e1vodu JWS. <em>\u201eAle nejen junio\u0159i maj\u00ed v\u00a0Nov\u00e9m M\u011bst\u011b \u0161anci na kvalitn\u00ed um\u00edst\u011bn\u00ed. T\u011b\u0161it se m\u016f\u017eeme i na dal\u0161\u00ed \u010desk\u00e9 reprezentanty, nap\u0159\u00edklad na t\u0159iadvac\u00edtk\u00e1\u0159ku a specialistku na z\u00e1vod XCC Simonu Sp\u011b\u0161nou nebo Ad\u00e9lu Holubovou, kter\u00e1 m\u00e1 aktu\u00e1ln\u011b v\u00fdbornou formu a boduje v z\u00e1vodech podobn\u011b jako dal\u0161\u00ed, letos u\u017e eli\u0165\u00e1k, Honza Zatloukal,\u201c<\/em> \u0159ekl tren\u00e9r.<\/p>\n\n\n\n<figure class=\"wp-block-image size-large\"><img loading=\"lazy\" decoding=\"async\" width=\"1006\" height=\"1024\" src=\"http:\/\/www.czechcyclingfederation.com\/wp-content\/uploads\/2025\/05\/Bukovska1-1006x1024.jpeg\" alt=\"\" class=\"wp-image-35628\" srcset=\"https:\/\/www.czechcyclingfederation.com\/wp-content\/uploads\/2025\/05\/Bukovska1-1006x1024.jpeg 1006w, https:\/\/www.czechcyclingfederation.com\/wp-content\/uploads\/2025\/05\/Bukovska1-196x200.jpeg 196w, https:\/\/www.czechcyclingfederation.com\/wp-content\/uploads\/2025\/05\/Bukovska1-768x782.jpeg 768w, https:\/\/www.czechcyclingfederation.com\/wp-content\/uploads\/2025\/05\/Bukovska1-1508x1536.jpeg 1508w, https:\/\/www.czechcyclingfederation.com\/wp-content\/uploads\/2025\/05\/Bukovska1-2011x2048.jpeg 2011w, https:\/\/www.czechcyclingfederation.com\/wp-content\/uploads\/2025\/05\/Bukovska1-1320x1344.jpeg 1320w\" sizes=\"auto, (max-width: 1006px) 100vw, 1006px\" \/><\/figure>\n\n\n\n<p>Na startu samoz\u0159ejm\u011b nebude chyb\u011bt ani dlouholet\u00e1 jedni\u010dka mu\u017esk\u00e9 kategorie <strong>Ond\u0159ej Cink<\/strong>.<em> \u201eM\u00e1 potenci\u00e1l atakovat minim\u00e1ln\u011b TOP 15 v absolutn\u00ed sv\u011btov\u00e9 konkurenci v\u010detn\u011b hv\u011bzd cyklistick\u00e9ho nebe, kter\u00fdmi budou van der Poel nebo Schurter,\u201c<\/em> podotkl k\u00a0ambic\u00edm Cinka Zapletal.<\/p>\n\n\n\n<p>Krom\u011b z\u00e1vodn\u00edk\u016f startuj\u00edc\u00edch v&nbsp;dresech reprezentace \u010cR budou dal\u0161\u00ed, stejn\u011b jako Cink, startovat za sv\u00e9 t\u00fdmy. Celkem by b\u011bhem dvou dn\u016f mohlo b\u00fdt v&nbsp;akci a\u017e 40 \u010desk\u00fdch biker\u016f.<\/p>\n\n\n\n<p>V\u00a0sobotu se pojede Sv\u011btov\u00fd poh\u00e1r v Short Tracku (XCC) kategori\u00ed Elite i do 23 let, n\u00e1sledn\u011b pak UCI Juniorsk\u00e1 serie v\u00a0cross-country obou kategori\u00ed a ve\u0159ejn\u00fd z\u00e1vod Night Race. V ned\u011bli pak n\u00e1v\u0161t\u011bvn\u00edky \u010dek\u00e1 Sv\u011btov\u00fd poh\u00e1r v olympijsk\u00e9m cross-country (XCO) \u2013 op\u011bt kategori\u00ed Elite i U23 let. <strong>Detailn\u00ed program najdete <u><a href=\"https:\/\/www.mtbnmnm.com\/cs\/race-program\">ZDE<\/a><\/u>.<\/strong><\/p>\n","protected":false},"excerpt":{"rendered":"<p>Hlavn\u011b v&nbsp;cross country Juniorsk\u00e9 sv\u011btov\u00e9 s\u00e9rie, kter\u00e9 je na programu v&nbsp;sobotu, by \u010de\u0161t\u00ed reprezentanti m\u011bli p\u0159i SP v&nbsp;cross country v&nbsp;Nov\u00e9m M\u011bst\u011b na Morav\u011b \u00fato\u010dit na nejvy\u0161\u0161\u00ed pozice. P\u0159edur\u010duj\u00ed je k&nbsp;tomu skv\u011bl\u00e9 v\u00fdsledky v&nbsp;dosavadn\u00ed \u010d\u00e1sti sezony. \u201eVe v\u0161ech z\u00e1vodech Juniorsk\u00e9 sv\u011btov\u00e9 s\u00e9rie, kter\u00fdch se v leto\u0161n\u00edm roce n\u00e1rodn\u00ed t\u00fdm MTB \u00fa\u010dastnil, obsadili na\u0161i junio\u0159i alespo\u0148 jedno [&hellip;]<\/p>\n","protected":false},"author":15,"featured_media":35632,"comment_status":"closed","ping_status":"open","sticky":false,"template":"","format":"standard","meta":{"footnotes":""},"categories":[6,2],"tags":[10],"class_list":["post-35690","post","type-post","status-publish","format-standard","has-post-thumbnail","hentry","category-mtb","category-novinky","tag-mtb"],"_links":{"self":[{"href":"https:\/\/www.czechcyclingfederation.com\/en\/wp-json\/wp\/v2\/posts\/35690","targetHints":{"allow":["GET"]}}],"collection":[{"href":"https:\/\/www.czechcyclingfederation.com\/en\/wp-json\/wp\/v2\/posts"}],"about":[{"href":"https:\/\/www.czechcyclingfederation.com\/en\/wp-json\/wp\/v2\/types\/post"}],"author":[{"embeddable":true,"href":"https:\/\/www.czechcyclingfederation.com\/en\/wp-json\/wp\/v2\/users\/15"}],"replies":[{"embeddable":true,"href":"https:\/\/www.czechcyclingfederation.com\/en\/wp-json\/wp\/v2\/comments?post=35690"}],"version-history":[{"count":2,"href":"https:\/\/www.czechcyclingfederation.com\/en\/wp-json\/wp\/v2\/posts\/35690\/revisions"}],"predecessor-version":[{"id":35692,"href":"https:\/\/www.czechcyclingfederation.com\/en\/wp-json\/wp\/v2\/posts\/35690\/revisions\/35692"}],"wp:featuredmedia":[{"embeddable":true,"href":"https:\/\/www.czechcyclingfederation.com\/en\/wp-json\/wp\/v2\/media\/35632"}],"wp:attachment":[{"href":"https:\/\/www.czechcyclingfederation.com\/en\/wp-json\/wp\/v2\/media?parent=35690"}],"wp:term":[{"taxonomy":"category","embeddable":true,"href":"https:\/\/www.czechcyclingfederation.com\/en\/wp-json\/wp\/v2\/categories?post=35690"},{"taxonomy":"post_tag","embeddable":true,"href":"https:\/\/www.czechcyclingfederation.com\/en\/wp-json\/wp\/v2\/tags?post=35690"}],"curies":[{"name":"wp","href":"https:\/\/api.w.org\/{rel}","templated":true}]}}