{"id":35657,"date":"2025-05-20T07:26:20","date_gmt":"2025-05-20T05:26:20","guid":{"rendered":"https:\/\/www.czechcyclingfederation.com\/?p=35657"},"modified":"2025-05-20T09:32:08","modified_gmt":"2025-05-20T07:32:08","slug":"barbora-vojta-ctvrta-na-sp-v-enduru-v-polsku","status":"publish","type":"post","link":"https:\/\/www.czechcyclingfederation.com\/en\/barbora-vojta-ctvrta-na-sp-v-enduru-v-polsku\/","title":{"rendered":"Barbora Vojta \u010dtvrt\u00e1 na SP v\u00a0enduru v\u00a0Polsku!"},"content":{"rendered":"\n<p>V\u00fdborn\u00e9 \u010dtvrt\u00e9 m\u00edsto vybojovala na druh\u00e9m z\u00e1vod\u011b Sv\u011btov\u00e9ho poh\u00e1ru v&nbsp;enduru v&nbsp;polsk\u00e9m st\u0159edisku Bielsko Biala \u010desk\u00e1 reprezentantka <strong>Barbora Vojta<\/strong>. Mezi mu\u017ei se bl\u00fdskl <strong>Stanislav Sehnal<\/strong> \u010dtrn\u00e1ctou p\u0159\u00ed\u010dkou.<\/p>\n\n\n\n<p>V&nbsp;\u017eensk\u00e9 kategorii se na startu z\u00e1vodu, kter\u00fd prov\u00e1zelo chladn\u00e9 a de\u0161tiv\u00e9 po\u010das\u00ed, se\u0161lo 30 bikerek. Barbora Vojta, kter\u00e1 se vloni stala maminkou a dva a p\u016fl m\u011bs\u00edce po porodu dok\u00e1zala na premi\u00e9rov\u00e9m MS v&nbsp;enduru skon\u010dit t\u0159in\u00e1ct\u00e1, letos kv\u016fli tr\u00e9ninku a mate\u0159sk\u00fdm povinnostem vynechala \u00favodn\u00ed z\u00e1vod seri\u00e1lu v&nbsp;It\u00e1lii. V&nbsp;Polsku u\u017e na startu nechyb\u011bla a bylo z&nbsp;toho v\u00fdborn\u00e9 \u010dtvrt\u00e9 m\u00edsto.<\/p>\n\n\n\n<figure class=\"wp-block-image size-large\"><img loading=\"lazy\" decoding=\"async\" width=\"819\" height=\"1024\" src=\"http:\/\/www.czechcyclingfederation.com\/wp-content\/uploads\/2024\/09\/barbora-vojta-ms-enduro-819x1024.jpg\" alt=\"\" class=\"wp-image-32047\" srcset=\"https:\/\/www.czechcyclingfederation.com\/wp-content\/uploads\/2024\/09\/barbora-vojta-ms-enduro-819x1024.jpg 819w, https:\/\/www.czechcyclingfederation.com\/wp-content\/uploads\/2024\/09\/barbora-vojta-ms-enduro-160x200.jpg 160w, https:\/\/www.czechcyclingfederation.com\/wp-content\/uploads\/2024\/09\/barbora-vojta-ms-enduro-768x960.jpg 768w, https:\/\/www.czechcyclingfederation.com\/wp-content\/uploads\/2024\/09\/barbora-vojta-ms-enduro-1229x1536.jpg 1229w, https:\/\/www.czechcyclingfederation.com\/wp-content\/uploads\/2024\/09\/barbora-vojta-ms-enduro.jpg 1280w\" sizes=\"auto, (max-width: 819px) 100vw, 819px\" \/><\/figure>\n\n\n\n<p><em>\u201eJe to neskute\u010dn\u00e9, m\u016fj nejlep\u0161\u00ed v\u00fdsledek ve Sv\u011btov\u00e9m poh\u00e1ru. Ur\u010dit\u011b jsem nejrychlej\u0161\u00ed m\u00e1ma,\u201c <\/em>komentovala z\u00e1vod na \u010desk\u00e1 reprezentantka.<em> \u201eJsem moc r\u00e1da, \u017ee jsem zp\u00e1tky ve Sv\u011btov\u00e9m poh\u00e1ru. Je\u0161t\u011b nejsem \u00fapln\u011b ve 100procentn\u00ed kondici, ale mus\u00edm j\u00edt krok po kroku. P\u0159ece jen je to teprve 10,5 m\u011bs\u00edce, co se n\u00e1m narodila dcera. D\u011bkuji rodin\u011b a v\u0161em fanou\u0161k\u016fm, kte\u0159\u00ed dorazili. Douf\u00e1m, \u017ee jste si to u\u017eili, i kdy\u017e po\u010das\u00ed bylo \u0161\u00edlen\u00e9,\u201c <\/em>dodala Vojta.<\/p>\n\n\n\n<p>Mezi mu\u017ei se v&nbsp;konkurenci 100 startuj\u00edc\u00edch p\u0159edvedl \u010dtrn\u00e1ct\u00fdm m\u00edstem <strong>Stanislav Sehnal.<\/strong> <em>\u201ePo\u0159\u00e1d to nem\u016f\u017eu zpracovat. Absolutn\u011b mi nep\u0159i\u0161lo, \u017ee jedu takhle dob\u0159e. Bylo to hlavn\u011b o fyzi\u010dce, a to nen\u00ed \u00fapln\u011b m\u00e1 nejsiln\u011bj\u0161\u00ed str\u00e1nka. Asi tam v&nbsp;t\u011bch no\u017ek\u00e1ch je v\u00edc, ne\u017e si po\u0159\u00e1d mysl\u00edm,\u201c <\/em>uvedl Sehnal.<\/p>\n\n\n\n<figure class=\"wp-block-image size-large\"><img loading=\"lazy\" decoding=\"async\" width=\"958\" height=\"1024\" src=\"https:\/\/www.czechcyclingfederation.com\/wp-content\/uploads\/2025\/05\/sehnal-958x1024.jpg\" alt=\"\" class=\"wp-image-35659\" srcset=\"https:\/\/www.czechcyclingfederation.com\/wp-content\/uploads\/2025\/05\/sehnal-958x1024.jpg 958w, https:\/\/www.czechcyclingfederation.com\/wp-content\/uploads\/2025\/05\/sehnal-187x200.jpg 187w, https:\/\/www.czechcyclingfederation.com\/wp-content\/uploads\/2025\/05\/sehnal-768x821.jpg 768w, https:\/\/www.czechcyclingfederation.com\/wp-content\/uploads\/2025\/05\/sehnal.jpg 1080w\" sizes=\"auto, (max-width: 958px) 100vw, 958px\" \/><\/figure>\n\n\n\n<p>Jak si vedli dal\u0161\u00ed \u010ce\u0161i? <strong>Adam Maxa<\/strong> skon\u010dil 21., <strong>Mat\u011bj Charv\u00e1t <\/strong>23., <strong>Vojt\u011bch Bl\u00e1ha<\/strong> 25. a <strong>Jakub Pivni\u010dka <\/strong>33. Mezi juniory byl \u010dtvrt\u00fd <strong>Jan Rys<\/strong>, p\u00e1t\u00fd <strong>Mat\u011bj \u0160rail <\/strong>a sedm\u00fd <strong>Mat\u011bj R\u00fddl.<\/strong><\/p>\n\n\n\n<p>Foto Instagram a archiv<\/p>\n","protected":false},"excerpt":{"rendered":"<p>V\u00fdborn\u00e9 \u010dtvrt\u00e9 m\u00edsto vybojovala na druh\u00e9m z\u00e1vod\u011b Sv\u011btov\u00e9ho poh\u00e1ru v&nbsp;enduru v&nbsp;polsk\u00e9m st\u0159edisku Bielsko Biala \u010desk\u00e1 reprezentantka Barbora Vojta. Mezi mu\u017ei se bl\u00fdskl Stanislav Sehnal \u010dtrn\u00e1ctou p\u0159\u00ed\u010dkou. V&nbsp;\u017eensk\u00e9 kategorii se na startu z\u00e1vodu, kter\u00fd prov\u00e1zelo chladn\u00e9 a de\u0161tiv\u00e9 po\u010das\u00ed, se\u0161lo 30 bikerek. Barbora Vojta, kter\u00e1 se vloni stala maminkou a dva a p\u016fl m\u011bs\u00edce po porodu [&hellip;]<\/p>\n","protected":false},"author":15,"featured_media":35666,"comment_status":"closed","ping_status":"open","sticky":false,"template":"","format":"standard","meta":{"footnotes":""},"categories":[6,2],"tags":[10],"class_list":["post-35657","post","type-post","status-publish","format-standard","has-post-thumbnail","hentry","category-mtb","category-novinky","tag-mtb"],"_links":{"self":[{"href":"https:\/\/www.czechcyclingfederation.com\/en\/wp-json\/wp\/v2\/posts\/35657","targetHints":{"allow":["GET"]}}],"collection":[{"href":"https:\/\/www.czechcyclingfederation.com\/en\/wp-json\/wp\/v2\/posts"}],"about":[{"href":"https:\/\/www.czechcyclingfederation.com\/en\/wp-json\/wp\/v2\/types\/post"}],"author":[{"embeddable":true,"href":"https:\/\/www.czechcyclingfederation.com\/en\/wp-json\/wp\/v2\/users\/15"}],"replies":[{"embeddable":true,"href":"https:\/\/www.czechcyclingfederation.com\/en\/wp-json\/wp\/v2\/comments?post=35657"}],"version-history":[{"count":4,"href":"https:\/\/www.czechcyclingfederation.com\/en\/wp-json\/wp\/v2\/posts\/35657\/revisions"}],"predecessor-version":[{"id":35668,"href":"https:\/\/www.czechcyclingfederation.com\/en\/wp-json\/wp\/v2\/posts\/35657\/revisions\/35668"}],"wp:featuredmedia":[{"embeddable":true,"href":"https:\/\/www.czechcyclingfederation.com\/en\/wp-json\/wp\/v2\/media\/35666"}],"wp:attachment":[{"href":"https:\/\/www.czechcyclingfederation.com\/en\/wp-json\/wp\/v2\/media?parent=35657"}],"wp:term":[{"taxonomy":"category","embeddable":true,"href":"https:\/\/www.czechcyclingfederation.com\/en\/wp-json\/wp\/v2\/categories?post=35657"},{"taxonomy":"post_tag","embeddable":true,"href":"https:\/\/www.czechcyclingfederation.com\/en\/wp-json\/wp\/v2\/tags?post=35657"}],"curies":[{"name":"wp","href":"https:\/\/api.w.org\/{rel}","templated":true}]}}