{"id":35627,"date":"2025-05-19T13:56:50","date_gmt":"2025-05-19T11:56:50","guid":{"rendered":"https:\/\/www.czechcyclingfederation.com\/?p=35627"},"modified":"2025-05-19T13:56:53","modified_gmt":"2025-05-19T11:56:53","slug":"dve-juniorky-znovu-na-podiu-v-juniorske-svetove-mtb-serii","status":"publish","type":"post","link":"https:\/\/www.czechcyclingfederation.com\/en\/dve-juniorky-znovu-na-podiu-v-juniorske-svetove-mtb-serii\/","title":{"rendered":"Dv\u011b juniorky znovu na p\u00f3diu v Juniorsk\u00e9 sv\u011btov\u00e9 MTB s\u00e9rii"},"content":{"rendered":"\n<p>Juniorka Barbora Bukovsk\u00e1 zaznamenala v seri\u00e1lu Juniorsk\u00e9 sv\u011btov\u00e9 MTB s\u00e9rie zat\u00edm sv\u016fj nejv\u011bt\u0161\u00ed \u00fasp\u011bch, kdy\u017e dokon\u010dila z\u00e1vod v n\u011bmeck\u00e9 Heubachu na druh\u00e9m m\u00edst\u011b. Formu \u010desk\u00e9 juniorsk\u00e9 reprezentace dokl\u00e1daj\u00ed i dal\u0161\u00ed v\u00fdsledky v TOP 8. Na p\u00e1t\u00e9m m\u00edst\u011b se um\u00edstila a na roz\u0161\u00ed\u0159en\u00e9 p\u00f3dium doprovodila Barboru, Lucie Grohov\u00e1, sedm\u00e1 dokon\u010dila z\u00e1vod Am\u00e1lie Gottwaldov\u00e1 a osm\u00fd v c\u00edli juniorsk\u00e9ho z\u00e1vodu byl Kry\u0161tof Ba\u017eant.<\/p>\n\n\n\n<p>\u010ce\u0161t\u00ed junio\u0159i tak v t\u00e9to sez\u00f3n\u011b je\u0161t\u011b ani jednou nechyb\u011bli na p\u00f3diu z\u00e1vodech Juniorsk\u00e9 sv\u011btov\u00e9 s\u00e9rie, na kter\u00fdch startovali!&nbsp;&nbsp;&nbsp;<\/p>\n\n\n\n<p>N\u011bmeck\u00fd Heubach je u\u017e 25 let prov\u00e1zan\u00fd s bikov\u00fdm festivalem, od po\u010d\u00e1tku organizovan\u00fdm pod n\u00e1zvem Bike the Rock. Z\u00e1vodem \u017eije doslova cel\u00e9 m\u011bsto a ob\u0159\u00ed sportovn\u011b &#8211; kulturn\u00ed akci doprov\u00e1z\u00ed hudebn\u00ed kulisa nejslavn\u011bj\u0161\u00edch, nad\u010dasov\u00fdch rockov\u00fdch song\u016f. Od \u010dasn\u00e9ho sobotn\u00edho r\u00e1na se v p\u0159\u00edrodn\u00edm bikov\u00e9m are\u00e1lu z\u00e1vod\u00ed ve v\u0161ech bikov\u00fdch discipl\u00edn\u00e1ch a ve v\u0161ech v\u011bkov\u00fdch a v\u00fdkonnostn\u00edch kategori\u00edch. Vrcholem je ned\u011bln\u00ed z\u00e1vod v olympijsk\u00e9m cross country za\u0159azen\u00fd do vysok\u00e9 kategorie HC UCI a pro z\u00e1vod junior\u016f do Junior World Series. Term\u00ednov\u00e1 prov\u00e1zanost se z\u00e1vodem Juniorsk\u00e9 sv\u011btov\u00e9 s\u00e9rie v rakousk\u00e9m Haimingu v minul\u00e9m t\u00fddnu a p\u0159ipravovan\u00fdm z\u00e1vod\u011b v Nov\u00e9m M\u011bst\u011b na Morav\u011b pak generuje siln\u00e9 a po\u010detn\u00e9 startovn\u00ed pole, v\u010detn\u011b z\u00e1mo\u0159sk\u00fdch t\u00fdm\u016f z Austr\u00e1lie, Kanady, USA, Jihoafrick\u00e9 republiky, atd.&nbsp;&nbsp;<\/p>\n\n\n\n<p>Barbora Bukovsk\u00e1 (DK BIKESHOP Racing Team) je v juniorsk\u00e9 kategorii teprve prvn\u00edm rokem a u\u017e toho sta\u010dila dos\u00e1hnout pom\u011brn\u011b hodn\u011b aby nikoho nenechala na pochyb\u00e1ch, o sv\u00fdch p\u0159edpokladech pro v\u00fdkonnostn\u00ed cyklistiku. Vicemistryn\u011b sv\u011bta v cyklokrosu p\u0159edv\u00e1d\u00ed obdivuhodnou v\u00fdkonnost i v olympijsk\u00e9 discipl\u00edn\u011b horsk\u00fdch kol cross country. V Heubachu, ziskem st\u0159\u00edbrn\u00e9 medaile zat\u00edm dos\u00e1hla na sv\u016fj nejv\u011bt\u0161\u00ed bikov\u00fd \u00fasp\u011bch. Barbora Bukovsk\u00e1 podobn\u011b jako v minul\u00fdch z\u00e1vodech v\u00fdborn\u011b odstartovala a u\u017e v \u00favodn\u00edm kole se za\u0159adila za v\u00edt\u011bznou Slovinku a \u00fa\u0159aduj\u00edc\u00ed mistryni Evropy Maru\u0161u Terezu \u0160arkezi.&nbsp;&nbsp;<\/p>\n\n\n\n<p>\u201eDnes jsem se c\u00edtila siln\u00e1 hlavn\u011b v kopc\u00edch, tak\u017ee mysl\u00edm, \u017ee formu m\u00e1m dobrou, Startovala jsem ze \u010dtvrt\u00e9 \u0159ady a hned v prvn\u00edm kopci jsem se dot\u00e1hla na \u010delo z\u00e1vodu a \u0161la rovnou i na prvn\u00ed pozici. T\u011bsn\u011b p\u0159ed sjezdem m\u011b Maru\u0161a Tereza je\u0161t\u011b stihla p\u0159edjet a j\u00e1 si tak dr\u017eela s odstupem druh\u00e9 m\u00edsto a\u017e do c\u00edle. Do Nov\u00e9ho M\u011bsta se moc t\u011b\u0161\u00edm na dom\u00e1c\u00ed tra\u0165 a atmosf\u00e9ru\u201c okomentovala v c\u00edli sv\u016fj v\u00fdkon Barbora Bukovsk\u00e1.<\/p>\n\n\n\n<figure class=\"wp-block-image size-large\"><img loading=\"lazy\" decoding=\"async\" width=\"1006\" height=\"1024\" src=\"https:\/\/www.czechcyclingfederation.com\/wp-content\/uploads\/2025\/05\/Bukovska1-1-1006x1024.jpeg\" alt=\"\" class=\"wp-image-35630\" srcset=\"https:\/\/www.czechcyclingfederation.com\/wp-content\/uploads\/2025\/05\/Bukovska1-1-1006x1024.jpeg 1006w, https:\/\/www.czechcyclingfederation.com\/wp-content\/uploads\/2025\/05\/Bukovska1-1-196x200.jpeg 196w, https:\/\/www.czechcyclingfederation.com\/wp-content\/uploads\/2025\/05\/Bukovska1-1-768x782.jpeg 768w, https:\/\/www.czechcyclingfederation.com\/wp-content\/uploads\/2025\/05\/Bukovska1-1-1508x1536.jpeg 1508w, https:\/\/www.czechcyclingfederation.com\/wp-content\/uploads\/2025\/05\/Bukovska1-1-2011x2048.jpeg 2011w, https:\/\/www.czechcyclingfederation.com\/wp-content\/uploads\/2025\/05\/Bukovska1-1-1320x1344.jpeg 1320w\" sizes=\"auto, (max-width: 1006px) 100vw, 1006px\" \/><\/figure>\n\n\n\n<p>S\u00edlu d\u00edv\u010d\u00ed reprezenta\u010dn\u00ed sestavy umoc\u0148uj\u00ed dal\u0161\u00ed v\u00fdborn\u00e9 v\u00fdsledky. V\u00fdkon Lucie Grohov\u00e9 (Team DUKLA Praha) tentokr\u00e1t nebyl zat\u00ed\u017een\u00fd \u017e\u00e1dn\u00fdmi technick\u00fdmi probl\u00e9my a Lucie, kter\u00e1 disponuje zejm\u00e9na v\u00fdbornou technikou ve sjezdech a silou ve stoup\u00e1n\u00edch se ze zadn\u00ed startovn\u00ed pozice rychle dok\u00e1zala prosadit a\u017e na \u00faplnou \u0161pici z\u00e1vodu a v\u00fdsledn\u00e9 p\u00e1t\u00e9 m\u00edsto je zat\u00edm nejlep\u0161\u00edm juniorsk\u00fdm v\u00fdkonem talentovan\u00e9 z\u00e1vodnice. Sedmou pozici obsadila Am\u00e1lie Gottwaldov\u00e1 (CP Team), kter\u00e1 cel\u00fd jarn\u00ed blok z\u00e1vod\u016f absolvuje s vyrovnan\u00fdmi v\u00fdsledky v TOP 10.<\/p>\n\n\n\n<p>V z\u00e1vod\u011b junior\u016f se Kry\u0161tof Ba\u017eant (Cyklostar Pirelli) dlouho sna\u017eil o um\u00edst\u011bn\u00ed v TOP 5. Opakovan\u00e9 dlouh\u00e9, stup\u0148uj\u00edc\u00ed se stoup\u00e1n\u00ed v Heubachu, ale bylo v z\u00e1v\u011bru pro Kry\u0161tofa vy\u010derp\u00e1vaj\u00edc\u00ed a ve druh\u00e9 \u010d\u00e1sti n\u00e1ro\u010dn\u00e9ho a rychl\u00e9ho z\u00e1vodu ztratil p\u00f3diovou pozici a z\u00e1vod dokon\u010dil na osm\u00e9m m\u00edst\u011b.<\/p>\n\n\n\n<p>\u201eZ\u00e1vod se po startu a v prvn\u00edch dvou kolech vyv\u00edjel z m\u00e9ho pohledu optim\u00e1ln\u011b, byl jsem na pr\u016fb\u011b\u017en\u00fdch p\u00f3diov\u00fdch p\u0159\u00ed\u010dk\u00e1ch. Dal\u0161\u00ed pr\u016fb\u011bh z\u00e1vodu u\u017e tak optim\u00e1ln\u00ed nebyl, po svi\u017en\u00e9m startu jsem zaplatil za sv\u00e9 nasazen\u00ed a propadl se a\u017e na v\u00fdsledn\u00e9 osm\u00e9 m\u00edsto. P\u0159\u00ed\u0161t\u00ed t\u00fdden v Nov\u00e9m M\u011bst\u011b bych se cht\u011bl uk\u00e1zat p\u0159ed dom\u00e1c\u00edm publikem v co nejlep\u0161\u00edm sv\u011btle. TOP 5 by byl pro m\u011b \u00fasp\u011bch a r\u00e1d bych se k tomuto v\u00fdsledku p\u0159ibl\u00ed\u017eil\u201c, shrnul sv\u00e9 pocity lo\u0148sk\u00fd vicemistr Evropy horsk\u00fdch kol, ale tak\u00e9 bronzov\u00fd medailista mistrovstv\u00ed sv\u011bta v cyklokrosu, Kry\u0161tof Ba\u017eant.<\/p>\n\n\n\n<p>\u010cesk\u00fd juniorsk\u00fd v\u00fdb\u011br se znovu sejde v p\u00e1tek v Nov\u00e9m M\u011bst\u011b na Morav\u011b, kde spole\u010dn\u011b absolvuje ofici\u00e1ln\u00ed tr\u00e9nink na trati od 17 hodin.&nbsp;&nbsp;<\/p>\n\n\n\n<p>V nominaci pro z\u00e1vod Juniorsk\u00e9 sv\u011btov\u00e9 s\u00e9rie je celkem dev\u011bt z\u00e1vodn\u00edk\u016f:<\/p>\n\n\n\n<p>Juniorky:<\/p>\n\n\n\n<p>1. Bukovsk\u00e1 Barbora, 2008 (DK BIKESHOP Racing Team)<\/p>\n\n\n\n<p>2. Grohov\u00e1 Lucie, 2008 (DUKLA Praha)<\/p>\n\n\n\n<p>3. Gottwaldov\u00e1 Am\u00e1lie, 2007 (CP Team)<\/p>\n\n\n\n<p>4. Jiroutkov\u00e1 Michaela, 2008 (LAWI Junior Team)<\/p>\n\n\n\n<p>Junio\u0159i:<\/p>\n\n\n\n<p>1. Ba\u017eant Kry\u0161tof, 2007 (Cyklostar Pirelli)<\/p>\n\n\n\n<p>2. Mu\u0161\u00e1lek Jakub, 2007 (HEAD KMC Team Opava)<\/p>\n\n\n\n<p>3. Soukup Daniel, 2008 (Team DUKLA Praha)<\/p>\n\n\n\n<p>4. Severyn Richard, 2007 (Expres CZ BMD Team Kol\u00edn)<\/p>\n\n\n\n<p>5. Mit\u00e1\u0161 Robert, 2007 (Cyklostar Pirelli)<\/p>\n\n\n\n<p>P\u00f3diov\u00e9 v\u00fdsledky \u010desk\u00fdch talentovan\u00fdch junior\u016f v t\u00e9to sez\u00f3n\u011b jsou motivac\u00ed pro celou \u010deskou bikovou sc\u00e9nu a spolu s aktu\u00e1ln\u00ed formou a v\u00fdsledky Ond\u0159eje Cinka, Ad\u00e9ly Holubov\u00e9 nebo Jana Zatloukala asi i nejlep\u0161\u00ed pozv\u00e1nkou pro fanou\u0161ky cyklistiky na v\u00edkendov\u00fd bikov\u00fd sv\u00e1tek UCI World MTB Series a Junior World Series v Nov\u00e9m m\u011bst\u011b na Morav\u011b.&nbsp;&nbsp;&nbsp;&nbsp;<\/p>\n","protected":false},"excerpt":{"rendered":"<p>Juniorka Barbora Bukovsk\u00e1 zaznamenala v seri\u00e1lu Juniorsk\u00e9 sv\u011btov\u00e9 MTB s\u00e9rie zat\u00edm sv\u016fj nejv\u011bt\u0161\u00ed \u00fasp\u011bch, kdy\u017e dokon\u010dila z\u00e1vod v n\u011bmeck\u00e9 Heubachu na druh\u00e9m m\u00edst\u011b. Formu \u010desk\u00e9 juniorsk\u00e9 reprezentace dokl\u00e1daj\u00ed i dal\u0161\u00ed v\u00fdsledky v TOP 8. Na p\u00e1t\u00e9m m\u00edst\u011b se um\u00edstila a na roz\u0161\u00ed\u0159en\u00e9 p\u00f3dium doprovodila Barboru, Lucie Grohov\u00e1, sedm\u00e1 dokon\u010dila z\u00e1vod Am\u00e1lie Gottwaldov\u00e1 a osm\u00fd v [&hellip;]<\/p>\n","protected":false},"author":1,"featured_media":35632,"comment_status":"closed","ping_status":"open","sticky":false,"template":"","format":"standard","meta":{"footnotes":""},"categories":[6,2],"tags":[10],"class_list":["post-35627","post","type-post","status-publish","format-standard","has-post-thumbnail","hentry","category-mtb","category-novinky","tag-mtb"],"_links":{"self":[{"href":"https:\/\/www.czechcyclingfederation.com\/en\/wp-json\/wp\/v2\/posts\/35627","targetHints":{"allow":["GET"]}}],"collection":[{"href":"https:\/\/www.czechcyclingfederation.com\/en\/wp-json\/wp\/v2\/posts"}],"about":[{"href":"https:\/\/www.czechcyclingfederation.com\/en\/wp-json\/wp\/v2\/types\/post"}],"author":[{"embeddable":true,"href":"https:\/\/www.czechcyclingfederation.com\/en\/wp-json\/wp\/v2\/users\/1"}],"replies":[{"embeddable":true,"href":"https:\/\/www.czechcyclingfederation.com\/en\/wp-json\/wp\/v2\/comments?post=35627"}],"version-history":[{"count":1,"href":"https:\/\/www.czechcyclingfederation.com\/en\/wp-json\/wp\/v2\/posts\/35627\/revisions"}],"predecessor-version":[{"id":35634,"href":"https:\/\/www.czechcyclingfederation.com\/en\/wp-json\/wp\/v2\/posts\/35627\/revisions\/35634"}],"wp:featuredmedia":[{"embeddable":true,"href":"https:\/\/www.czechcyclingfederation.com\/en\/wp-json\/wp\/v2\/media\/35632"}],"wp:attachment":[{"href":"https:\/\/www.czechcyclingfederation.com\/en\/wp-json\/wp\/v2\/media?parent=35627"}],"wp:term":[{"taxonomy":"category","embeddable":true,"href":"https:\/\/www.czechcyclingfederation.com\/en\/wp-json\/wp\/v2\/categories?post=35627"},{"taxonomy":"post_tag","embeddable":true,"href":"https:\/\/www.czechcyclingfederation.com\/en\/wp-json\/wp\/v2\/tags?post=35627"}],"curies":[{"name":"wp","href":"https:\/\/api.w.org\/{rel}","templated":true}]}}