{"id":35539,"date":"2025-05-18T21:53:52","date_gmt":"2025-05-18T19:53:52","guid":{"rendered":"https:\/\/www.czechcyclingfederation.com\/?p=35539"},"modified":"2025-05-18T22:04:12","modified_gmt":"2025-05-18T20:04:12","slug":"draharka-sevcikova-ovladla-omnium-na-gp-brno","status":"publish","type":"post","link":"https:\/\/www.czechcyclingfederation.com\/en\/draharka-sevcikova-ovladla-omnium-na-gp-brno\/","title":{"rendered":"Dr\u00e1ha\u0159ka \u0160ev\u010d\u00edkov\u00e1 ovl\u00e1dla omnium na GP Brno"},"content":{"rendered":"\n<p><strong>Skv\u011bl\u00e9 v\u00edt\u011bzstv\u00ed vybojovala Petra \u0160ev\u010d\u00edkov\u00e1 z Dukly Praha na dr\u00e1hov\u00e9m Grand Prix Brno v omniu. V podniku prvn\u00ed kategorie kalend\u00e1\u0159e UCI po druh\u00e9m m\u00edst\u011b v z\u00e1v\u011bre\u010dn\u00e9m dvojn\u00e1sobn\u011b bodovan\u00e9m spurtu v posledn\u00ed discipl\u00edn\u011b bodova\u010dce p\u0159esko\u010dila do t\u00e9 doby vedouc\u00ed \u0161v\u00fdcarsk\u00e9 duo Fabienne Buriov\u00e1 a Michelle Andresov\u00e1.<\/strong><\/p>\n\n\n\n<p>&#8220;Dopadlo to velmi dob\u0159e i kdy\u017e jsem musela docela bojovat s velkou p\u0159esilou \u0160v\u00fdcarek, kter\u00e9 spolupracovaly. V\u0161e se rozhodlo v z\u00e1v\u011bre\u010dn\u00e9 bodova\u010dce a bylo t\u011b\u017ek\u00e9 se dostat do jak\u00e9hokoliv spurtu, proto\u017ee \u0160v\u00fdcarky a Polky m\u011bly sv\u00e9 vl\u00e1\u010dky. Do z\u00e1vodu jsem \u0161la s c\u00edlem ned\u011blat hlavn\u011b zbyte\u010dn\u00e9 chyby, nepl\u00fdtvat silami, proto\u017ee bylo jasn\u00e9, \u017ee soupe\u0159ky budou spolupracovat. Nejprve jsem bojovala o t\u0159et\u00ed m\u00edsto a p\u0159ed posledn\u00edm spurtem jsem nev\u011bd\u011bla, jak na tom jsem a vy\u0161lo to skv\u011ble,&#8221; \u0159ekla Petra \u0160ev\u010d\u00edkov\u00e1.<\/p>\n\n\n\n<figure class=\"wp-block-image size-large\"><img loading=\"lazy\" decoding=\"async\" width=\"1024\" height=\"717\" src=\"https:\/\/www.czechcyclingfederation.com\/wp-content\/uploads\/2025\/05\/P5183700-1024x717.jpg\" alt=\"\" class=\"wp-image-35542\" srcset=\"https:\/\/www.czechcyclingfederation.com\/wp-content\/uploads\/2025\/05\/P5183700-1024x717.jpg 1024w, https:\/\/www.czechcyclingfederation.com\/wp-content\/uploads\/2025\/05\/P5183700-286x200.jpg 286w, https:\/\/www.czechcyclingfederation.com\/wp-content\/uploads\/2025\/05\/P5183700-768x538.jpg 768w, https:\/\/www.czechcyclingfederation.com\/wp-content\/uploads\/2025\/05\/P5183700-1536x1075.jpg 1536w, https:\/\/www.czechcyclingfederation.com\/wp-content\/uploads\/2025\/05\/P5183700-2048x1433.jpg 2048w, https:\/\/www.czechcyclingfederation.com\/wp-content\/uploads\/2025\/05\/P5183700-1320x924.jpg 1320w\" sizes=\"auto, (max-width: 1024px) 100vw, 1024px\" \/><\/figure>\n\n\n\n<p>Do prvn\u00ed des\u00edtky v\u00fdsledkov\u00fdch listin se dostala je\u0161t\u011b jej\u00ed t\u00fdmov\u00e1 kolegyn\u011b Veronika Barton\u00edkov\u00e1, kter\u00e1 skon\u010dila v omniu dev\u00e1t\u00e1. Maty\u00e1\u0161 Kobl\u00ed\u017eek a Jan Vone\u0161 (TUFO Pardus Prost\u011bjov) obsadili v madisonu \u0161est\u00e9 m\u00edsto a Mat\u011bj Tamme byl osm\u00fd v keirinu.<\/p>\n\n\n\n<figure class=\"wp-block-image size-large\"><img loading=\"lazy\" decoding=\"async\" width=\"1024\" height=\"616\" src=\"https:\/\/www.czechcyclingfederation.com\/wp-content\/uploads\/2025\/05\/P5183179-1024x616.jpg\" alt=\"\" class=\"wp-image-35545\" srcset=\"https:\/\/www.czechcyclingfederation.com\/wp-content\/uploads\/2025\/05\/P5183179-1024x616.jpg 1024w, https:\/\/www.czechcyclingfederation.com\/wp-content\/uploads\/2025\/05\/P5183179-300x181.jpg 300w, https:\/\/www.czechcyclingfederation.com\/wp-content\/uploads\/2025\/05\/P5183179-768x462.jpg 768w, https:\/\/www.czechcyclingfederation.com\/wp-content\/uploads\/2025\/05\/P5183179-1536x925.jpg 1536w, https:\/\/www.czechcyclingfederation.com\/wp-content\/uploads\/2025\/05\/P5183179-1320x795.jpg 1320w, https:\/\/www.czechcyclingfederation.com\/wp-content\/uploads\/2025\/05\/P5183179.jpg 1975w\" sizes=\"auto, (max-width: 1024px) 100vw, 1024px\" \/><\/figure>\n\n\n\n<p>V\u00fdsledky:<\/p>\n\n\n\n<p>Mu\u017ei:<\/p>\n\n\n\n<p>Madison:<\/p>\n\n\n\n<p>1. Augenstein, Malcharek (N\u011bm.) 43, 2. Vogel, Constant (\u0160v\u00fdc.) 32, 3. Prokopyszyn, Staniszewski (Pol.) 29, &#8230;6. M. Kobl\u00ed\u017eek, Vone\u0161 (TUFO Pardus Prost\u011bjov) 16.<\/p>\n\n\n\n<p>Keirin:<\/p>\n\n\n\n<p>1. Rudyk (Pol.), 2. Lovassy (Ma\u010f.), 3. Burawski (Pol.), 4. Szalontay (Ma\u010f.), 5. Monks (Brit.), 6. Gabruszewicz (Pol.), &#8230;8. Tamme, 13. Peterka, Po\u0159\u00edzek, 14. Topinka (v\u0161ichni Dukla Brno).<\/p>\n\n\n\n<p>\u017deny:<\/p>\n\n\n\n<p>Omnium:<\/p>\n\n\n\n<p>1. \u0160ev\u010d\u00edkov\u00e1 (Dukla Praha) 109, 2. Buriov\u00e1 107, 3. Andresov\u00e1 102, 4. Seitzov\u00e1 (v\u0161echny \u0160v\u00fdc.) 93, 5. Larrarteov\u00e1 (\u0160p.) 88, 6. Ja\u0161\u010denkov\u00e1 (UKR.) 83, &#8230;9. Barton\u00edkov\u00e1 (Dukla Praha) 74.<\/p>\n\n\n\n<p>Keirin:<\/p>\n\n\n\n<p>1.Lohvy\u0148ukov\u00e1 (Ukr.), 2. Petriov\u00e1 Pol.), 3. Casasov\u00e1 (\u0160p.), 4. Bileck\u00e1, 5. Sibiakov\u00e1 (ob\u011b Pol.), 6. J\u00e4gerov\u00e1 (N\u011bm.), &#8230;11. A. Jaborn\u00edkov\u00e1, 13. Poulov\u00e1, 13. V. Jaborn\u00edkov\u00e1, 14. Peterkov\u00e1 (v\u0161echny Dukla Brno).<\/p>\n\n\n\n<p>FOTO Ivo Ry\u0161av\u00fd<\/p>\n","protected":false},"excerpt":{"rendered":"<p>Skv\u011bl\u00e9 v\u00edt\u011bzstv\u00ed vybojovala Petra \u0160ev\u010d\u00edkov\u00e1 z Dukly Praha na dr\u00e1hov\u00e9m Grand Prix Brno v omniu. V podniku prvn\u00ed kategorie kalend\u00e1\u0159e UCI po druh\u00e9m m\u00edst\u011b v z\u00e1v\u011bre\u010dn\u00e9m dvojn\u00e1sobn\u011b bodovan\u00e9m spurtu v posledn\u00ed discipl\u00edn\u011b bodova\u010dce p\u0159esko\u010dila do t\u00e9 doby vedouc\u00ed \u0161v\u00fdcarsk\u00e9 duo Fabienne Buriov\u00e1 a Michelle Andresov\u00e1. &#8220;Dopadlo to velmi dob\u0159e i kdy\u017e jsem musela docela bojovat [&hellip;]<\/p>\n","protected":false},"author":8,"featured_media":35540,"comment_status":"closed","ping_status":"open","sticky":false,"template":"","format":"standard","meta":{"footnotes":""},"categories":[54,2],"tags":[9],"class_list":["post-35539","post","type-post","status-publish","format-standard","has-post-thumbnail","hentry","category-draha","category-novinky","tag-draha"],"_links":{"self":[{"href":"https:\/\/www.czechcyclingfederation.com\/en\/wp-json\/wp\/v2\/posts\/35539","targetHints":{"allow":["GET"]}}],"collection":[{"href":"https:\/\/www.czechcyclingfederation.com\/en\/wp-json\/wp\/v2\/posts"}],"about":[{"href":"https:\/\/www.czechcyclingfederation.com\/en\/wp-json\/wp\/v2\/types\/post"}],"author":[{"embeddable":true,"href":"https:\/\/www.czechcyclingfederation.com\/en\/wp-json\/wp\/v2\/users\/8"}],"replies":[{"embeddable":true,"href":"https:\/\/www.czechcyclingfederation.com\/en\/wp-json\/wp\/v2\/comments?post=35539"}],"version-history":[{"count":2,"href":"https:\/\/www.czechcyclingfederation.com\/en\/wp-json\/wp\/v2\/posts\/35539\/revisions"}],"predecessor-version":[{"id":35559,"href":"https:\/\/www.czechcyclingfederation.com\/en\/wp-json\/wp\/v2\/posts\/35539\/revisions\/35559"}],"wp:featuredmedia":[{"embeddable":true,"href":"https:\/\/www.czechcyclingfederation.com\/en\/wp-json\/wp\/v2\/media\/35540"}],"wp:attachment":[{"href":"https:\/\/www.czechcyclingfederation.com\/en\/wp-json\/wp\/v2\/media?parent=35539"}],"wp:term":[{"taxonomy":"category","embeddable":true,"href":"https:\/\/www.czechcyclingfederation.com\/en\/wp-json\/wp\/v2\/categories?post=35539"},{"taxonomy":"post_tag","embeddable":true,"href":"https:\/\/www.czechcyclingfederation.com\/en\/wp-json\/wp\/v2\/tags?post=35539"}],"curies":[{"name":"wp","href":"https:\/\/api.w.org\/{rel}","templated":true}]}}