{"id":355,"date":"2020-04-28T03:23:29","date_gmt":"2020-04-28T01:23:29","guid":{"rendered":"http:\/\/www.czechcyclingfederation.com\/?p=355"},"modified":"2020-07-16T13:41:33","modified_gmt":"2020-07-16T11:41:33","slug":"mistrovstvi-sveta-uci-bmx-2020-v-usa-odlozeno","status":"publish","type":"post","link":"https:\/\/www.czechcyclingfederation.com\/en\/mistrovstvi-sveta-uci-bmx-2020-v-usa-odlozeno\/","title":{"rendered":"Mistrovstv\u00ed sv\u011bta UCI BMX 2020 v USA odlo\u017eeno"},"content":{"rendered":"\n<p>Mistrovstv\u00ed sv\u011bta UCI BMX 2020 v Houstonu (USA) bylo odlo\u017eeno. Nov\u00fd term\u00edn bude up\u0159esn\u011bn pozd\u011bji. Podrobn\u00e9 infomace naleznete v p\u0159\u00edloze.<\/p>\n\n\n<div class=\"wp-block-file\">\r\n                <a target=\"_blank\" rel=\"noopener\" href=\"http:\/\/www.czechcyclingfederation.com\/wp-content\/uploads\/2020\/05\/PRESS-RELEASE-The-2020-UCI-BMX-World-Championships-in-Houston-United-States-postponed.pdf\" class=\"wp-block-file__button wp-element-button\">\r\n                    <span class=\"wp-block-file__icon\"><\/span>\r\n                    PRESS RELEASE &#8211; The 2020 UCI BMX World Championships in Houston (United States) postponed\r\n                <\/a>\r\n            <\/div>","protected":false},"excerpt":{"rendered":"<p>Mistrovstv\u00ed sv\u011bta UCI BMX 2020 v Houstonu (USA) bylo odlo\u017eeno. Nov\u00fd term\u00edn bude up\u0159esn\u011bn pozd\u011bji. Podrobn\u00e9 infomace naleznete v p\u0159\u00edloze.<\/p>\n","protected":false},"author":1,"featured_media":81,"comment_status":"closed","ping_status":"open","sticky":false,"template":"","format":"standard","meta":{"footnotes":""},"categories":[2],"tags":[56],"class_list":["post-355","post","type-post","status-publish","format-standard","has-post-thumbnail","hentry","category-novinky","tag-uci"],"_links":{"self":[{"href":"https:\/\/www.czechcyclingfederation.com\/en\/wp-json\/wp\/v2\/posts\/355","targetHints":{"allow":["GET"]}}],"collection":[{"href":"https:\/\/www.czechcyclingfederation.com\/en\/wp-json\/wp\/v2\/posts"}],"about":[{"href":"https:\/\/www.czechcyclingfederation.com\/en\/wp-json\/wp\/v2\/types\/post"}],"author":[{"embeddable":true,"href":"https:\/\/www.czechcyclingfederation.com\/en\/wp-json\/wp\/v2\/users\/1"}],"replies":[{"embeddable":true,"href":"https:\/\/www.czechcyclingfederation.com\/en\/wp-json\/wp\/v2\/comments?post=355"}],"version-history":[{"count":1,"href":"https:\/\/www.czechcyclingfederation.com\/en\/wp-json\/wp\/v2\/posts\/355\/revisions"}],"predecessor-version":[{"id":357,"href":"https:\/\/www.czechcyclingfederation.com\/en\/wp-json\/wp\/v2\/posts\/355\/revisions\/357"}],"wp:featuredmedia":[{"embeddable":true,"href":"https:\/\/www.czechcyclingfederation.com\/en\/wp-json\/wp\/v2\/media\/81"}],"wp:attachment":[{"href":"https:\/\/www.czechcyclingfederation.com\/en\/wp-json\/wp\/v2\/media?parent=355"}],"wp:term":[{"taxonomy":"category","embeddable":true,"href":"https:\/\/www.czechcyclingfederation.com\/en\/wp-json\/wp\/v2\/categories?post=355"},{"taxonomy":"post_tag","embeddable":true,"href":"https:\/\/www.czechcyclingfederation.com\/en\/wp-json\/wp\/v2\/tags?post=355"}],"curies":[{"name":"wp","href":"https:\/\/api.w.org\/{rel}","templated":true}]}}