{"id":35486,"date":"2025-05-18T12:20:33","date_gmt":"2025-05-18T10:20:33","guid":{"rendered":"https:\/\/www.czechcyclingfederation.com\/?p=35486"},"modified":"2025-05-18T12:22:07","modified_gmt":"2025-05-18T10:22:07","slug":"stosek-obhajil-maratonsky-titul-kalasova-slavila-v-zenach","status":"publish","type":"post","link":"https:\/\/www.czechcyclingfederation.com\/en\/stosek-obhajil-maratonsky-titul-kalasova-slavila-v-zenach\/","title":{"rendered":"Sto\u0161ek obh\u00e1jil maratonsk\u00fd titul, Kala\u0161ov\u00e1 slavila v \u017een\u00e1ch"},"content":{"rendered":"\n<p><strong>V sobotu 17. kv\u011btna se v r\u00e1mci legend\u00e1rn\u00edho Silesia Bike Marathonu uskute\u010dnilo \u0160koda Auto Mistrovstv\u00ed \u010cesk\u00e9 republiky v maratonu horsk\u00fdch kol. <\/strong><\/p>\n\n\n\n<p>Na extr\u00e9mn\u011b n\u00e1ro\u010dn\u00e9 trati dlouh\u00e9 <strong>90 km<\/strong> s p\u0159ev\u00fd\u0161en\u00edm p\u0159es <strong>2.250 metr\u016f<\/strong> se bojovalo o dom\u00e1c\u00ed tituly v prav\u00fdch MTB podm\u00ednk\u00e1ch \u2013 b\u011bhem z\u00e1vodu se nad trat\u00ed n\u011bkolikr\u00e1t p\u0159ehnaly de\u0161\u0165ov\u00e9 p\u0159eh\u00e1\u0148ky, kter\u00e9 umocnily n\u00e1ro\u010dnost a p\u0159inesly autentick\u00fd maratonsk\u00fd z\u00e1\u017eitek.<\/p>\n\n\n\n<figure class=\"wp-block-image size-large\"><img loading=\"lazy\" decoding=\"async\" width=\"1024\" height=\"684\" src=\"https:\/\/www.czechcyclingfederation.com\/wp-content\/uploads\/2025\/05\/Skoda-Auto-MCR-XCM-Opava-Prima-CUP-start-zavodu-1024x684.jpg\" alt=\"\" class=\"wp-image-35487\" srcset=\"https:\/\/www.czechcyclingfederation.com\/wp-content\/uploads\/2025\/05\/Skoda-Auto-MCR-XCM-Opava-Prima-CUP-start-zavodu-1024x684.jpg 1024w, https:\/\/www.czechcyclingfederation.com\/wp-content\/uploads\/2025\/05\/Skoda-Auto-MCR-XCM-Opava-Prima-CUP-start-zavodu-300x200.jpg 300w, https:\/\/www.czechcyclingfederation.com\/wp-content\/uploads\/2025\/05\/Skoda-Auto-MCR-XCM-Opava-Prima-CUP-start-zavodu-768x513.jpg 768w, https:\/\/www.czechcyclingfederation.com\/wp-content\/uploads\/2025\/05\/Skoda-Auto-MCR-XCM-Opava-Prima-CUP-start-zavodu-1536x1025.jpg 1536w, https:\/\/www.czechcyclingfederation.com\/wp-content\/uploads\/2025\/05\/Skoda-Auto-MCR-XCM-Opava-Prima-CUP-start-zavodu-1320x881.jpg 1320w, https:\/\/www.czechcyclingfederation.com\/wp-content\/uploads\/2025\/05\/Skoda-Auto-MCR-XCM-Opava-Prima-CUP-start-zavodu.jpg 2048w\" sizes=\"auto, (max-width: 1024px) 100vw, 1024px\" \/><\/figure>\n\n\n\n<p>Z\u00e1vod odstartoval z <strong>Opavsk\u00e9ho n\u00e1m\u011bst\u00ed<\/strong>, odkud se peloton vydal vst\u0159\u00edc beskydsk\u00fdm a jesenick\u00fdm kopc\u016fm a monument\u016fm. V elitn\u00ed kategorii mu\u017e\u016f zv\u00edt\u011bzil a <strong>titul obh\u00e1jil Martin Sto\u0161ek<\/strong>, mezi \u017eenami se radovala <strong>Milena Kala\u0161ov\u00e1<\/strong>, ta z\u00edskala titul naposledy v roce 2022 na Doln\u00ed Morav\u011b.<\/p>\n\n\n\n<p>Martin Sto\u0161ek (Buff Megamo) zvl\u00e1dl t\u011b\u017ekou trasu v \u010dase <strong>3:37:34<\/strong>. Na druh\u00e9m m\u00edst\u011b dojel Filip Adel (Superior Team) se ztr\u00e1tou <strong>2 minut a 41 vte\u0159in<\/strong>, bronz vybojoval Marek Rauchfuss (\u010cesk\u00e1 spo\u0159itelna Accolade) ve stejn\u00e9m \u010dase jako Adel.<\/p>\n\n\n\n<figure class=\"wp-block-image size-large\"><img loading=\"lazy\" decoding=\"async\" width=\"1024\" height=\"682\" src=\"https:\/\/www.czechcyclingfederation.com\/wp-content\/uploads\/2025\/05\/Skoda-Auto-MCR-XCM-Opava-Prima-CUP-Stosk-cil-2-1024x682.jpg\" alt=\"\" class=\"wp-image-35489\" srcset=\"https:\/\/www.czechcyclingfederation.com\/wp-content\/uploads\/2025\/05\/Skoda-Auto-MCR-XCM-Opava-Prima-CUP-Stosk-cil-2-1024x682.jpg 1024w, https:\/\/www.czechcyclingfederation.com\/wp-content\/uploads\/2025\/05\/Skoda-Auto-MCR-XCM-Opava-Prima-CUP-Stosk-cil-2-300x200.jpg 300w, https:\/\/www.czechcyclingfederation.com\/wp-content\/uploads\/2025\/05\/Skoda-Auto-MCR-XCM-Opava-Prima-CUP-Stosk-cil-2-768x511.jpg 768w, https:\/\/www.czechcyclingfederation.com\/wp-content\/uploads\/2025\/05\/Skoda-Auto-MCR-XCM-Opava-Prima-CUP-Stosk-cil-2-1536x1022.jpg 1536w, https:\/\/www.czechcyclingfederation.com\/wp-content\/uploads\/2025\/05\/Skoda-Auto-MCR-XCM-Opava-Prima-CUP-Stosk-cil-2-1320x878.jpg 1320w, https:\/\/www.czechcyclingfederation.com\/wp-content\/uploads\/2025\/05\/Skoda-Auto-MCR-XCM-Opava-Prima-CUP-Stosk-cil-2.jpg 2048w\" sizes=\"auto, (max-width: 1024px) 100vw, 1024px\" \/><\/figure>\n\n\n\n<p>\u201eChv\u00edli jsme jeli ve dvou a \u0159\u00edkal jsem si, \u017ee jestli takhle pojedeme d\u00e1l, tak \u017ee to bude docela dost t\u011b\u017ek\u00fd. Ale ta skupinka vzadu potom docela rychle s\u00edlila a to tempo se zase zklidnilo a jeli jsme dohromady a\u017e na n\u011bjak\u00fd ten \u0161edes\u00e1t\u00fd p\u00e1t\u00fd kilometr. Tam jsem m\u011bl napl\u00e1novan\u00fd jedno m\u00edsto, kde jsem si \u0159\u00edkal, \u017ee by bylo dobr\u00fd za\u00fato\u010dit ve stoup\u00e1n\u00ed a to se mi povedlo, proto\u017ee odtamtud jsem tu\u0161il, \u017ee bude foukat do zad na c\u00edl. Odtamtud to bylo zhruba hodinu do c\u00edle a tam jsem za to vzal a jel jsem potom s\u00e1m. Na to jsem si docela v\u011b\u0159il, proto\u017ee takov\u00fdhle jakoby \u010dasovk\u00e1\u0159sk\u00fd tempo mi docela vyhovuje, tak\u017ee jakmile jsem vid\u011bl, \u017ee m\u00e1m n\u00e1skok, tak u\u017e jsem si v\u011b\u0159il, \u017ee to dot\u00e1hnu,\u201c popsal kl\u00ed\u010dov\u00fd moment z\u00e1vodu Martin Sto\u0161ek.<\/p>\n\n\n\n<figure class=\"wp-block-image size-large\"><img loading=\"lazy\" decoding=\"async\" width=\"1024\" height=\"682\" src=\"https:\/\/www.czechcyclingfederation.com\/wp-content\/uploads\/2025\/05\/Skoda-Auto-MCR-XCM-Opava-Prima-CUP-Milena-Kalasova-cil-1024x682.jpg\" alt=\"\" class=\"wp-image-35491\" srcset=\"https:\/\/www.czechcyclingfederation.com\/wp-content\/uploads\/2025\/05\/Skoda-Auto-MCR-XCM-Opava-Prima-CUP-Milena-Kalasova-cil-1024x682.jpg 1024w, https:\/\/www.czechcyclingfederation.com\/wp-content\/uploads\/2025\/05\/Skoda-Auto-MCR-XCM-Opava-Prima-CUP-Milena-Kalasova-cil-300x200.jpg 300w, https:\/\/www.czechcyclingfederation.com\/wp-content\/uploads\/2025\/05\/Skoda-Auto-MCR-XCM-Opava-Prima-CUP-Milena-Kalasova-cil-768x511.jpg 768w, https:\/\/www.czechcyclingfederation.com\/wp-content\/uploads\/2025\/05\/Skoda-Auto-MCR-XCM-Opava-Prima-CUP-Milena-Kalasova-cil-1536x1022.jpg 1536w, https:\/\/www.czechcyclingfederation.com\/wp-content\/uploads\/2025\/05\/Skoda-Auto-MCR-XCM-Opava-Prima-CUP-Milena-Kalasova-cil-1320x878.jpg 1320w, https:\/\/www.czechcyclingfederation.com\/wp-content\/uploads\/2025\/05\/Skoda-Auto-MCR-XCM-Opava-Prima-CUP-Milena-Kalasova-cil.jpg 2048w\" sizes=\"auto, (max-width: 1024px) 100vw, 1024px\" \/><\/figure>\n\n\n\n<p>V \u017eensk\u00e9 kategorii si pro titul dojela <strong>Milena Kala\u0161ov\u00e1<\/strong> (K3 Performance) s \u010dasem <strong>4:24:55<\/strong>. St\u0159\u00edbro brala Jana Czeczinkarov\u00e1 (Cyklostar Pirelli) za <strong>4:27:09<\/strong> a bronz Kl\u00e1ra Kub\u00ednov\u00e1 (GVT PCG) s \u010dasem <strong>4:41:08<\/strong>.<\/p>\n\n\n\n<p>Z\u00e1vod byl sou\u010d\u00e1st\u00ed <strong>seri\u00e1lu Prima CUP.<\/strong> Na start se postavili nejen elitn\u00ed z\u00e1vodn\u00edci, ale tak\u00e9 stovky hobby jezdc\u016f a rodin, pro kter\u00e9 byly p\u0159ipraveny krat\u0161\u00ed trasy (50 a 18 km). Organiz\u00e1to\u0159i p\u0159ipravili mimo\u0159\u00e1dn\u011b v\u00fdjime\u010dn\u00fd z\u00e1vodn\u00ed den, kter\u00fd potvrdil presti\u017e Silesia Bike Marathonu na dom\u00e1c\u00ed MTB sc\u00e9n\u011b. P\u0159es n\u00e1ro\u010dn\u00e9 po\u010das\u00ed panovala skv\u011bl\u00e1 atmosf\u00e9ra a cel\u00fd region \u017eil cyklistikou.<\/p>\n\n\n\n<p>Dal\u0161\u00ed zast\u00e1vkou seri\u00e1lu <a href=\"https:\/\/www.iprimacup.cz\/\">Prima CUP<\/a> bude u\u017e v sobotu <strong>7. \u010dervna<\/strong> maraton <a href=\"https:\/\/www.iprimacup.cz\/25-dm\/\">\u0160koda Auto Doln\u00ed Morava<\/a>, kter\u00fd je sou\u010dasn\u011b za\u0159azen v UCI kalend\u00e1\u0159i a svou jedine\u010dnou trasou kolem Kr\u00e1lick\u00e9ho Sn\u011b\u017en\u00edku se \u0159ad\u00ed k prav\u00fdm alpsk\u00fdm maraton\u016fm.&nbsp;<\/p>\n\n\n\n<figure class=\"wp-block-image size-large\"><img loading=\"lazy\" decoding=\"async\" width=\"1024\" height=\"682\" src=\"https:\/\/www.czechcyclingfederation.com\/wp-content\/uploads\/2025\/05\/Skoda-Auto-MCR-XCM-Opava-Prima-CUP-podim-Elite-1024x682.jpg\" alt=\"\" class=\"wp-image-35493\" srcset=\"https:\/\/www.czechcyclingfederation.com\/wp-content\/uploads\/2025\/05\/Skoda-Auto-MCR-XCM-Opava-Prima-CUP-podim-Elite-1024x682.jpg 1024w, https:\/\/www.czechcyclingfederation.com\/wp-content\/uploads\/2025\/05\/Skoda-Auto-MCR-XCM-Opava-Prima-CUP-podim-Elite-300x200.jpg 300w, https:\/\/www.czechcyclingfederation.com\/wp-content\/uploads\/2025\/05\/Skoda-Auto-MCR-XCM-Opava-Prima-CUP-podim-Elite-768x511.jpg 768w, https:\/\/www.czechcyclingfederation.com\/wp-content\/uploads\/2025\/05\/Skoda-Auto-MCR-XCM-Opava-Prima-CUP-podim-Elite-1536x1022.jpg 1536w, https:\/\/www.czechcyclingfederation.com\/wp-content\/uploads\/2025\/05\/Skoda-Auto-MCR-XCM-Opava-Prima-CUP-podim-Elite-1320x878.jpg 1320w, https:\/\/www.czechcyclingfederation.com\/wp-content\/uploads\/2025\/05\/Skoda-Auto-MCR-XCM-Opava-Prima-CUP-podim-Elite.jpg 2048w\" sizes=\"auto, (max-width: 1024px) 100vw, 1024px\" \/><\/figure>\n\n\n\n<figure class=\"wp-block-image size-large\"><img loading=\"lazy\" decoding=\"async\" width=\"1024\" height=\"682\" src=\"http:\/\/www.czechcyclingfederation.com\/wp-content\/uploads\/2025\/05\/Skoda-Auto-MCR-XCM-Opava-Prima-CUP-zeny-podium-1024x682.jpg\" alt=\"\" class=\"wp-image-35497\" srcset=\"https:\/\/www.czechcyclingfederation.com\/wp-content\/uploads\/2025\/05\/Skoda-Auto-MCR-XCM-Opava-Prima-CUP-zeny-podium-1024x682.jpg 1024w, https:\/\/www.czechcyclingfederation.com\/wp-content\/uploads\/2025\/05\/Skoda-Auto-MCR-XCM-Opava-Prima-CUP-zeny-podium-300x200.jpg 300w, https:\/\/www.czechcyclingfederation.com\/wp-content\/uploads\/2025\/05\/Skoda-Auto-MCR-XCM-Opava-Prima-CUP-zeny-podium-768x511.jpg 768w, https:\/\/www.czechcyclingfederation.com\/wp-content\/uploads\/2025\/05\/Skoda-Auto-MCR-XCM-Opava-Prima-CUP-zeny-podium-1536x1022.jpg 1536w, https:\/\/www.czechcyclingfederation.com\/wp-content\/uploads\/2025\/05\/Skoda-Auto-MCR-XCM-Opava-Prima-CUP-zeny-podium-1320x878.jpg 1320w, https:\/\/www.czechcyclingfederation.com\/wp-content\/uploads\/2025\/05\/Skoda-Auto-MCR-XCM-Opava-Prima-CUP-zeny-podium.jpg 2048w\" sizes=\"auto, (max-width: 1024px) 100vw, 1024px\" \/><\/figure>\n\n\n\n<p><strong>V\u00fdsledky:<\/strong><\/p>\n\n\n\n<p>Mu\u017ei: 1. Martin Sto\u0161ek (Buff Megamo) 3:37:34, 2. Filip Adel (Superior Team) +2:41, 3. Marek Rauchfuss (\u010cesk\u00e1 spo\u0159itelna Accolade) +2:41, 4. Filip Rydval (D2Mont Merida) +2:44, 5. Vojt\u011bch Neradil (Superior Team) +3:16.<\/p>\n\n\n\n<p>&nbsp;\u017deny: 1. Milena Kala\u0161ov\u00e1 (K3 Performance) 4:24:55, 2. Jana Czeczinkarov\u00e1 (Cyklostar Pirelli) 4:27:09, 3. Kl\u00e1ra Kub\u00ednov\u00e1 (GVT PCG TEAM) 4:41:08.<\/p>\n\n\n\n<p>Foto: Jan Brychta<\/p>\n","protected":false},"excerpt":{"rendered":"<p>V sobotu 17. kv\u011btna se v r\u00e1mci legend\u00e1rn\u00edho Silesia Bike Marathonu uskute\u010dnilo \u0160koda Auto Mistrovstv\u00ed \u010cesk\u00e9 republiky v maratonu horsk\u00fdch kol. Na extr\u00e9mn\u011b n\u00e1ro\u010dn\u00e9 trati dlouh\u00e9 90 km s p\u0159ev\u00fd\u0161en\u00edm p\u0159es 2.250 metr\u016f se bojovalo o dom\u00e1c\u00ed tituly v prav\u00fdch MTB podm\u00ednk\u00e1ch \u2013 b\u011bhem z\u00e1vodu se nad trat\u00ed n\u011bkolikr\u00e1t p\u0159ehnaly de\u0161\u0165ov\u00e9 p\u0159eh\u00e1\u0148ky, kter\u00e9 umocnily n\u00e1ro\u010dnost [&hellip;]<\/p>\n","protected":false},"author":9,"featured_media":35500,"comment_status":"closed","ping_status":"open","sticky":false,"template":"","format":"standard","meta":{"footnotes":""},"categories":[6,2],"tags":[10],"class_list":["post-35486","post","type-post","status-publish","format-standard","has-post-thumbnail","hentry","category-mtb","category-novinky","tag-mtb"],"_links":{"self":[{"href":"https:\/\/www.czechcyclingfederation.com\/en\/wp-json\/wp\/v2\/posts\/35486","targetHints":{"allow":["GET"]}}],"collection":[{"href":"https:\/\/www.czechcyclingfederation.com\/en\/wp-json\/wp\/v2\/posts"}],"about":[{"href":"https:\/\/www.czechcyclingfederation.com\/en\/wp-json\/wp\/v2\/types\/post"}],"author":[{"embeddable":true,"href":"https:\/\/www.czechcyclingfederation.com\/en\/wp-json\/wp\/v2\/users\/9"}],"replies":[{"embeddable":true,"href":"https:\/\/www.czechcyclingfederation.com\/en\/wp-json\/wp\/v2\/comments?post=35486"}],"version-history":[{"count":2,"href":"https:\/\/www.czechcyclingfederation.com\/en\/wp-json\/wp\/v2\/posts\/35486\/revisions"}],"predecessor-version":[{"id":35502,"href":"https:\/\/www.czechcyclingfederation.com\/en\/wp-json\/wp\/v2\/posts\/35486\/revisions\/35502"}],"wp:featuredmedia":[{"embeddable":true,"href":"https:\/\/www.czechcyclingfederation.com\/en\/wp-json\/wp\/v2\/media\/35500"}],"wp:attachment":[{"href":"https:\/\/www.czechcyclingfederation.com\/en\/wp-json\/wp\/v2\/media?parent=35486"}],"wp:term":[{"taxonomy":"category","embeddable":true,"href":"https:\/\/www.czechcyclingfederation.com\/en\/wp-json\/wp\/v2\/categories?post=35486"},{"taxonomy":"post_tag","embeddable":true,"href":"https:\/\/www.czechcyclingfederation.com\/en\/wp-json\/wp\/v2\/tags?post=35486"}],"curies":[{"name":"wp","href":"https:\/\/api.w.org\/{rel}","templated":true}]}}