{"id":35478,"date":"2025-05-17T22:59:47","date_gmt":"2025-05-17T20:59:47","guid":{"rendered":"https:\/\/www.czechcyclingfederation.com\/?p=35478"},"modified":"2025-05-17T23:04:38","modified_gmt":"2025-05-17T21:04:38","slug":"sevcikova-s-bartovou-skoncily-druhe-v-madisonu-na-gp-brno","status":"publish","type":"post","link":"https:\/\/www.czechcyclingfederation.com\/en\/sevcikova-s-bartovou-skoncily-druhe-v-madisonu-na-gp-brno\/","title":{"rendered":"\u0160ev\u010d\u00edkov\u00e1 s B\u00e1rtovou skon\u010dily druh\u00e9 v madisonu na GP Brno"},"content":{"rendered":"\n<p>V\u00fdborn\u011b si vedla dvojice z\u00e1vodnic Dukly Praha Petra \u0160ev\u010d\u00edkov\u00e1 a Gabriela B\u00e1rtov\u00e1 na dr\u00e1hov\u00e9m z\u00e1vodu GP Brno, kter\u00fd je v kalend\u00e1\u0159i UCI veden jako podnik prvn\u00ed kategorie. \u010cesk\u00e9 z\u00e1vodnice skon\u010dily v madisonu na druh\u00e9m m\u00edst\u011b, kdy\u017e na v\u00edt\u011bzn\u00e9 \u0160v\u00fdcarky Aline Seitzovou a Fabienne Buriovou ztratily pouh\u00e9 t\u0159i body.<\/p>\n\n\n\n<p>Neztratila se ani Veronika Jaborn\u00edkov\u00e1 z Dukly Brno, kter\u00e1 ve sprintu obsadila \u010dtvrt\u00e9 m\u00edsto, v\u00edt\u011bzstv\u00ed vybojovala Paulina Petriov\u00e1 z Polska. Jej\u00ed krajan Mateusz Rudyk vyhr\u00e1l stejnou discipl\u00ednu mu\u017e\u016f v n\u00ed\u017e byl Dominik Topinka (Dukla Brno) osm\u00fd. Omnium mu\u017e\u016f ovl\u00e1dl dal\u0161\u00ed polsk\u00fd jezdec Filip Prokopyszyn.<\/p>\n\n\n\n<p>V\u00fdsledky:<\/p>\n\n\n\n<p>Mu\u017ei:<\/p>\n\n\n\n<p>Sprint:<\/p>\n\n\n\n<p>1. Rudyk (Pol.), 2. Danyl\u010duk (Ukr.), 3. Hackmann (N\u011bm.), 4. Szalontay (Ma\u010f.), 5, Sanchez (\u0160p.), 6. Vogt (N\u011bm.), &#8230;8. Topinka, 17. \u010cechman, 20. Hytych (v\u0161ichni Dukla Brno).<\/p>\n\n\n\n<p>Omnium:<\/p>\n\n\n\n<p>1. Prokopyszyn (Pol.) 128, 2. Constant (\u0160v\u00fdc.) 115, 3. Martorell (\u0160p.) 107, 4. Staniszewski (Pol.) 106, 5. Wafler 104, 6. Kokas (oba Rak.) 99, &#8230;24. \u0160irok\u00fd (TJ Favorit Brno) 10.<\/p>\n\n\n\n<p>\u017deny:<\/p>\n\n\n\n<p>1. Petriov\u00e1 (Pol.), 2. Pr\u00f6bsterov\u00e1 (N\u011bm.), 3. Semerakov\u00e1 (Pol.), 4. V. Jaborn\u00edkov\u00e1 (Dukla Brno), 5. Lohvi\u0148ukov\u00e1 (Ukr.), 6. J\u00e4gerov\u00e1 (N\u011bm.), &#8230;12. Peterkov\u00e1, 14. A. Jaborn\u00edkov\u00e1, 125. Poulov\u00e1 (v\u0161echny Dukla Brno).<\/p>\n\n\n\n<p>Madison:<\/p>\n\n\n\n<p>1.Seitzov\u00e1, Buriov\u00e1 (\u0160v\u00fdc.) 56, 2. \u0160ev\u010d\u00edkov\u00e1, B\u00e1rtov\u00e1 (Dukla Praha) 53, 3. Andresov\u00e1, Liehnerov\u00e1 (\u0160v\u00fdc.) 21, &#8230;5. Barton\u00edkov\u00e1, Rugovac (Dukla Praha\/VIF Cycling Team) 11.<\/p>\n\n\n\n<p>FOTO Ivo Ry\u0161av\u00fd<\/p>\n","protected":false},"excerpt":{"rendered":"<p>V\u00fdborn\u011b si vedla dvojice z\u00e1vodnic Dukly Praha Petra \u0160ev\u010d\u00edkov\u00e1 a Gabriela B\u00e1rtov\u00e1 na dr\u00e1hov\u00e9m z\u00e1vodu GP Brno, kter\u00fd je v kalend\u00e1\u0159i UCI veden jako podnik prvn\u00ed kategorie. \u010cesk\u00e9 z\u00e1vodnice skon\u010dily v madisonu na druh\u00e9m m\u00edst\u011b, kdy\u017e na v\u00edt\u011bzn\u00e9 \u0160v\u00fdcarky Aline Seitzovou a Fabienne Buriovou ztratily pouh\u00e9 t\u0159i body. Neztratila se ani Veronika Jaborn\u00edkov\u00e1 z Dukly [&hellip;]<\/p>\n","protected":false},"author":8,"featured_media":35482,"comment_status":"closed","ping_status":"open","sticky":false,"template":"","format":"standard","meta":{"footnotes":""},"categories":[54,2],"tags":[9],"class_list":["post-35478","post","type-post","status-publish","format-standard","has-post-thumbnail","hentry","category-draha","category-novinky","tag-draha"],"_links":{"self":[{"href":"https:\/\/www.czechcyclingfederation.com\/en\/wp-json\/wp\/v2\/posts\/35478","targetHints":{"allow":["GET"]}}],"collection":[{"href":"https:\/\/www.czechcyclingfederation.com\/en\/wp-json\/wp\/v2\/posts"}],"about":[{"href":"https:\/\/www.czechcyclingfederation.com\/en\/wp-json\/wp\/v2\/types\/post"}],"author":[{"embeddable":true,"href":"https:\/\/www.czechcyclingfederation.com\/en\/wp-json\/wp\/v2\/users\/8"}],"replies":[{"embeddable":true,"href":"https:\/\/www.czechcyclingfederation.com\/en\/wp-json\/wp\/v2\/comments?post=35478"}],"version-history":[{"count":2,"href":"https:\/\/www.czechcyclingfederation.com\/en\/wp-json\/wp\/v2\/posts\/35478\/revisions"}],"predecessor-version":[{"id":35484,"href":"https:\/\/www.czechcyclingfederation.com\/en\/wp-json\/wp\/v2\/posts\/35478\/revisions\/35484"}],"wp:featuredmedia":[{"embeddable":true,"href":"https:\/\/www.czechcyclingfederation.com\/en\/wp-json\/wp\/v2\/media\/35482"}],"wp:attachment":[{"href":"https:\/\/www.czechcyclingfederation.com\/en\/wp-json\/wp\/v2\/media?parent=35478"}],"wp:term":[{"taxonomy":"category","embeddable":true,"href":"https:\/\/www.czechcyclingfederation.com\/en\/wp-json\/wp\/v2\/categories?post=35478"},{"taxonomy":"post_tag","embeddable":true,"href":"https:\/\/www.czechcyclingfederation.com\/en\/wp-json\/wp\/v2\/tags?post=35478"}],"curies":[{"name":"wp","href":"https:\/\/api.w.org\/{rel}","templated":true}]}}