{"id":35468,"date":"2025-05-17T13:35:45","date_gmt":"2025-05-17T11:35:45","guid":{"rendered":"https:\/\/www.czechcyclingfederation.com\/?p=35468"},"modified":"2025-05-17T13:35:48","modified_gmt":"2025-05-17T11:35:48","slug":"milan-suchomel-ma-bronz-ve-sjezdu-z-ms-masters","status":"publish","type":"post","link":"https:\/\/www.czechcyclingfederation.com\/en\/milan-suchomel-ma-bronz-ve-sjezdu-z-ms-masters\/","title":{"rendered":"Milan Suchomel m\u00e1 bronz ve sjezdu z MS Masters!"},"content":{"rendered":"\n<p>Tren\u00e9r \u010desk\u00e9 reprezentace dowhnhillu a enduro <strong>Milan Suchomel<\/strong> jde sv\u00fdm sv\u011b\u0159enc\u016fm p\u0159\u00edkladem. Na mistrovstv\u00ed sv\u011bta ve sjezdu kategorie Masters v&nbsp;australsk\u00e9m Cairns vybojoval bronzovou medaili!<\/p>\n\n\n\n<p><em>\u201eT\u00fdden p\u0159ed z\u00e1vodem v de\u0161tn\u00e9m pralese pr\u0161elo a sv\u00edtilo slun\u00ed\u010dko. Tra\u0165 byla \u0161\u00edlen\u011b prom\u00e1\u010den\u00e1 i p\u0159esto, \u017ee je tady podzim, 30 stup\u0148\u016f a vysok\u00e1 vlhkost vzduchu. Dva dny tr\u00e9nink\u016f i samotn\u00fd z\u00e1vod u\u017e prob\u00edhaly za slune\u010dn\u00e9ho po\u010das\u00ed. Ale nejt\u011b\u017e\u0161\u00ed pas\u00e1\u017ee trati byly po\u0159\u00e1d dost klouzav\u00e9 a bylo to hor\u0161\u00ed, ne\u017e kdyby pr\u0161elo,\u201c <\/em>popisoval Suchomel.<\/p>\n\n\n\n<figure class=\"wp-block-image size-large\"><img loading=\"lazy\" decoding=\"async\" width=\"768\" height=\"1024\" src=\"https:\/\/www.czechcyclingfederation.com\/wp-content\/uploads\/2025\/05\/such2-768x1024.jpg\" alt=\"\" class=\"wp-image-35475\" srcset=\"https:\/\/www.czechcyclingfederation.com\/wp-content\/uploads\/2025\/05\/such2-768x1024.jpg 768w, https:\/\/www.czechcyclingfederation.com\/wp-content\/uploads\/2025\/05\/such2-150x200.jpg 150w, https:\/\/www.czechcyclingfederation.com\/wp-content\/uploads\/2025\/05\/such2-1152x1536.jpg 1152w, https:\/\/www.czechcyclingfederation.com\/wp-content\/uploads\/2025\/05\/such2.jpg 1200w\" sizes=\"auto, (max-width: 768px) 100vw, 768px\" \/><\/figure>\n\n\n\n<p>Ka\u017ed\u00fd z\u00e1vodn\u00edk m\u011bl k\u00a0dispozici dva dny tr\u00e9ninku po 3 hodin\u00e1ch, maxim\u00e1ln\u011b 4 j\u00edzdy za den. <em>\u201eV z\u00e1vodn\u00edm dni jsem vsadil na odpo\u010dinek a vynechal warm up j\u00edzdu. Cht\u011bl jsem j\u00edt rovnou do kvalifikace a pak do z\u00e1vodu. Ale bohu\u017eel, p\u00e1d jedn\u00e9 ze z\u00e1vodnic zastavil kvalifikaci na 90 minut a po dlouh\u00e9m \u010dek\u00e1n\u00ed n\u00e1m na startu \u0159ekli, \u017ee pojedeme rovnou fin\u00e1le. Nic p\u0159\u00edjemn\u00e9ho, ale bylo to pro v\u0161echny stejn\u00e9,\u201c <\/em>\u0159ekl Milan.<\/p>\n\n\n\n<p>A jak vid\u011bl samotnou fin\u00e1lovou j\u00edzdu? <em>\u201eUd\u011blal jsem dv\u011b chyby, jel jsem na jistotu pravou stopou, a to m\u011b asi st\u00e1lo zlato. Nicm\u00e9n\u011b medaile z\u00a0mistrovstv\u00ed sv\u011bta se po\u0159\u00e1d po\u010d\u00edt\u00e1 a m\u00e1m z\u00a0n\u00ed velikou radost. I vzhledem ke konkurenci, proto\u017ee se v\u00a0m\u00e9 kategorii se\u0161lo 12 rider\u016f z\u00a0Austr\u00e1lie, Japonska, USA a Nizozemska. Australani prost\u011b byli doma lep\u0161\u00ed, 8 j\u00edzd tr\u00e9ninku je m\u00e1lo, aby tu tra\u0165 \u010dlov\u011bk najel dokonale,\u201c <\/em>dodal tren\u00e9r reprezentace sjezdu a endura.<\/p>\n","protected":false},"excerpt":{"rendered":"<p>Tren\u00e9r \u010desk\u00e9 reprezentace dowhnhillu a enduro Milan Suchomel jde sv\u00fdm sv\u011b\u0159enc\u016fm p\u0159\u00edkladem. Na mistrovstv\u00ed sv\u011bta ve sjezdu kategorie Masters v&nbsp;australsk\u00e9m Cairns vybojoval bronzovou medaili! \u201eT\u00fdden p\u0159ed z\u00e1vodem v de\u0161tn\u00e9m pralese pr\u0161elo a sv\u00edtilo slun\u00ed\u010dko. Tra\u0165 byla \u0161\u00edlen\u011b prom\u00e1\u010den\u00e1 i p\u0159esto, \u017ee je tady podzim, 30 stup\u0148\u016f a vysok\u00e1 vlhkost vzduchu. Dva dny tr\u00e9nink\u016f i samotn\u00fd [&hellip;]<\/p>\n","protected":false},"author":15,"featured_media":35473,"comment_status":"closed","ping_status":"open","sticky":false,"template":"","format":"standard","meta":{"footnotes":""},"categories":[6,2],"tags":[10],"class_list":["post-35468","post","type-post","status-publish","format-standard","has-post-thumbnail","hentry","category-mtb","category-novinky","tag-mtb"],"_links":{"self":[{"href":"https:\/\/www.czechcyclingfederation.com\/en\/wp-json\/wp\/v2\/posts\/35468","targetHints":{"allow":["GET"]}}],"collection":[{"href":"https:\/\/www.czechcyclingfederation.com\/en\/wp-json\/wp\/v2\/posts"}],"about":[{"href":"https:\/\/www.czechcyclingfederation.com\/en\/wp-json\/wp\/v2\/types\/post"}],"author":[{"embeddable":true,"href":"https:\/\/www.czechcyclingfederation.com\/en\/wp-json\/wp\/v2\/users\/15"}],"replies":[{"embeddable":true,"href":"https:\/\/www.czechcyclingfederation.com\/en\/wp-json\/wp\/v2\/comments?post=35468"}],"version-history":[{"count":1,"href":"https:\/\/www.czechcyclingfederation.com\/en\/wp-json\/wp\/v2\/posts\/35468\/revisions"}],"predecessor-version":[{"id":35477,"href":"https:\/\/www.czechcyclingfederation.com\/en\/wp-json\/wp\/v2\/posts\/35468\/revisions\/35477"}],"wp:featuredmedia":[{"embeddable":true,"href":"https:\/\/www.czechcyclingfederation.com\/en\/wp-json\/wp\/v2\/media\/35473"}],"wp:attachment":[{"href":"https:\/\/www.czechcyclingfederation.com\/en\/wp-json\/wp\/v2\/media?parent=35468"}],"wp:term":[{"taxonomy":"category","embeddable":true,"href":"https:\/\/www.czechcyclingfederation.com\/en\/wp-json\/wp\/v2\/categories?post=35468"},{"taxonomy":"post_tag","embeddable":true,"href":"https:\/\/www.czechcyclingfederation.com\/en\/wp-json\/wp\/v2\/tags?post=35468"}],"curies":[{"name":"wp","href":"https:\/\/api.w.org\/{rel}","templated":true}]}}