{"id":35459,"date":"2025-05-17T09:42:00","date_gmt":"2025-05-17T07:42:00","guid":{"rendered":"https:\/\/www.czechcyclingfederation.com\/?p=35459"},"modified":"2025-05-17T11:47:10","modified_gmt":"2025-05-17T09:47:10","slug":"pavlina-vejvodova-stribrna-v-casovce-na-sp-v-italii","status":"publish","type":"post","link":"https:\/\/www.czechcyclingfederation.com\/en\/pavlina-vejvodova-stribrna-v-casovce-na-sp-v-italii\/","title":{"rendered":"Pavl\u00edna Vejvodov\u00e1 st\u0159\u00edbrn\u00e1 v\u00a0\u010dasovce na SP v\u00a0It\u00e1lii!"},"content":{"rendered":"\n<p><strong>Pavl\u00edna Vejvodov\u00e1 vybojovala st\u0159\u00edbrnou medaili v&nbsp;\u010dasovce na druh\u00e9m z\u00e1vod\u011b Sv\u011btov\u00e9ho poh\u00e1ru v&nbsp;paracyklistice v It\u00e1lii.<\/strong><\/p>\n\n\n\n<p>V Montereale Valcellina se ve \u010dtvrtek a p\u00e1tek uskute\u010dnily \u010dasovky druh\u00e9ho a z\u00e1rove\u0148 z\u00e1v\u011bre\u010dn\u00e9ho kola Sv\u011btov\u00e9ho poh\u00e1ru UCI v paracyklistice 2025. Tato jedin\u00e1 italsk\u00e1 zast\u00e1vka presti\u017en\u00ed s\u00e9rie p\u0159iv\u00edtala v\u00edce ne\u017e 380 sportovc\u016f ze 40 zem\u00ed v\u010detn\u011b kompletn\u00ed sv\u011btov\u00e9 \u0161pi\u010dky.<\/p>\n\n\n\n<p>\u010cesk\u00e1 reprezentace zde rozhodn\u011b nez\u016fstala bez pov\u0161imnut\u00ed \u2013 o nejv\u011bt\u0161\u00ed \u00fasp\u011bch se postarala Pavl\u00edna Vejvodov\u00e1, kter\u00e1 vybojovala st\u0159\u00edbrnou medaili v kategorii WT1.<\/p>\n\n\n\n<p>Organizace pod veden\u00edm UCI a m\u00edstn\u00edch cyklistick\u00fdch klub\u016f Cellina Bike a Fontanafredda nab\u00eddla z\u00e1vodn\u00edk\u016fm n\u00e1ro\u010dnou tra\u0165. <em>\u201eTechnicky slo\u017eit\u00e1 tra\u0165, kter\u00e1 na z\u00e1vodn\u00edky p\u0159ichystala n\u011bkolik z\u00e1ludn\u00fdch p\u0159ek\u00e1\u017eek v podob\u011b nerovn\u00e9ho asfaltu, kan\u00e1l\u016f \u010di \u010detn\u00fdch zat\u00e1\u010dek. S trat\u00ed se na\u0161i z\u00e1vodn\u00edci poprali dle o\u010dek\u00e1v\u00e1n\u00ed. Pavl\u00edna p\u0159edvedla sv\u016fj standardn\u00ed v\u00fdkon, kter\u00fd \u010desk\u00e9mu t\u00fdmu p\u0159inesl st\u0159\u00edbrnou medaili,\u201c <\/em>zhodnotil reprezenta\u010dn\u00ed tren\u00e9r <strong>Luk\u00e1\u0161 Petr<\/strong>.<\/p>\n\n\n\n<figure class=\"wp-block-image size-large\"><img loading=\"lazy\" decoding=\"async\" width=\"1024\" height=\"683\" src=\"https:\/\/www.czechcyclingfederation.com\/wp-content\/uploads\/2025\/05\/Ivo-1024x683.jpg\" alt=\"\" class=\"wp-image-35465\" srcset=\"https:\/\/www.czechcyclingfederation.com\/wp-content\/uploads\/2025\/05\/Ivo-1024x683.jpg 1024w, https:\/\/www.czechcyclingfederation.com\/wp-content\/uploads\/2025\/05\/Ivo-300x200.jpg 300w, https:\/\/www.czechcyclingfederation.com\/wp-content\/uploads\/2025\/05\/Ivo-768x512.jpg 768w, https:\/\/www.czechcyclingfederation.com\/wp-content\/uploads\/2025\/05\/Ivo-1536x1024.jpg 1536w, https:\/\/www.czechcyclingfederation.com\/wp-content\/uploads\/2025\/05\/Ivo-1320x880.jpg 1320w, https:\/\/www.czechcyclingfederation.com\/wp-content\/uploads\/2025\/05\/Ivo.jpg 1620w\" sizes=\"auto, (max-width: 1024px) 100vw, 1024px\" \/><\/figure>\n\n\n\n<p>Po dvou dnech individu\u00e1ln\u00edch \u010dasovek se paracyklistick\u00fd sv\u011bt p\u0159esouv\u00e1 do nedalek\u00e9ho Maniaga, kde se o v\u00edkendu uskute\u010dn\u00ed silni\u010dn\u00ed z\u00e1vody a t\u00fdmov\u00e1 \u0161tafeta (team relay). \u010ceskou reprezentaci tak \u010dek\u00e1 dal\u0161\u00ed v\u00fdzva, ve kter\u00e9 se pokus\u00ed nav\u00e1zat na \u00fasp\u011bch z \u010dasovek.<\/p>\n\n\n\n<p class=\"has-medium-font-size\"><strong>\u010cesk\u00e1 reprezentace v \u010dasovk\u00e1ch \u2013 p\u0159ehled v\u00fdsledk\u016f<\/strong><\/p>\n\n\n\n<p><strong>Pavl\u00edna Vejvodov\u00e1 (WT1)<\/strong> \u2013 2. m\u00edsto, <strong>Petr Berger (MT1)<\/strong> \u2013 8. m\u00edsto, <strong>Jind\u0159ich Ma\u0161\u00edn (MT2)<\/strong> \u2013 7. m\u00edsto, <strong>Kate\u0159ina Smoln\u00e1 (WT2)<\/strong> \u2013 5. m\u00edsto, <strong>Ivan Dvo\u0159\u00e1k (MH2)<\/strong> \u2013 15. m\u00edsto, <strong>V\u00e1clav Antal (MH3)<\/strong> \u2013 22. m\u00edsto, <strong>Ivo Koblasa (MC2)<\/strong> \u2013 9. m\u00edsto, <strong>Jan Mo\u0161t\u011bk (MC3)<\/strong> \u2013 14. m\u00edsto, <strong>Roman Lasovsk\u00fd (MC4)<\/strong> \u2013 18. m\u00edsto.<\/p>\n\n\n\n<p>Foto: Vojt\u011bch Pavl\u00edk<\/p>\n","protected":false},"excerpt":{"rendered":"<p>Pavl\u00edna Vejvodov\u00e1 vybojovala st\u0159\u00edbrnou medaili v&nbsp;\u010dasovce na druh\u00e9m z\u00e1vod\u011b Sv\u011btov\u00e9ho poh\u00e1ru v&nbsp;paracyklistice v It\u00e1lii. V Montereale Valcellina se ve \u010dtvrtek a p\u00e1tek uskute\u010dnily \u010dasovky druh\u00e9ho a z\u00e1rove\u0148 z\u00e1v\u011bre\u010dn\u00e9ho kola Sv\u011btov\u00e9ho poh\u00e1ru UCI v paracyklistice 2025. Tato jedin\u00e1 italsk\u00e1 zast\u00e1vka presti\u017en\u00ed s\u00e9rie p\u0159iv\u00edtala v\u00edce ne\u017e 380 sportovc\u016f ze 40 zem\u00ed v\u010detn\u011b kompletn\u00ed sv\u011btov\u00e9 \u0161pi\u010dky. \u010cesk\u00e1 reprezentace [&hellip;]<\/p>\n","protected":false},"author":30,"featured_media":32196,"comment_status":"closed","ping_status":"open","sticky":false,"template":"","format":"standard","meta":{"footnotes":""},"categories":[2,99],"tags":[62],"class_list":["post-35459","post","type-post","status-publish","format-standard","has-post-thumbnail","hentry","category-novinky","category-paracyklistika","tag-paracyklistika"],"_links":{"self":[{"href":"https:\/\/www.czechcyclingfederation.com\/en\/wp-json\/wp\/v2\/posts\/35459","targetHints":{"allow":["GET"]}}],"collection":[{"href":"https:\/\/www.czechcyclingfederation.com\/en\/wp-json\/wp\/v2\/posts"}],"about":[{"href":"https:\/\/www.czechcyclingfederation.com\/en\/wp-json\/wp\/v2\/types\/post"}],"author":[{"embeddable":true,"href":"https:\/\/www.czechcyclingfederation.com\/en\/wp-json\/wp\/v2\/users\/30"}],"replies":[{"embeddable":true,"href":"https:\/\/www.czechcyclingfederation.com\/en\/wp-json\/wp\/v2\/comments?post=35459"}],"version-history":[{"count":2,"href":"https:\/\/www.czechcyclingfederation.com\/en\/wp-json\/wp\/v2\/posts\/35459\/revisions"}],"predecessor-version":[{"id":35467,"href":"https:\/\/www.czechcyclingfederation.com\/en\/wp-json\/wp\/v2\/posts\/35459\/revisions\/35467"}],"wp:featuredmedia":[{"embeddable":true,"href":"https:\/\/www.czechcyclingfederation.com\/en\/wp-json\/wp\/v2\/media\/32196"}],"wp:attachment":[{"href":"https:\/\/www.czechcyclingfederation.com\/en\/wp-json\/wp\/v2\/media?parent=35459"}],"wp:term":[{"taxonomy":"category","embeddable":true,"href":"https:\/\/www.czechcyclingfederation.com\/en\/wp-json\/wp\/v2\/categories?post=35459"},{"taxonomy":"post_tag","embeddable":true,"href":"https:\/\/www.czechcyclingfederation.com\/en\/wp-json\/wp\/v2\/tags?post=35459"}],"curies":[{"name":"wp","href":"https:\/\/api.w.org\/{rel}","templated":true}]}}