{"id":35445,"date":"2025-05-17T08:09:36","date_gmt":"2025-05-17T06:09:36","guid":{"rendered":"https:\/\/www.czechcyclingfederation.com\/?p=35445"},"modified":"2025-05-17T08:11:31","modified_gmt":"2025-05-17T06:11:31","slug":"zemanova-sedma-v-kralovske-etape-tour-de-feminin","status":"publish","type":"post","link":"https:\/\/www.czechcyclingfederation.com\/en\/zemanova-sedma-v-kralovske-etape-tour-de-feminin\/","title":{"rendered":"Zemanov\u00e1 sedm\u00e1 v\u00a0kr\u00e1lovsk\u00e9 etap\u011b Tour de Feminin"},"content":{"rendered":"\n<p>Kr\u00e1lovskou etapu Tour de Feminin, kter\u00e1 se jela za chladn\u00e9ho i de\u0161tiv\u00e9ho po\u010das\u00ed, vyhr\u00e1la Kana\u010fanka <strong>Anabelle Thomasov\u00e1<\/strong>. Ve vedouc\u00ed skupin\u011b nechyb\u011bla <strong>Krist\u00fdna Zemanov\u00e1<\/strong> (VIF Cycling Team), kter\u00e1 vybojovala ve spurtu sedmou p\u0159\u00ed\u010dku.<\/p>\n\n\n\n<p>Hrdinkou etapy byla Polka <strong>Malwina Mulov\u00e1<\/strong>. Dlouh\u00fd s\u00f3lov\u00fd \u00fanik do c\u00edle sice nedovezla, p\u0159esto dok\u00e1zala v prvn\u00ed skupin\u011b sprintovat pro druh\u00e9 m\u00edsto v etap\u011b i celkov\u00e9m po\u0159ad\u00ed. \u017dlut\u00fd trikot udr\u017eela s\u00a0n\u00e1skokem pouh\u00fdch dvou sekund Belgi\u010danka <strong>Xaydee van Sinaeyov\u00e1<\/strong>. udr\u017eela \u017elut\u00fd trikot s n\u00e1skokem pouh\u00fdch dvou sekund.<\/p>\n\n\n\n<figure class=\"wp-block-image size-large\"><img loading=\"lazy\" decoding=\"async\" width=\"1024\" height=\"683\" src=\"https:\/\/www.czechcyclingfederation.com\/wp-content\/uploads\/2025\/05\/polka-1024x683.jpg\" alt=\"\" class=\"wp-image-35448\" srcset=\"https:\/\/www.czechcyclingfederation.com\/wp-content\/uploads\/2025\/05\/polka-1024x683.jpg 1024w, https:\/\/www.czechcyclingfederation.com\/wp-content\/uploads\/2025\/05\/polka-300x200.jpg 300w, https:\/\/www.czechcyclingfederation.com\/wp-content\/uploads\/2025\/05\/polka-768x512.jpg 768w, https:\/\/www.czechcyclingfederation.com\/wp-content\/uploads\/2025\/05\/polka-1536x1024.jpg 1536w, https:\/\/www.czechcyclingfederation.com\/wp-content\/uploads\/2025\/05\/polka-2048x1365.jpg 2048w, https:\/\/www.czechcyclingfederation.com\/wp-content\/uploads\/2025\/05\/polka-1320x880.jpg 1320w\" sizes=\"auto, (max-width: 1024px) 100vw, 1024px\" \/><\/figure>\n\n\n\n<p>121,5 kilometru dlouhou etapu v n\u00e1rodn\u00edm parku \u010cesk\u00e9 \u0160v\u00fdcarsko s p\u0159ev\u00fd\u0161en\u00edm p\u0159es dva tis\u00edce metr\u016f je\u0161t\u011b zt\u00ed\u017eilo po\u010das\u00ed, proto\u017ee v pr\u016fb\u011bhu z\u00e1vodu za\u010dalo pr\u0161et a tak\u00e9 se ochladilo. To v\u0161echno m\u011blo vliv na v\u00fdvoj z\u00e1vodu, cyklistky necht\u011bly v \u00favodu etapy utr\u00e1cet s\u00edly, proto\u017ee v\u011bd\u011bly, co je v\u0161echno \u010dek\u00e1.<\/p>\n\n\n\n<p>K prvn\u00edmu a vlastn\u011b jedin\u00e9mu stabiln\u00edmu \u00faniku se tedy odhodlala Malwina Mulov\u00e1 z polsk\u00e9ho t\u00fdmu MAT Atom Deweloper Wroclaw a\u017e za prvn\u00ed sprinterskou pr\u00e9mi\u00ed v \u010cesk\u00e9 Kamenici, na 46. kilometru z\u00e1vodu.<\/p>\n\n\n\n<p>Pr\u00e9mii vyhr\u00e1la a odepsala ze sv\u00e9ho \u010dasu 3 bonusov\u00e9 sekundy. Odstup od pr\u016fb\u011b\u017en\u011b vedouc\u00ed Belgi\u010danky Xaydee Van Sinaey sn\u00ed\u017eila na 9 sekund a za pr\u00e9mi\u00ed pokra\u010dovala v nastolen\u00e9m tempu. Nikdo z jej\u00edch soupe\u0159ek nereagoval a polsk\u00e1 cyklistka si postupn\u011b vypracovala a\u017e dvouminutov\u00fd n\u00e1skok.<\/p>\n\n\n\n<figure class=\"wp-block-image size-large\"><img loading=\"lazy\" decoding=\"async\" width=\"1024\" height=\"683\" src=\"https:\/\/www.czechcyclingfederation.com\/wp-content\/uploads\/2025\/05\/5VAI8561-1024x683.jpg\" alt=\"\" class=\"wp-image-35454\" srcset=\"https:\/\/www.czechcyclingfederation.com\/wp-content\/uploads\/2025\/05\/5VAI8561-1024x683.jpg 1024w, https:\/\/www.czechcyclingfederation.com\/wp-content\/uploads\/2025\/05\/5VAI8561-300x200.jpg 300w, https:\/\/www.czechcyclingfederation.com\/wp-content\/uploads\/2025\/05\/5VAI8561-768x512.jpg 768w, https:\/\/www.czechcyclingfederation.com\/wp-content\/uploads\/2025\/05\/5VAI8561-1536x1024.jpg 1536w, https:\/\/www.czechcyclingfederation.com\/wp-content\/uploads\/2025\/05\/5VAI8561-2048x1365.jpg 2048w, https:\/\/www.czechcyclingfederation.com\/wp-content\/uploads\/2025\/05\/5VAI8561-1320x880.jpg 1320w\" sizes=\"auto, (max-width: 1024px) 100vw, 1024px\" \/><\/figure>\n\n\n\n<p>Peloton zareagoval a\u017e ve druh\u00e9 polovin\u011b z\u00e1vodu, ve stoup\u00e1n\u00ed Janov s vrcholem 46 kilometr\u016f p\u0159ed c\u00edlem se za\u010dal n\u00e1skok Polky rychle zmen\u0161ovat. A nakonec ji skupina 22 z\u00e1vodnic s&nbsp;nejv\u011bt\u0161\u00edmi favoritkami dostihla.<\/p>\n\n\n\n<p>Krom\u011b Zemanov\u00e9 v\u00a0n\u00ed nechyb\u011bla ani <strong>Barbora N\u011bmcov\u00e1<\/strong> (Dukla Praha). Skupina se u\u017e neroztrhala a do spurtu v Kr\u00e1sn\u00e9 L\u00edp\u011b se \u0159\u00edtilo dvacet cyklistek. Nejrychlej\u0161\u00ed z nich byla teprve devaten\u00e1ctilet\u00e1 Kana\u010fanka Anabelle Thomasov\u00e1 z belgick\u00e9ho t\u00fdmu KDM &#8211; Pack. Druh\u00e9 m\u00edsto a 6 sekund bonifikace vybojovala Malwina Mulov\u00e1 a t\u0159et\u00ed skon\u010dila Italka Chiara Reghiniov\u00e1 (Top Girls Fassa Bortolo).<\/p>\n\n\n\n<figure class=\"wp-block-image size-large\"><img loading=\"lazy\" decoding=\"async\" width=\"1024\" height=\"683\" src=\"https:\/\/www.czechcyclingfederation.com\/wp-content\/uploads\/2025\/05\/7VAI0428-1024x683.jpg\" alt=\"\" class=\"wp-image-35450\" srcset=\"https:\/\/www.czechcyclingfederation.com\/wp-content\/uploads\/2025\/05\/7VAI0428-1024x683.jpg 1024w, https:\/\/www.czechcyclingfederation.com\/wp-content\/uploads\/2025\/05\/7VAI0428-300x200.jpg 300w, https:\/\/www.czechcyclingfederation.com\/wp-content\/uploads\/2025\/05\/7VAI0428-768x512.jpg 768w, https:\/\/www.czechcyclingfederation.com\/wp-content\/uploads\/2025\/05\/7VAI0428-1536x1024.jpg 1536w, https:\/\/www.czechcyclingfederation.com\/wp-content\/uploads\/2025\/05\/7VAI0428-2048x1365.jpg 2048w, https:\/\/www.czechcyclingfederation.com\/wp-content\/uploads\/2025\/05\/7VAI0428-1320x880.jpg 1320w\" sizes=\"auto, (max-width: 1024px) 100vw, 1024px\" \/><\/figure>\n\n\n\n<p><em>\u201eEtapa byla stra\u0161n\u011b n\u00e1ro\u010dn\u00e1. V\u0161echny jsme jely na sto procent. M\u00e1m to tu moc r\u00e1da, a i styl z\u00e1vod\u011bn\u00ed mi velmi vyhovuje. Nejt\u011b\u017e\u0161\u00ed pro m\u011b byl rozhodn\u011b t\u0159\u00edkilometrov\u00fd kopec. M\u00e1m rad\u0161i krat\u0161\u00ed v\u00fdbu\u0161n\u011bj\u0161\u00ed stoup\u00e1n\u00ed. Sna\u017eila jsem se jen udr\u017eet zadn\u00edch kol sv\u00fdch soupe\u0159ek a jsem r\u00e1da \u017ee se mi to povedlo,\u201c <\/em>hodnotila pr\u016fb\u011bh kr\u00e1lovsk\u00e9 etapy prvn\u00ed kanadsk\u00e1 v\u00edt\u011bzka v historii Tour de Feminin Anabelle Thomasov\u00e1.<\/p>\n\n\n\n<figure class=\"wp-block-image size-large\"><img loading=\"lazy\" decoding=\"async\" width=\"1024\" height=\"683\" src=\"https:\/\/www.czechcyclingfederation.com\/wp-content\/uploads\/2025\/05\/7VAI0380-1024x683.jpg\" alt=\"\" class=\"wp-image-35452\" srcset=\"https:\/\/www.czechcyclingfederation.com\/wp-content\/uploads\/2025\/05\/7VAI0380-1024x683.jpg 1024w, https:\/\/www.czechcyclingfederation.com\/wp-content\/uploads\/2025\/05\/7VAI0380-300x200.jpg 300w, https:\/\/www.czechcyclingfederation.com\/wp-content\/uploads\/2025\/05\/7VAI0380-768x512.jpg 768w, https:\/\/www.czechcyclingfederation.com\/wp-content\/uploads\/2025\/05\/7VAI0380-1536x1024.jpg 1536w, https:\/\/www.czechcyclingfederation.com\/wp-content\/uploads\/2025\/05\/7VAI0380-2048x1365.jpg 2048w, https:\/\/www.czechcyclingfederation.com\/wp-content\/uploads\/2025\/05\/7VAI0380-1320x880.jpg 1320w\" sizes=\"auto, (max-width: 1024px) 100vw, 1024px\" \/><\/figure>\n\n\n\n<p>Nejlep\u0161\u00ed \u010ce\u0161kou v c\u00edli druh\u00e9 etapy byla Krist\u00fdna Zemanov\u00e1 na sedm\u00e9m m\u00edst\u011b, ale trikot pr\u016fb\u011b\u017en\u011b nejlep\u0161\u00ed \u010desk\u00e9 z\u00e1vodnice dr\u017e\u00ed Barbora N\u011bmcov\u00e1, kter\u00e1 postoupila na dvac\u00e1t\u00e9 m\u00edsto v celkov\u00e9m po\u0159ad\u00ed s odstupem 1:07. Zemanov\u00e1 je o dv\u011b p\u0159\u00ed\u010dky a 9 sekund za N\u011bmcovou.<\/p>\n\n\n\n<p><strong>V\u00fdsledky najdete <\/strong><a href=\"https:\/\/www.procyclingstats.com\/race\/tour-de-feminin\/2025\/stage-2\">ZDE<\/a><strong>.<\/strong><\/p>\n\n\n\n<p>Foto: Josef Vaishar\/Cycling.photography<\/p>\n","protected":false},"excerpt":{"rendered":"<p>Kr\u00e1lovskou etapu Tour de Feminin, kter\u00e1 se jela za chladn\u00e9ho i de\u0161tiv\u00e9ho po\u010das\u00ed, vyhr\u00e1la Kana\u010fanka Anabelle Thomasov\u00e1. Ve vedouc\u00ed skupin\u011b nechyb\u011bla Krist\u00fdna Zemanov\u00e1 (VIF Cycling Team), kter\u00e1 vybojovala ve spurtu sedmou p\u0159\u00ed\u010dku. Hrdinkou etapy byla Polka Malwina Mulov\u00e1. Dlouh\u00fd s\u00f3lov\u00fd \u00fanik do c\u00edle sice nedovezla, p\u0159esto dok\u00e1zala v prvn\u00ed skupin\u011b sprintovat pro druh\u00e9 m\u00edsto v [&hellip;]<\/p>\n","protected":false},"author":15,"featured_media":35446,"comment_status":"closed","ping_status":"open","sticky":false,"template":"","format":"standard","meta":{"footnotes":""},"categories":[2,18,1],"tags":[11],"class_list":["post-35445","post","type-post","status-publish","format-standard","has-post-thumbnail","hentry","category-novinky","category-silnice","category-uncategorized-cs","tag-silnice"],"_links":{"self":[{"href":"https:\/\/www.czechcyclingfederation.com\/en\/wp-json\/wp\/v2\/posts\/35445","targetHints":{"allow":["GET"]}}],"collection":[{"href":"https:\/\/www.czechcyclingfederation.com\/en\/wp-json\/wp\/v2\/posts"}],"about":[{"href":"https:\/\/www.czechcyclingfederation.com\/en\/wp-json\/wp\/v2\/types\/post"}],"author":[{"embeddable":true,"href":"https:\/\/www.czechcyclingfederation.com\/en\/wp-json\/wp\/v2\/users\/15"}],"replies":[{"embeddable":true,"href":"https:\/\/www.czechcyclingfederation.com\/en\/wp-json\/wp\/v2\/comments?post=35445"}],"version-history":[{"count":2,"href":"https:\/\/www.czechcyclingfederation.com\/en\/wp-json\/wp\/v2\/posts\/35445\/revisions"}],"predecessor-version":[{"id":35458,"href":"https:\/\/www.czechcyclingfederation.com\/en\/wp-json\/wp\/v2\/posts\/35445\/revisions\/35458"}],"wp:featuredmedia":[{"embeddable":true,"href":"https:\/\/www.czechcyclingfederation.com\/en\/wp-json\/wp\/v2\/media\/35446"}],"wp:attachment":[{"href":"https:\/\/www.czechcyclingfederation.com\/en\/wp-json\/wp\/v2\/media?parent=35445"}],"wp:term":[{"taxonomy":"category","embeddable":true,"href":"https:\/\/www.czechcyclingfederation.com\/en\/wp-json\/wp\/v2\/categories?post=35445"},{"taxonomy":"post_tag","embeddable":true,"href":"https:\/\/www.czechcyclingfederation.com\/en\/wp-json\/wp\/v2\/tags?post=35445"}],"curies":[{"name":"wp","href":"https:\/\/api.w.org\/{rel}","templated":true}]}}