{"id":35427,"date":"2025-05-15T21:30:49","date_gmt":"2025-05-15T19:30:49","guid":{"rendered":"https:\/\/www.czechcyclingfederation.com\/?p=35427"},"modified":"2025-05-16T15:52:33","modified_gmt":"2025-05-16T13:52:33","slug":"nemec-augenstein-vyhral-zavod-500-1-kolo","status":"publish","type":"post","link":"https:\/\/www.czechcyclingfederation.com\/en\/nemec-augenstein-vyhral-zavod-500-1-kolo\/","title":{"rendered":"N\u011bmec Augenstein vyhr\u00e1l z\u00e1vod 500 + 1 kolo"},"content":{"rendered":"\n<p>N\u011bmeck\u00fd dr\u00e1ha\u0159 Moritz Augenstein ovl\u00e1dl leto\u0161n\u00ed ro\u010dn\u00edk tradi\u010dn\u00edch z\u00e1vod\u016f 500 + 1 kolo &#8211; Grand Prix Zemako na brn\u011bnsk\u00e9m ov\u00e1lu. V&nbsp;podniku druh\u00e9 kategorie kalend\u00e1\u0159e UCI za n\u00edm skon\u010dili Filip Prokopyszyn z&nbsp;Polska a \u0160v\u00fdcar Alex Vogel. Nejlep\u0161\u00ed z&nbsp;\u010desk\u00fdch jezdc\u016f byl na dev\u00e1t\u00e9m m\u00edst\u011b Adam K\u0159enek z&nbsp;po\u0159\u00e1daj\u00edc\u00edho TJ Favorit Brno.<\/p>\n\n\n\n<figure class=\"wp-block-image size-large\"><img loading=\"lazy\" decoding=\"async\" width=\"1024\" height=\"682\" src=\"https:\/\/www.czechcyclingfederation.com\/wp-content\/uploads\/2025\/05\/draha-2-1024x682.jpg\" alt=\"\" class=\"wp-image-35435\" srcset=\"https:\/\/www.czechcyclingfederation.com\/wp-content\/uploads\/2025\/05\/draha-2-1024x682.jpg 1024w, https:\/\/www.czechcyclingfederation.com\/wp-content\/uploads\/2025\/05\/draha-2-300x200.jpg 300w, https:\/\/www.czechcyclingfederation.com\/wp-content\/uploads\/2025\/05\/draha-2-768x511.jpg 768w, https:\/\/www.czechcyclingfederation.com\/wp-content\/uploads\/2025\/05\/draha-2-1536x1022.jpg 1536w, https:\/\/www.czechcyclingfederation.com\/wp-content\/uploads\/2025\/05\/draha-2-2048x1363.jpg 2048w, https:\/\/www.czechcyclingfederation.com\/wp-content\/uploads\/2025\/05\/draha-2-1320x879.jpg 1320w\" sizes=\"auto, (max-width: 1024px) 100vw, 1024px\" \/><\/figure>\n\n\n\n<p>V z\u00e1vodu \u017een na 300 + 1 kolo nakonec slavila prvenstv\u00ed Fabienne Buriov\u00e1 ze \u0160v\u00fdcarska. Po \u010dty\u0159ech etap\u00e1ch vedouc\u00ed Lea Lin Teutenbergov\u00e1 z&nbsp;N\u011bmecka nejen\u017ee p\u0159i\u0161la o prvenstv\u00ed, ale po nevyda\u0159en\u00e9 z\u00e1v\u011bre\u010dn\u00e9 p\u00e1t\u00e9 etap\u011b se p\u0159ed n\u00ed dostala i jej\u00ed krajanka Lena Charlotte Reisnerov\u00e1. Do elitn\u00ed des\u00edtky se z&nbsp;na\u0161ich z\u00e1vodnic dostala Veronika Barton\u00edkov\u00e1 z&nbsp;Dukly Praha, kter\u00e1 obsadila osm\u00e9 m\u00edsto.<\/p>\n\n\n\n<figure class=\"wp-block-image size-large\"><img loading=\"lazy\" decoding=\"async\" width=\"1024\" height=\"682\" src=\"https:\/\/www.czechcyclingfederation.com\/wp-content\/uploads\/2025\/05\/zeny-bedna-1024x682.jpg\" alt=\"\" class=\"wp-image-35438\" srcset=\"https:\/\/www.czechcyclingfederation.com\/wp-content\/uploads\/2025\/05\/zeny-bedna-1024x682.jpg 1024w, https:\/\/www.czechcyclingfederation.com\/wp-content\/uploads\/2025\/05\/zeny-bedna-300x200.jpg 300w, https:\/\/www.czechcyclingfederation.com\/wp-content\/uploads\/2025\/05\/zeny-bedna-768x511.jpg 768w, https:\/\/www.czechcyclingfederation.com\/wp-content\/uploads\/2025\/05\/zeny-bedna-1536x1022.jpg 1536w, https:\/\/www.czechcyclingfederation.com\/wp-content\/uploads\/2025\/05\/zeny-bedna-2048x1363.jpg 2048w, https:\/\/www.czechcyclingfederation.com\/wp-content\/uploads\/2025\/05\/zeny-bedna-1320x879.jpg 1320w\" sizes=\"auto, (max-width: 1024px) 100vw, 1024px\" \/><\/figure>\n\n\n\n<p>Augenstgein nav\u00edc vyhr\u00e1l i z\u00e1vod ve scratchi, ve vylu\u010dovac\u00edm z\u00e1vodu byl nejlep\u0161\u00ed Daniel Staniszewski &nbsp;z&nbsp;Polska. V n\u011bm skon\u010dil Richard Kobr (AC Sparta Praha) sedm\u00fd, hned za n\u011bj se za\u0159adil \u0160t\u011bp\u00e1n \u0160irok\u00fd (TJ Favorit Brno).<\/p>\n\n\n\n<p>Scratch \u017een ovl\u00e1dla polsk\u00e1 z\u00e1vodnice Eliza Rabazynsk\u00e1, Barton\u00edkov\u00e1 byla \u010dtvrt\u00e1 a &nbsp;B\u00e1rtov\u00e1 osm\u00e1. Ve vylu\u010dovac\u00edm z\u00e1vodu si nejl\u00e9pe vedla Aline Seitzov\u00e1 ze \u0160v\u00fdcarska, \u010dtvrt\u00e1 skon\u010dila B\u00e1rtov\u00e1 a Barton\u00edkov\u00e1 \u0161est\u00e1.<\/p>\n\n\n\n<figure class=\"wp-block-image size-large\"><img loading=\"lazy\" decoding=\"async\" width=\"1024\" height=\"684\" src=\"https:\/\/www.czechcyclingfederation.com\/wp-content\/uploads\/2025\/05\/ilus-1024x684.jpg\" alt=\"\" class=\"wp-image-35442\" srcset=\"https:\/\/www.czechcyclingfederation.com\/wp-content\/uploads\/2025\/05\/ilus-1024x684.jpg 1024w, https:\/\/www.czechcyclingfederation.com\/wp-content\/uploads\/2025\/05\/ilus-300x200.jpg 300w, https:\/\/www.czechcyclingfederation.com\/wp-content\/uploads\/2025\/05\/ilus-768x513.jpg 768w, https:\/\/www.czechcyclingfederation.com\/wp-content\/uploads\/2025\/05\/ilus-1536x1026.jpg 1536w, https:\/\/www.czechcyclingfederation.com\/wp-content\/uploads\/2025\/05\/ilus-2048x1367.jpg 2048w, https:\/\/www.czechcyclingfederation.com\/wp-content\/uploads\/2025\/05\/ilus-1320x881.jpg 1320w\" sizes=\"auto, (max-width: 1024px) 100vw, 1024px\" \/><\/figure>\n\n\n\n<p>V\u00fdsledky<\/p>\n\n\n\n<p>Mu\u017ei 500+1 kolo:<\/p>\n\n\n\n<p>1. Augenstein (N\u011bm.) 239, 2. Prokopyszyn (Pol.) 214, 3. Vogel 214, 4. Constant (oba \u0160v\u00fdc.) 196, 5. Wulff (D\u00e1n.) 170, 6. Yilmaz (Tur.) 166, &#8230;9. K\u0159enek 156, 15. Rotter (oba TJ Favorit Brno) 89.<\/p>\n\n\n\n<p>\u017deny 300+1 kolo:<\/p>\n\n\n\n<p>1. Buriov\u00e1 (\u0160v\u00fdc.) 173, 2. Reisnerov\u00e1 152, 2. Teutenbergov\u00e1 (ob\u011b N\u011bm.) 151, 4. Andresov\u00e1 (\u0160v\u00fdc.) 150, 5. Lorkowsk\u00e1 (Pol.) 148, 6. Liehnerov\u00e1 (\u0160v\u00fdc.) 132, &#8230;8. Barton\u00edkov\u00e1 122, 13. B\u00e1rtov\u00e1 (ob\u011b Dukla Praha) 64.<\/p>\n\n\n\n<p>Mu\u017ei:<\/p>\n\n\n\n<p>Scratch:<\/p>\n\n\n\n<p>1. Augenstein (N\u011bm.), 2. Yilmaz (Tur.), 3. Vogel (\u0160v\u00fdc.), 4. Ratajczyk (Po.). 5. Drijver (Ma\u010f.), &#8230;18. \u0160ilhav\u00fd (Tufo Pardus Prost\u011bjov).<\/p>\n\n\n\n<p>Vylu\u010dovac\u00ed z\u00e1vod:<\/p>\n\n\n\n<p>1. Staniszewski (Pol.), 2. Constant (\u0160v\u00fdc.), 3. Kokas (Rak.), 4. Malchaerk (N\u011bm.), 5. Keinan (Izr.), &#8230;7. Rich. Kobr (AC Sparta Praha),&nbsp; 8. \u0160irok\u00fd (TJ Favorit Brno).<\/p>\n\n\n\n<p>\u017deny:<\/p>\n\n\n\n<p>Scratch:<\/p>\n\n\n\n<p>1. Eliza Rabazynsk\u00e1 (Pol.), 2. Leihnerov\u00e1 (\u0160v\u00fd.), 3. Teutenbergov\u00e1 (N\u011bm.), 4. arton\u00edkov\u00e1, 8. B\u00e1rtov\u00e1 (ob\u011b Dukla Praha).<\/p>\n\n\n\n<p>Vylu\u010dovac\u00ed z\u00e1vod:<\/p>\n\n\n\n<p>1.Seitzov\u00e1, 2. Buriov\u00e1 (ob\u011b \u0160v\u00fdc.), 3. Teutenbergov\u00e1, 4. B\u00e1rtov\u00e1, \u20266. Barton\u00edkov\u00e1.<\/p>\n\n\n\n<p>FOTO Jan Brychta<\/p>\n","protected":false},"excerpt":{"rendered":"<p>N\u011bmeck\u00fd dr\u00e1ha\u0159 Moritz Augenstein ovl\u00e1dl leto\u0161n\u00ed ro\u010dn\u00edk tradi\u010dn\u00edch z\u00e1vod\u016f 500 + 1 kolo &#8211; Grand Prix Zemako na brn\u011bnsk\u00e9m ov\u00e1lu. V&nbsp;podniku druh\u00e9 kategorie kalend\u00e1\u0159e UCI za n\u00edm skon\u010dili Filip Prokopyszyn z&nbsp;Polska a \u0160v\u00fdcar Alex Vogel. Nejlep\u0161\u00ed z&nbsp;\u010desk\u00fdch jezdc\u016f byl na dev\u00e1t\u00e9m m\u00edst\u011b Adam K\u0159enek z&nbsp;po\u0159\u00e1daj\u00edc\u00edho TJ Favorit Brno. V z\u00e1vodu \u017een na 300 + 1 [&hellip;]<\/p>\n","protected":false},"author":8,"featured_media":35433,"comment_status":"closed","ping_status":"open","sticky":false,"template":"","format":"standard","meta":{"footnotes":""},"categories":[54,2],"tags":[9],"class_list":["post-35427","post","type-post","status-publish","format-standard","has-post-thumbnail","hentry","category-draha","category-novinky","tag-draha"],"_links":{"self":[{"href":"https:\/\/www.czechcyclingfederation.com\/en\/wp-json\/wp\/v2\/posts\/35427","targetHints":{"allow":["GET"]}}],"collection":[{"href":"https:\/\/www.czechcyclingfederation.com\/en\/wp-json\/wp\/v2\/posts"}],"about":[{"href":"https:\/\/www.czechcyclingfederation.com\/en\/wp-json\/wp\/v2\/types\/post"}],"author":[{"embeddable":true,"href":"https:\/\/www.czechcyclingfederation.com\/en\/wp-json\/wp\/v2\/users\/8"}],"replies":[{"embeddable":true,"href":"https:\/\/www.czechcyclingfederation.com\/en\/wp-json\/wp\/v2\/comments?post=35427"}],"version-history":[{"count":3,"href":"https:\/\/www.czechcyclingfederation.com\/en\/wp-json\/wp\/v2\/posts\/35427\/revisions"}],"predecessor-version":[{"id":35444,"href":"https:\/\/www.czechcyclingfederation.com\/en\/wp-json\/wp\/v2\/posts\/35427\/revisions\/35444"}],"wp:featuredmedia":[{"embeddable":true,"href":"https:\/\/www.czechcyclingfederation.com\/en\/wp-json\/wp\/v2\/media\/35433"}],"wp:attachment":[{"href":"https:\/\/www.czechcyclingfederation.com\/en\/wp-json\/wp\/v2\/media?parent=35427"}],"wp:term":[{"taxonomy":"category","embeddable":true,"href":"https:\/\/www.czechcyclingfederation.com\/en\/wp-json\/wp\/v2\/categories?post=35427"},{"taxonomy":"post_tag","embeddable":true,"href":"https:\/\/www.czechcyclingfederation.com\/en\/wp-json\/wp\/v2\/tags?post=35427"}],"curies":[{"name":"wp","href":"https:\/\/api.w.org\/{rel}","templated":true}]}}