{"id":35408,"date":"2025-05-14T22:25:39","date_gmt":"2025-05-14T20:25:39","guid":{"rendered":"https:\/\/www.czechcyclingfederation.com\/?p=35408"},"modified":"2025-05-15T06:43:06","modified_gmt":"2025-05-15T04:43:06","slug":"adam-krenek-druhy-ve-3-i-4-etape-zavodu-5001-kolo","status":"publish","type":"post","link":"https:\/\/www.czechcyclingfederation.com\/en\/adam-krenek-druhy-ve-3-i-4-etape-zavodu-5001-kolo\/","title":{"rendered":"Adam K\u0159enek druh\u00fd ve 3. i 4. etap\u011b z\u00e1vodu 500+1 kolo"},"content":{"rendered":"\n<p>V\u00fdborn\u011b si dnes vedl v obou etap\u00e1ch z\u00e1vodu 500+1 kolo na brn\u011bnsk\u00e9m ov\u00e1lu dr\u00e1ha\u0159 Adam K\u0159enek z po\u0159\u00e1daj\u00edc\u00edho TJ Favorit Brno, kdy\u017e shodn\u011b obsadil druhou p\u0159\u00ed\u010dku. Po velice \u0161patn\u00e9m \u00favodn\u00edm dnu, kdy byl 26. resp. 29. se dok\u00e1zal posunout na jeden\u00e1ctou pozici. Veden\u00ed si st\u00e1le dr\u017e\u00ed n\u011bmeck\u00fd jezdec Moritz Augenstein. Ten ve t\u0159et\u00ed etap\u011b skon\u010dil \u0161est\u00fd a \u010dtvrtou etapu vyhr\u00e1l.<\/p>\n\n\n\n<p>V prvn\u00edch dvou etap\u00e1ch suver\u00e9nn\u00ed Lea Lin Teutenbergov\u00e1 z\u00a0N\u011bmecka skon\u010dila ve t\u0159et\u00ed etap\u011b t\u0159et\u00ed a ve \u010dtvrt\u00e9 a\u017e sedm\u00e1, p\u0159esto si udr\u017eela pom\u011brn\u011b jasn\u00e9 veden\u00ed, kdy\u017e p\u0159ed Fabienne Buriovou ze \u0160v\u00fdcarska m\u00e1 n\u00e1skok osmi bod\u016f. Nejlep\u0161\u00ed z \u010desk\u00fdch z\u00e1vodnic je st\u00e1le Veronika Barton\u00edkov\u00e1 z Dukly Praha, kter\u00e1 je v pr\u016fb\u011b\u017en\u00e9m hodnocen\u00ed osm\u00e1. Dnes skon\u010dila dev\u00e1t\u00e1 a t\u0159in\u00e1ct\u00e1.<\/p>\n\n\n\n<p>V\u00fdskledky:<\/p>\n\n\n\n<p>Mu\u017ei:<\/p>\n\n\n\n<p>Po\u0159ad\u00ed po \u010dtvrt\u00e9 etap\u011b:<\/p>\n\n\n\n<p>1. Augenstein (N\u011bm.) 148, 2. Prokopyszyn (Pol.) 124, 3. Vogel (\u0160v\u00fdc.) 120, 4. Ylmaz (Tur.) 108, 5. Constant (\u0160v\u00fdc.) 100, 6. Flajs (Slovin.) 94, &#8230;11. K\u0159enek 78, 18. Rotter (oba TJ Favorit Brno) 33, 25. Kadlec (Elkov Kasper) 15.&nbsp;<\/p>\n\n\n\n<p>\u017deny:<\/p>\n\n\n\n<p>Po\u0159ad\u00ed po \u010dtvrt\u00e9 etap\u011b:<\/p>\n\n\n\n<p>1. Teutenbergov\u00e1 (N\u011bm.) 144, 2. Buriov\u00e1 (\u0160v\u00fdc.) 136, 3. Lorkowsk\u00e1 (Pol.) 132, &#8230;8. Barton\u00edkov\u00e1 100, 12. B\u00e1rtov\u00e1 (ob\u011b Dukla Praha) 64.<\/p>\n\n\n\n<figure class=\"wp-block-image size-large\"><img loading=\"lazy\" decoding=\"async\" width=\"1024\" height=\"681\" src=\"http:\/\/www.czechcyclingfederation.com\/wp-content\/uploads\/2025\/05\/BrychtaJan_5001_kolo_20250513_184422_D4C_1870-1024x681.jpg\" alt=\"\" class=\"wp-image-35409\" srcset=\"https:\/\/www.czechcyclingfederation.com\/wp-content\/uploads\/2025\/05\/BrychtaJan_5001_kolo_20250513_184422_D4C_1870-1024x681.jpg 1024w, https:\/\/www.czechcyclingfederation.com\/wp-content\/uploads\/2025\/05\/BrychtaJan_5001_kolo_20250513_184422_D4C_1870-300x200.jpg 300w, https:\/\/www.czechcyclingfederation.com\/wp-content\/uploads\/2025\/05\/BrychtaJan_5001_kolo_20250513_184422_D4C_1870-768x511.jpg 768w, https:\/\/www.czechcyclingfederation.com\/wp-content\/uploads\/2025\/05\/BrychtaJan_5001_kolo_20250513_184422_D4C_1870-1536x1022.jpg 1536w, https:\/\/www.czechcyclingfederation.com\/wp-content\/uploads\/2025\/05\/BrychtaJan_5001_kolo_20250513_184422_D4C_1870-2048x1363.jpg 2048w, https:\/\/www.czechcyclingfederation.com\/wp-content\/uploads\/2025\/05\/BrychtaJan_5001_kolo_20250513_184422_D4C_1870-1320x878.jpg 1320w\" sizes=\"auto, (max-width: 1024px) 100vw, 1024px\" \/><\/figure>\n\n\n\n<p>FOTO Jan Brychta<\/p>\n","protected":false},"excerpt":{"rendered":"<p>V\u00fdborn\u011b si dnes vedl v obou etap\u00e1ch z\u00e1vodu 500+1 kolo na brn\u011bnsk\u00e9m ov\u00e1lu dr\u00e1ha\u0159 Adam K\u0159enek z po\u0159\u00e1daj\u00edc\u00edho TJ Favorit Brno, kdy\u017e shodn\u011b obsadil druhou p\u0159\u00ed\u010dku. Po velice \u0161patn\u00e9m \u00favodn\u00edm dnu, kdy byl 26. resp. 29. se dok\u00e1zal posunout na jeden\u00e1ctou pozici. Veden\u00ed si st\u00e1le dr\u017e\u00ed n\u011bmeck\u00fd jezdec Moritz Augenstein. Ten ve t\u0159et\u00ed etap\u011b skon\u010dil [&hellip;]<\/p>\n","protected":false},"author":8,"featured_media":35411,"comment_status":"closed","ping_status":"open","sticky":false,"template":"","format":"standard","meta":{"footnotes":""},"categories":[54,2,1],"tags":[9],"class_list":["post-35408","post","type-post","status-publish","format-standard","has-post-thumbnail","hentry","category-draha","category-novinky","category-uncategorized-cs","tag-draha"],"_links":{"self":[{"href":"https:\/\/www.czechcyclingfederation.com\/en\/wp-json\/wp\/v2\/posts\/35408","targetHints":{"allow":["GET"]}}],"collection":[{"href":"https:\/\/www.czechcyclingfederation.com\/en\/wp-json\/wp\/v2\/posts"}],"about":[{"href":"https:\/\/www.czechcyclingfederation.com\/en\/wp-json\/wp\/v2\/types\/post"}],"author":[{"embeddable":true,"href":"https:\/\/www.czechcyclingfederation.com\/en\/wp-json\/wp\/v2\/users\/8"}],"replies":[{"embeddable":true,"href":"https:\/\/www.czechcyclingfederation.com\/en\/wp-json\/wp\/v2\/comments?post=35408"}],"version-history":[{"count":2,"href":"https:\/\/www.czechcyclingfederation.com\/en\/wp-json\/wp\/v2\/posts\/35408\/revisions"}],"predecessor-version":[{"id":35414,"href":"https:\/\/www.czechcyclingfederation.com\/en\/wp-json\/wp\/v2\/posts\/35408\/revisions\/35414"}],"wp:featuredmedia":[{"embeddable":true,"href":"https:\/\/www.czechcyclingfederation.com\/en\/wp-json\/wp\/v2\/media\/35411"}],"wp:attachment":[{"href":"https:\/\/www.czechcyclingfederation.com\/en\/wp-json\/wp\/v2\/media?parent=35408"}],"wp:term":[{"taxonomy":"category","embeddable":true,"href":"https:\/\/www.czechcyclingfederation.com\/en\/wp-json\/wp\/v2\/categories?post=35408"},{"taxonomy":"post_tag","embeddable":true,"href":"https:\/\/www.czechcyclingfederation.com\/en\/wp-json\/wp\/v2\/tags?post=35408"}],"curies":[{"name":"wp","href":"https:\/\/api.w.org\/{rel}","templated":true}]}}