{"id":35401,"date":"2025-05-14T20:39:08","date_gmt":"2025-05-14T18:39:08","guid":{"rendered":"https:\/\/www.czechcyclingfederation.com\/?p=35401"},"modified":"2025-05-14T20:46:02","modified_gmt":"2025-05-14T18:46:02","slug":"cesi-vedou-soutez-tymu-na-orlen-cupu","status":"publish","type":"post","link":"https:\/\/www.czechcyclingfederation.com\/en\/cesi-vedou-soutez-tymu-na-orlen-cupu\/","title":{"rendered":"\u010ce\u0161i vedou sout\u011b\u017e t\u00fdm\u016f na Orlen Nations GP!"},"content":{"rendered":"\n<p>Skv\u011ble vstoupila \u010desk\u00e1 silni\u010dn\u00ed reprezentace U23 do etapov\u00e9ho z\u00e1vodu Orlen Nations Grand Prix v&nbsp;Polsku za\u0159azen\u00e9ho v nejvy\u0161\u0161\u00ed kategorii 2.Ncup. Po \u00favodn\u00ed etap\u011b vedou \u010ce\u0161i sout\u011b\u017e t\u00fdm\u016f.<\/p>\n\n\n\n<p>V\u00a0nominaci mana\u017eera reprezentace Petra Kaltofena jsou <strong>Daniel Mr\u00e1z, \u0160t\u011bp\u00e1n Zah\u00e1lka<\/strong> (oba Elkov Kasper), <strong>Alberto Carlo Monti<\/strong> (ATT Investments), <strong>Maximilian Kerl <\/strong>(Auto \u0160koda Mlad\u00e1 Boleslav), <strong>Adam Brad\u00e1\u010d<\/strong> (Factor Racing) a <strong>V\u00e1clav Je\u017eek<\/strong> (Brilon Racing Team MB).<\/p>\n\n\n\n<p>V&nbsp;\u00favodn\u00ed etap\u011b, kterou ve spurtu vyhr\u00e1l Francouz Houcou, skon\u010dil z&nbsp;\u010cech\u016f nejl\u00e9pe na 8. m\u00edst\u011b Kerl, Mr\u00e1z byl 11.<\/p>\n\n\n\n<p><em>\u201eByla to st\u0159edn\u011b t\u011b\u017ek\u00e1 etapa. Nechali se odjet dva lidi, asi t\u0159icet kilometr\u016f p\u0159ed c\u00edlem byli dojeti. Po dal\u0161\u00edch p\u011bti kilometrech p\u0159i\u0161el t\u011b\u017e\u0161\u00ed kopec, kter\u00fd na\u0161i kluci vyjeli relativn\u011b vp\u0159edu a v&nbsp;z\u00e1v\u011bru do\u0161lo na spurt velk\u00e9 skupiny. Cht\u011bli jsme ho jet na Dana Mr\u00e1ze, kter\u00fd byl 500 metr\u016f p\u0159ed c\u00edlem na t\u0159et\u00ed figu\u0159e, ale p\u0159i boji o pozice mu n\u011bkdo zavadil loktem o p\u00e1ku, spadlo mu to na malou a bylo z&nbsp;toho 11. m\u00edsto. Dok\u00e1zal ho zastoupit Max Kerl, kter\u00fd byl osm\u00fd,\u201c <\/em>popisoval Petr Kaltofen.<\/p>\n\n\n\n<p><em>\u201eZat\u00edm m\u016f\u017eeme b\u00fdt spokojeni. Je z&nbsp;toho prvenstv\u00ed v&nbsp;t\u00fdmech, z\u00edtra p\u0159ed etapou n\u00e1s budou vyhla\u0161ovat,\u201c<\/em> uvedl mana\u017eer reprezentace.<\/p>\n\n\n\n<p>Do z\u00e1vodu jde \u010desk\u00fd t\u00fdm s&nbsp;ambicemi pokusit se o prvn\u00ed des\u00edtku v&nbsp;kone\u010dn\u00e9m po\u0159ad\u00ed a zabojovat o d\u00edl\u010d\u00ed v\u00fdsledky v&nbsp;etap\u00e1ch. <em>\u201eDes\u00edtka by byla v&nbsp;t\u00e9 konkurenci, jak\u00e1 se tu se\u0161la, velk\u00fdm \u00fasp\u011bchem. Kluci jsou dost vyrovnan\u00ed, p\u0159ekvapit m\u016f\u017ee kdokoliv. Te\u010f n\u00e1s \u010dekaj\u00ed t\u0159i dojezdy na krat\u0161\u00ed kopec, tak uvid\u00edme, jak to komu sedne,\u201c<\/em> dodal Kaltofen.<\/p>\n\n\n\n<p><strong>V\u00fdsledky 1. etapy <\/strong>(155,8 km): 1. Houcou (Fr.) 3:52:42, 2. Smithson (Brit.), 3. Kockelmann (Luc.), \u2026 <strong>8. Kerl, 11. Mr\u00e1z, 23. Brad\u00e1\u010d, 27. Je\u017eek, 83. Monti, 92. \u0160. Zah\u00e1lka <\/strong>(v\u0161. \u010cR).<\/p>\n\n\n\n<p><strong>T\u00fdmy: 1. \u010cR<\/strong>, 2. Nizozemsko, 3. Francie.<\/p>\n\n\n\n<p>Foto: Petr Kaltofen<\/p>\n","protected":false},"excerpt":{"rendered":"<p>Skv\u011ble vstoupila \u010desk\u00e1 silni\u010dn\u00ed reprezentace U23 do etapov\u00e9ho z\u00e1vodu Orlen Nations Grand Prix v&nbsp;Polsku za\u0159azen\u00e9ho v nejvy\u0161\u0161\u00ed kategorii 2.Ncup. Po \u00favodn\u00ed etap\u011b vedou \u010ce\u0161i sout\u011b\u017e t\u00fdm\u016f. V\u00a0nominaci mana\u017eera reprezentace Petra Kaltofena jsou Daniel Mr\u00e1z, \u0160t\u011bp\u00e1n Zah\u00e1lka (oba Elkov Kasper), Alberto Carlo Monti (ATT Investments), Maximilian Kerl (Auto \u0160koda Mlad\u00e1 Boleslav), Adam Brad\u00e1\u010d (Factor Racing) a [&hellip;]<\/p>\n","protected":false},"author":15,"featured_media":35402,"comment_status":"closed","ping_status":"open","sticky":false,"template":"","format":"standard","meta":{"footnotes":""},"categories":[2,18],"tags":[11],"class_list":["post-35401","post","type-post","status-publish","format-standard","has-post-thumbnail","hentry","category-novinky","category-silnice","tag-silnice"],"_links":{"self":[{"href":"https:\/\/www.czechcyclingfederation.com\/en\/wp-json\/wp\/v2\/posts\/35401","targetHints":{"allow":["GET"]}}],"collection":[{"href":"https:\/\/www.czechcyclingfederation.com\/en\/wp-json\/wp\/v2\/posts"}],"about":[{"href":"https:\/\/www.czechcyclingfederation.com\/en\/wp-json\/wp\/v2\/types\/post"}],"author":[{"embeddable":true,"href":"https:\/\/www.czechcyclingfederation.com\/en\/wp-json\/wp\/v2\/users\/15"}],"replies":[{"embeddable":true,"href":"https:\/\/www.czechcyclingfederation.com\/en\/wp-json\/wp\/v2\/comments?post=35401"}],"version-history":[{"count":4,"href":"https:\/\/www.czechcyclingfederation.com\/en\/wp-json\/wp\/v2\/posts\/35401\/revisions"}],"predecessor-version":[{"id":35407,"href":"https:\/\/www.czechcyclingfederation.com\/en\/wp-json\/wp\/v2\/posts\/35401\/revisions\/35407"}],"wp:featuredmedia":[{"embeddable":true,"href":"https:\/\/www.czechcyclingfederation.com\/en\/wp-json\/wp\/v2\/media\/35402"}],"wp:attachment":[{"href":"https:\/\/www.czechcyclingfederation.com\/en\/wp-json\/wp\/v2\/media?parent=35401"}],"wp:term":[{"taxonomy":"category","embeddable":true,"href":"https:\/\/www.czechcyclingfederation.com\/en\/wp-json\/wp\/v2\/categories?post=35401"},{"taxonomy":"post_tag","embeddable":true,"href":"https:\/\/www.czechcyclingfederation.com\/en\/wp-json\/wp\/v2\/tags?post=35401"}],"curies":[{"name":"wp","href":"https:\/\/api.w.org\/{rel}","templated":true}]}}