{"id":35385,"date":"2025-05-13T21:57:46","date_gmt":"2025-05-13T19:57:46","guid":{"rendered":"https:\/\/www.czechcyclingfederation.com\/?p=35385"},"modified":"2025-05-13T22:16:16","modified_gmt":"2025-05-13T20:16:16","slug":"czech-tour-projede-napric-ceskem","status":"publish","type":"post","link":"https:\/\/www.czechcyclingfederation.com\/en\/czech-tour-projede-napric-ceskem\/","title":{"rendered":"Czech Tour projede nap\u0159\u00ed\u010d \u010ceskem, odstartuje v Praze"},"content":{"rendered":"\n<p><strong>S leto\u0161n\u00edm ro\u010dn\u00edkem etapov\u00e9ho z\u00e1vodu Czech Tour, kter\u00fd se jede v term\u00ednu 14.-17. srpna, p\u0159ich\u00e1z\u00ed nejv\u011bt\u0161\u00ed zm\u011bna v \u0161estn\u00e1ctilet\u00e9 historii nejv\u00fdznamn\u011bj\u0161\u00edho cyklistick\u00e9ho podniku v \u010cesk\u00e9 republice. Peloton poprv\u00e9 startuje v Praze, pot\u00e9 zav\u00edt\u00e1 do Karlov\u00fdch Var\u016f a Pardubic, odkud se vyd\u00e1 na tradi\u010dn\u00ed m\u00edsta v Jesen\u00edk\u00e1ch a Beskydech. Na startu op\u011bt nebudou chyb\u011bt t\u00fdmy z elitn\u00ed kategorie World Tour, \u00fa\u010dast ji\u017e potvrdily st\u00e1je Visma Lease a Bike a Soudal Quick-Step. P\u0159\u00edm\u00fd p\u0159enos z ka\u017ed\u00e9 etapy div\u00e1ci v leto\u0161n\u00edm roce najdou jak na \u010cesk\u00e9 televizi, tak na Eurosportu.<\/strong><\/p>\n\n\n\n<p>Organiz\u00e1tor\u016fm Czech Tour se letos poda\u0159ilo dot\u00e1hnout do \u00fasp\u011b\u0161n\u00e9ho konce avizovanou snahu o roz\u0161\u00ed\u0159en\u00ed z\u00e1vodu z tradi\u010dn\u00edch m\u00edst do dal\u0161\u00edch \u010d\u00e1st\u00ed \u010ceska v\u010detn\u011b hlavn\u00edho m\u011bsta. \u201ePoprv\u00e9 bude v itiner\u00e1\u0159i zahrnut\u00e1 i Praha. Odtud se vyd\u00e1me na z\u00e1pad do Karlov\u00fdch Var\u016f a pot\u00e9 se pojede z Pardubic na Moravu, kde op\u011bt peloton absolvuje par\u00e1dn\u00ed horsk\u00e9 v\u00fdjezdy na Dlouh\u00e9 str\u00e1n\u011b a Pustevny,\u201c \u0159\u00edk\u00e1 prezident z\u00e1vodu Robert Kol\u00e1\u0159.<\/p>\n\n\n\n<p>Stejn\u011b jako loni se Czech Tour dostane \u017eiv\u011b na televizn\u00ed obrazovky v p\u0159\u00edm\u00e9m p\u0159enosu z\u00e1v\u011bre\u010dn\u00fdch 90 minut z ka\u017ed\u00e9 etapy. Leto\u0161n\u00ed novinkou je za\u0159azen\u00ed p\u0159enosu i do programu televizn\u00ed stanice Eurosport, stejn\u011b jako loni pak bude p\u0159enosy p\u0159in\u00e1\u0161et i \u010cesk\u00e1 televize. \u201eD\u00edky Eurosportu se o Czech Tour bude v\u00edc v\u011bd\u011bt po cel\u00e9m sv\u011bt\u011b. I to by m\u011blo p\u0159isp\u011bt k napln\u011bn\u00ed na\u0161\u00ed ambice neust\u00e1le se posouvat nahoru v ratingu Mezin\u00e1rodn\u00ed cyklistick\u00e9 unie a jednou skon\u010dit u worldtourov\u00e9ho z\u00e1vodu,\u201c dod\u00e1v\u00e1 Robert Kol\u00e1\u0159.<\/p>\n\n\n\n<p>Z\u00e1vod se m\u016f\u017ee dlouhodob\u011b spolehnout na siln\u00e9ho gener\u00e1ln\u00edho partnera, spole\u010dnost Sazka. \u201eM\u00e1me radost, \u017ee se Czech Tour ka\u017ed\u00fdm rokem posouv\u00e1 \u2013 leto\u0161n\u00ed start p\u0159\u00edmo z centra Prahy je podle n\u00e1s dal\u0161\u00edm d\u016fkazem, \u017ee silni\u010dn\u00ed cyklistika si v \u010cesku z\u00edsk\u00e1v\u00e1 st\u00e1le v\u011bt\u0161\u00ed pozornost. Jako gener\u00e1ln\u00ed partner vn\u00edm\u00e1me jej\u00ed potenci\u00e1l oslovit \u0161irok\u00e9 publikum a p\u0159ibl\u00ed\u017eit tento sport i t\u011bm, kte\u0159\u00ed ho zat\u00edm sleduj\u00ed jen okrajov\u011b,\u201c \u0159\u00edk\u00e1 Dominika N\u011bmcov\u00e1, mana\u017eerka Sponzoringu a CSR Sazky.<\/p>\n\n\n\n<p><strong>Start na V\u00edt\u011bzn\u00e9m n\u00e1m\u011bst\u00ed<\/strong><\/p>\n\n\n\n<p>Po vzoru t\u011bch nejv\u011bt\u0161\u00edch z\u00e1vod\u016f v \u010dele s Tour de France za\u0159azuje Czech Tour do programu tak\u00e9 st\u0159ede\u010dn\u00ed slavnostn\u00ed zah\u00e1jen\u00ed, kter\u00e9 prob\u011bhne rovn\u011b\u017e v Praze. O den pozd\u011bji se cyklist\u00e9 vydaj\u00ed z V\u00edt\u011bzn\u00e9ho n\u00e1m\u011bst\u00ed v pra\u017esk\u00fdch Dejvic\u00edch do Karlov\u00fdch Var\u016f. \u201eNecht\u011bli jsme sprinterskou etapu a vytvo\u0159ili jsme tra\u0165 sp\u00ed\u0161 pro klasik\u00e1\u0159e. Dojezd do Karlov\u00fdch Var\u016f bude dost n\u00e1ro\u010dn\u00fd \u2013 technick\u00fd a rychl\u00fd, s \u0159adou kr\u00e1tk\u00fdch dynamick\u00fdch stoup\u00e1n\u00ed,\u201c komentuje trasu v d\u00e9lce 163 km a s p\u0159ev\u00fd\u0161en\u00edm 2 260 metr\u016f \u0159editel z\u00e1vodu Leopold K\u00f6nig.<\/p>\n\n\n\n<figure class=\"wp-block-image size-large\"><img loading=\"lazy\" decoding=\"async\" width=\"1024\" height=\"682\" src=\"http:\/\/www.czechcyclingfederation.com\/wp-content\/uploads\/2025\/05\/Alaphillpie-1024x682.jpg\" alt=\"\" class=\"wp-image-35388\" srcset=\"https:\/\/www.czechcyclingfederation.com\/wp-content\/uploads\/2025\/05\/Alaphillpie-1024x682.jpg 1024w, https:\/\/www.czechcyclingfederation.com\/wp-content\/uploads\/2025\/05\/Alaphillpie-300x200.jpg 300w, https:\/\/www.czechcyclingfederation.com\/wp-content\/uploads\/2025\/05\/Alaphillpie-768x511.jpg 768w, https:\/\/www.czechcyclingfederation.com\/wp-content\/uploads\/2025\/05\/Alaphillpie-1536x1023.jpg 1536w, https:\/\/www.czechcyclingfederation.com\/wp-content\/uploads\/2025\/05\/Alaphillpie-2048x1363.jpg 2048w, https:\/\/www.czechcyclingfederation.com\/wp-content\/uploads\/2025\/05\/Alaphillpie-1320x879.jpg 1320w\" sizes=\"auto, (max-width: 1024px) 100vw, 1024px\" \/><\/figure>\n\n\n\n<p>Druh\u00fd d\u00edl zavede peloton z Pardubic na vyhl\u00e1\u0161en\u00e9 stoup\u00e1n\u00ed na Dlouh\u00e9 str\u00e1n\u011b, z\u00e1vodn\u00edci celkem najedou 170 km a nastoupaj\u00ed 2 625 metr\u016f. \u201eP\u016fjde o prvn\u00ed velk\u00fd test jezdc\u016f na celkov\u00e9 po\u0159ad\u00ed. Tentokr\u00e1t jsme zvolili v\u00fdjezd kolem doln\u00ed n\u00e1dr\u017ee, kter\u00fd nab\u00eddne televizn\u00edm div\u00e1k\u016fm kr\u00e1sn\u00fd v\u00fdhled na z\u00e1vodn\u00edky z kamery v helikopt\u00e9\u0159e,\u201c popisuje Leopold K\u00f6nig.<\/p>\n\n\n\n<p>T\u0159et\u00ed etapa odstartuje v Prost\u011bjov\u011b a zavr\u0161it by ji m\u011bl po necel\u00fdch 150 km hromadn\u00fd spurt v Ostrav\u011b. \u201eT\u0159et\u00ed etapa bude v uvozovk\u00e1ch odpo\u010dinkov\u00e1. Dojezd v Ostrav\u011b se n\u00e1m loni hodn\u011b l\u00edbil, a proto jsme podobnou etapu za\u0159adili i letos,\u201c p\u0159ipomn\u011bl Leopold K\u00f6nig lo\u0148sk\u00fd dramatick\u00fd z\u00e1v\u011br, kde byl na c\u00edlov\u00e9 p\u00e1sce druh\u00fd \u010desk\u00fd z\u00e1vodn\u00edk Pavel Bittner.<\/p>\n\n\n\n<p>Vyvrcholen\u00ed Czech Tour by pak m\u011bla obstarat kr\u00e1lovsk\u00e1 \u010dtvrt\u00e1 etapa z Krom\u011b\u0159\u00ed\u017ee na Pustevny v d\u00e9lce 177 km a s p\u0159ev\u00fd\u0161en\u00edm bezm\u00e1la 3 000 metr\u016f. \u201eNa Pustevny z\u00e1vodn\u00edci vyjedou hned dvakr\u00e1t a douf\u00e1me, \u017ee a\u017e tato etapa rozhodne o v\u00edt\u011bzi. Div\u00e1ci u trati i televizn\u00edch obrazovek budou sv\u011bdky dramatu a\u017e do samotn\u00e9ho konce,\u201c v\u011b\u0159\u00ed Leopold K\u00f6nig.<\/p>\n\n\n\n<p><strong>Ji\u017e dva elitn\u00ed t\u00fdmy v pelotonu<\/strong><\/p>\n\n\n\n<p>Z\u00e1jem velk\u00fdch hr\u00e1\u010d\u016f o Czech Tour dokl\u00e1d\u00e1 ji\u017e d\u0159\u00edve potvrzen\u00fd start t\u00fdmu Visma Lease a Bike. A \u010derstv\u011b se k cyklistick\u00e9mu gigantu sou\u010dasn\u00e9ho pelotonu p\u0159id\u00e1v\u00e1 rovn\u011b\u017e dal\u0161\u00ed v\u00fdznamn\u00e1 st\u00e1j Soudal Quick-Step. \u201eSna\u017e\u00edme se etapy pl\u00e1novat vyv\u00e1\u017een\u011b, aby byly zaj\u00edmav\u00e9 jak pro sv\u011btov\u00e9 vrcha\u0159e, tak pro spurtery. A mysl\u00edm, \u017ee se n\u00e1m to op\u011bt poda\u0159ilo. Visma Lease a Bike i Soudal Quick-Step pat\u0159\u00ed k tomu nejlep\u0161\u00edmu, co sou\u010dasn\u00e1 cyklistika nab\u00edz\u00ed,\u201c \u0159\u00edk\u00e1 Leopold K\u00f6nig.<\/p>\n\n\n\n<figure class=\"wp-block-image size-large\"><img loading=\"lazy\" decoding=\"async\" width=\"1024\" height=\"608\" src=\"http:\/\/www.czechcyclingfederation.com\/wp-content\/uploads\/2025\/05\/CZECH-TOUR-17345-1024x608.jpg\" alt=\"\" class=\"wp-image-35386\" srcset=\"https:\/\/www.czechcyclingfederation.com\/wp-content\/uploads\/2025\/05\/CZECH-TOUR-17345-1024x608.jpg 1024w, https:\/\/www.czechcyclingfederation.com\/wp-content\/uploads\/2025\/05\/CZECH-TOUR-17345-300x178.jpg 300w, https:\/\/www.czechcyclingfederation.com\/wp-content\/uploads\/2025\/05\/CZECH-TOUR-17345-768x456.jpg 768w, https:\/\/www.czechcyclingfederation.com\/wp-content\/uploads\/2025\/05\/CZECH-TOUR-17345-1536x912.jpg 1536w, https:\/\/www.czechcyclingfederation.com\/wp-content\/uploads\/2025\/05\/CZECH-TOUR-17345-2048x1216.jpg 2048w, https:\/\/www.czechcyclingfederation.com\/wp-content\/uploads\/2025\/05\/CZECH-TOUR-17345-1320x784.jpg 1320w\" sizes=\"auto, (max-width: 1024px) 100vw, 1024px\" \/><\/figure>\n\n\n\n<p>S dal\u0161\u00edmi World Tour t\u00fdmy veden\u00ed z\u00e1vodu intenzivn\u011b jedn\u00e1. Vedle uskupen\u00ed s elitn\u00ed licenc\u00ed maj\u00ed organiz\u00e1to\u0159i Czech Tour potvrzen\u00fd start dal\u0161\u00edch ekip z ni\u017e\u0161\u00edch kategori\u00ed. Chyb\u011bt op\u011bt nebudou z\u00e1stupci nejlep\u0161\u00edch \u010desk\u00fdch st\u00e1j\u00ed Elkov-Kasper a ATT Investments.<\/p>\n\n\n\n<p><strong>Program CZECH TOUR 2025<\/strong><\/p>\n\n\n\n<p>1. etapa \u2013 14. srpna: Praha \u2013 Karlovy Vary (163 km\/2260 v\u00fd\u0161kov\u00fdch metr\u016f), 2. etapa \u2013 15. srpna: Pardubice \u2013 Dlouh\u00e9 str\u00e1n\u011b (170 km\/2625 v\u00fd\u0161kov\u00fdch metr\u016f), 3. etapa \u2013 16. srpna: Prost\u011bjov \u2013 Ostrava (148 km\/1378 v\u00fd\u0161kov\u00fdch metr\u016f), 4. etapa \u2013 17. srpna: Krom\u011b\u0159\u00ed\u017e \u2013 Pustevny (177 km\/2983 v\u00fd\u0161kov\u00fdch metr\u016f). Celkem 660 km, kumulovan\u00e9 p\u0159ev\u00fd\u0161en\u00ed 9246 metr\u016f.<\/p>\n\n\n\n<p><em>Foto: Czech Tour<\/em><\/p>\n\n\n\n<ol class=\"wp-block-list\"><\/ol>\n\n\n\n<p><\/p>\n","protected":false},"excerpt":{"rendered":"<p>S leto\u0161n\u00edm ro\u010dn\u00edkem etapov\u00e9ho z\u00e1vodu Czech Tour, kter\u00fd se jede v term\u00ednu 14.-17. srpna, p\u0159ich\u00e1z\u00ed nejv\u011bt\u0161\u00ed zm\u011bna v \u0161estn\u00e1ctilet\u00e9 historii nejv\u00fdznamn\u011bj\u0161\u00edho cyklistick\u00e9ho podniku v \u010cesk\u00e9 republice. Peloton poprv\u00e9 startuje v Praze, pot\u00e9 zav\u00edt\u00e1 do Karlov\u00fdch Var\u016f a Pardubic, odkud se vyd\u00e1 na tradi\u010dn\u00ed m\u00edsta v Jesen\u00edk\u00e1ch a Beskydech. Na startu op\u011bt nebudou chyb\u011bt t\u00fdmy z [&hellip;]<\/p>\n","protected":false},"author":30,"featured_media":35390,"comment_status":"closed","ping_status":"open","sticky":false,"template":"","format":"standard","meta":{"footnotes":""},"categories":[2,46],"tags":[11],"class_list":["post-35385","post","type-post","status-publish","format-standard","has-post-thumbnail","hentry","category-novinky","category-novinky-sportovni-centra","tag-silnice"],"_links":{"self":[{"href":"https:\/\/www.czechcyclingfederation.com\/en\/wp-json\/wp\/v2\/posts\/35385","targetHints":{"allow":["GET"]}}],"collection":[{"href":"https:\/\/www.czechcyclingfederation.com\/en\/wp-json\/wp\/v2\/posts"}],"about":[{"href":"https:\/\/www.czechcyclingfederation.com\/en\/wp-json\/wp\/v2\/types\/post"}],"author":[{"embeddable":true,"href":"https:\/\/www.czechcyclingfederation.com\/en\/wp-json\/wp\/v2\/users\/30"}],"replies":[{"embeddable":true,"href":"https:\/\/www.czechcyclingfederation.com\/en\/wp-json\/wp\/v2\/comments?post=35385"}],"version-history":[{"count":3,"href":"https:\/\/www.czechcyclingfederation.com\/en\/wp-json\/wp\/v2\/posts\/35385\/revisions"}],"predecessor-version":[{"id":35394,"href":"https:\/\/www.czechcyclingfederation.com\/en\/wp-json\/wp\/v2\/posts\/35385\/revisions\/35394"}],"wp:featuredmedia":[{"embeddable":true,"href":"https:\/\/www.czechcyclingfederation.com\/en\/wp-json\/wp\/v2\/media\/35390"}],"wp:attachment":[{"href":"https:\/\/www.czechcyclingfederation.com\/en\/wp-json\/wp\/v2\/media?parent=35385"}],"wp:term":[{"taxonomy":"category","embeddable":true,"href":"https:\/\/www.czechcyclingfederation.com\/en\/wp-json\/wp\/v2\/categories?post=35385"},{"taxonomy":"post_tag","embeddable":true,"href":"https:\/\/www.czechcyclingfederation.com\/en\/wp-json\/wp\/v2\/tags?post=35385"}],"curies":[{"name":"wp","href":"https:\/\/api.w.org\/{rel}","templated":true}]}}