{"id":35366,"date":"2025-05-12T20:33:48","date_gmt":"2025-05-12T18:33:48","guid":{"rendered":"https:\/\/www.czechcyclingfederation.com\/?p=35366"},"modified":"2025-05-12T20:33:52","modified_gmt":"2025-05-12T18:33:52","slug":"charvat-nejlepsim-cechem-na-sp-v-enduru-v-italii","status":"publish","type":"post","link":"https:\/\/www.czechcyclingfederation.com\/en\/charvat-nejlepsim-cechem-na-sp-v-enduru-v-italii\/","title":{"rendered":"Charv\u00e1t nejlep\u0161\u00edm \u010cechem na SP v\u00a0enduru v\u00a0It\u00e1lii"},"content":{"rendered":"\n<p><strong>Mat\u011bj Charv\u00e1t<\/strong> obsadil 22. m\u00edsto jako nejlep\u0161\u00ed z&nbsp;\u010desk\u00fdch reprezentant\u016f na \u00favodn\u00edm z\u00e1vod\u011b Sv\u011btov\u00e9ho poh\u00e1ru v&nbsp;enduru v&nbsp;italsk\u00e9m Pietra Ligure.<\/p>\n\n\n\n<p>V&nbsp;nabit\u00e9 startovn\u00ed listin\u011b bezm\u00e1la 140 z\u00e1stupc\u016f mu\u017esk\u00e9 elitn\u00ed kategorie se po 7 RZ radoval z&nbsp;prvenstv\u00ed Australan Daniel Booker. Neztratili se ani dal\u0161\u00ed \u010de\u0161t\u00ed z\u00e1vodn\u00edci: <strong>Vojt\u011bch Kloko\u010dka<\/strong> skon\u010dil 25., <strong>Vojt\u011bch Bl\u00e1ha<\/strong> 31., <strong>Stanislav Sehnal<\/strong> 36. <strong>a Jakub Pivni\u010dka<\/strong> 39.<\/p>\n\n\n\n<p><em>\u201eJe\u0161t\u011b p\u0159ed p\u00e1r dny jsem si \u0159\u00edkal, jestli v\u016fbec d\u00e1m tak n\u00e1ro\u010dn\u00fd z\u00e1vod. P\u0159ed t\u0159emi t\u00fddny jsem si dal docela velk\u00fd ot\u0159es mozku a dva t\u00fddny jsem jen le\u017eel a b\u011bhal po nemocnici. Hecl jsem to a vyplatilo se. Bolest hlavy v&nbsp;posledn\u00edch dnech odezn\u011bla a dalo se to aspo\u0148 n\u011bkde hulit. P\u00e1r erzet se poda\u0159ilo v\u00edce, p\u00e1r zase m\u00e9n\u011b. Byly tam i n\u011bjak\u00e9 mechanick\u00e9 probl\u00e9my, ale to je enduro. 36. flek je za m\u011b super start do sezony,\u201c<\/em> komentoval \u00favodn\u00ed z\u00e1vod SP Stanislav Sehnal.<\/p>\n\n\n\n<p>Mezi juniory se \u010ce\u0161i se\u0159adili za sebou: <strong>Jan \u0160afr\u00e1nek<\/strong> byl 10., <strong>Martin Hor\u00e1k<\/strong> 11. a <strong>Mat\u011bj \u0160rail<\/strong> 12.<\/p>\n\n\n\n<p>Dal\u0161\u00ed z\u00e1vod SP se uskute\u010dn\u00ed u\u017e nadch\u00e1zej\u00edc\u00ed v\u00edkend v&nbsp;polsk\u00e9m st\u0159edisku Bielsko Biala, kde se krom\u011b endura budou z\u00e1vodit i sjezda\u0159i.<\/p>\n","protected":false},"excerpt":{"rendered":"<p>Mat\u011bj Charv\u00e1t obsadil 22. m\u00edsto jako nejlep\u0161\u00ed z&nbsp;\u010desk\u00fdch reprezentant\u016f na \u00favodn\u00edm z\u00e1vod\u011b Sv\u011btov\u00e9ho poh\u00e1ru v&nbsp;enduru v&nbsp;italsk\u00e9m Pietra Ligure. V&nbsp;nabit\u00e9 startovn\u00ed listin\u011b bezm\u00e1la 140 z\u00e1stupc\u016f mu\u017esk\u00e9 elitn\u00ed kategorie se po 7 RZ radoval z&nbsp;prvenstv\u00ed Australan Daniel Booker. Neztratili se ani dal\u0161\u00ed \u010de\u0161t\u00ed z\u00e1vodn\u00edci: Vojt\u011bch Kloko\u010dka skon\u010dil 25., Vojt\u011bch Bl\u00e1ha 31., Stanislav Sehnal 36. a Jakub Pivni\u010dka [&hellip;]<\/p>\n","protected":false},"author":15,"featured_media":35367,"comment_status":"closed","ping_status":"open","sticky":false,"template":"","format":"standard","meta":{"footnotes":""},"categories":[6,2],"tags":[10],"class_list":["post-35366","post","type-post","status-publish","format-standard","has-post-thumbnail","hentry","category-mtb","category-novinky","tag-mtb"],"_links":{"self":[{"href":"https:\/\/www.czechcyclingfederation.com\/en\/wp-json\/wp\/v2\/posts\/35366","targetHints":{"allow":["GET"]}}],"collection":[{"href":"https:\/\/www.czechcyclingfederation.com\/en\/wp-json\/wp\/v2\/posts"}],"about":[{"href":"https:\/\/www.czechcyclingfederation.com\/en\/wp-json\/wp\/v2\/types\/post"}],"author":[{"embeddable":true,"href":"https:\/\/www.czechcyclingfederation.com\/en\/wp-json\/wp\/v2\/users\/15"}],"replies":[{"embeddable":true,"href":"https:\/\/www.czechcyclingfederation.com\/en\/wp-json\/wp\/v2\/comments?post=35366"}],"version-history":[{"count":1,"href":"https:\/\/www.czechcyclingfederation.com\/en\/wp-json\/wp\/v2\/posts\/35366\/revisions"}],"predecessor-version":[{"id":35369,"href":"https:\/\/www.czechcyclingfederation.com\/en\/wp-json\/wp\/v2\/posts\/35366\/revisions\/35369"}],"wp:featuredmedia":[{"embeddable":true,"href":"https:\/\/www.czechcyclingfederation.com\/en\/wp-json\/wp\/v2\/media\/35367"}],"wp:attachment":[{"href":"https:\/\/www.czechcyclingfederation.com\/en\/wp-json\/wp\/v2\/media?parent=35366"}],"wp:term":[{"taxonomy":"category","embeddable":true,"href":"https:\/\/www.czechcyclingfederation.com\/en\/wp-json\/wp\/v2\/categories?post=35366"},{"taxonomy":"post_tag","embeddable":true,"href":"https:\/\/www.czechcyclingfederation.com\/en\/wp-json\/wp\/v2\/tags?post=35366"}],"curies":[{"name":"wp","href":"https:\/\/api.w.org\/{rel}","templated":true}]}}