{"id":35346,"date":"2025-05-12T08:09:44","date_gmt":"2025-05-12T06:09:44","guid":{"rendered":"https:\/\/www.czechcyclingfederation.com\/?p=35346"},"modified":"2025-05-12T08:11:41","modified_gmt":"2025-05-12T06:11:41","slug":"sudomerice-otevrou-cesky-pohar-v-gravelu-2025","status":"publish","type":"post","link":"https:\/\/www.czechcyclingfederation.com\/en\/sudomerice-otevrou-cesky-pohar-v-gravelu-2025\/","title":{"rendered":"Sudom\u011b\u0159ice otev\u0159ou \u010cesk\u00fd poh\u00e1r v gravelu 2025!"},"content":{"rendered":"\n<p class=\"has-text-align-left\">V ned\u011bli 18. 5. 2025 se Sudom\u011b\u0159ice stanou centrem \u010desk\u00e9 gravelov\u00e9 sc\u00e9ny!&nbsp;<\/p>\n\n\n\n<p>Prob\u011bhne zde prvn\u00ed leto\u0161n\u00ed z\u00e1vod poh\u00e1rov\u00e9ho Gravel Bohemia Cupu. Na uzav\u0159en\u00fdch \u0161t\u011brkov\u00fdch cest\u00e1ch kolem vinohrad\u016f tohoto kr\u00e1sn\u00e9ho vina\u0159sk\u00e9ho koutu ji\u017en\u00ed Moravy se pojede t\u0159et\u00ed ro\u010dn\u00edk Gravel &#8211; Sudom\u00edr. <\/p>\n\n\n\n<p>Myslelo se i na nejmen\u0161\u00ed a v are\u00e1lu z\u00e1vodu bude p\u0159ipraven\u00fd bohat\u00fd program pro d\u011bti!<\/p>\n\n\n\n<p>V\u00edce info &amp; registrace :<a href=\"http:\/\/www.gravel-sudomir.cz\">www.gravel-sudomir.cz<\/a><\/p>\n\n\n<div class=\"wp-block-image\">\n<figure class=\"aligncenter size-large\"><img loading=\"lazy\" decoding=\"async\" width=\"724\" height=\"1024\" src=\"https:\/\/www.czechcyclingfederation.com\/wp-content\/uploads\/2025\/05\/Gravel_Sudomir_poster_GBC_2025-724x1024.png\" alt=\"\" class=\"wp-image-35349\" srcset=\"https:\/\/www.czechcyclingfederation.com\/wp-content\/uploads\/2025\/05\/Gravel_Sudomir_poster_GBC_2025-724x1024.png 724w, https:\/\/www.czechcyclingfederation.com\/wp-content\/uploads\/2025\/05\/Gravel_Sudomir_poster_GBC_2025-141x200.png 141w, https:\/\/www.czechcyclingfederation.com\/wp-content\/uploads\/2025\/05\/Gravel_Sudomir_poster_GBC_2025-768x1086.png 768w, https:\/\/www.czechcyclingfederation.com\/wp-content\/uploads\/2025\/05\/Gravel_Sudomir_poster_GBC_2025-1086x1536.png 1086w, https:\/\/www.czechcyclingfederation.com\/wp-content\/uploads\/2025\/05\/Gravel_Sudomir_poster_GBC_2025.png 1131w\" sizes=\"auto, (max-width: 724px) 100vw, 724px\" \/><\/figure>\n<\/div>","protected":false},"excerpt":{"rendered":"<p>V ned\u011bli 18. 5. 2025 se Sudom\u011b\u0159ice stanou centrem \u010desk\u00e9 gravelov\u00e9 sc\u00e9ny!&nbsp; Prob\u011bhne zde prvn\u00ed leto\u0161n\u00ed z\u00e1vod poh\u00e1rov\u00e9ho Gravel Bohemia Cupu. Na uzav\u0159en\u00fdch \u0161t\u011brkov\u00fdch cest\u00e1ch kolem vinohrad\u016f tohoto kr\u00e1sn\u00e9ho vina\u0159sk\u00e9ho koutu ji\u017en\u00ed Moravy se pojede t\u0159et\u00ed ro\u010dn\u00edk Gravel &#8211; Sudom\u00edr. Myslelo se i na nejmen\u0161\u00ed a v are\u00e1lu z\u00e1vodu bude p\u0159ipraven\u00fd bohat\u00fd program pro d\u011bti! [&hellip;]<\/p>\n","protected":false},"author":3,"featured_media":35347,"comment_status":"closed","ping_status":"open","sticky":false,"template":"","format":"standard","meta":{"footnotes":""},"categories":[421,2,46],"tags":[196],"class_list":["post-35346","post","type-post","status-publish","format-standard","has-post-thumbnail","hentry","category-gravel","category-novinky","category-novinky-sportovni-centra","tag-gravel"],"_links":{"self":[{"href":"https:\/\/www.czechcyclingfederation.com\/en\/wp-json\/wp\/v2\/posts\/35346","targetHints":{"allow":["GET"]}}],"collection":[{"href":"https:\/\/www.czechcyclingfederation.com\/en\/wp-json\/wp\/v2\/posts"}],"about":[{"href":"https:\/\/www.czechcyclingfederation.com\/en\/wp-json\/wp\/v2\/types\/post"}],"author":[{"embeddable":true,"href":"https:\/\/www.czechcyclingfederation.com\/en\/wp-json\/wp\/v2\/users\/3"}],"replies":[{"embeddable":true,"href":"https:\/\/www.czechcyclingfederation.com\/en\/wp-json\/wp\/v2\/comments?post=35346"}],"version-history":[{"count":1,"href":"https:\/\/www.czechcyclingfederation.com\/en\/wp-json\/wp\/v2\/posts\/35346\/revisions"}],"predecessor-version":[{"id":35351,"href":"https:\/\/www.czechcyclingfederation.com\/en\/wp-json\/wp\/v2\/posts\/35346\/revisions\/35351"}],"wp:featuredmedia":[{"embeddable":true,"href":"https:\/\/www.czechcyclingfederation.com\/en\/wp-json\/wp\/v2\/media\/35347"}],"wp:attachment":[{"href":"https:\/\/www.czechcyclingfederation.com\/en\/wp-json\/wp\/v2\/media?parent=35346"}],"wp:term":[{"taxonomy":"category","embeddable":true,"href":"https:\/\/www.czechcyclingfederation.com\/en\/wp-json\/wp\/v2\/categories?post=35346"},{"taxonomy":"post_tag","embeddable":true,"href":"https:\/\/www.czechcyclingfederation.com\/en\/wp-json\/wp\/v2\/tags?post=35346"}],"curies":[{"name":"wp","href":"https:\/\/api.w.org\/{rel}","templated":true}]}}