{"id":35335,"date":"2025-05-11T22:04:27","date_gmt":"2025-05-11T20:04:27","guid":{"rendered":"https:\/\/www.czechcyclingfederation.com\/?p=35335"},"modified":"2025-05-11T22:05:47","modified_gmt":"2025-05-11T20:05:47","slug":"bukovska-bronzova-v-zavode-juniorske-svetove-mtb-serie-v-haimingu-bazant-ctvrty","status":"publish","type":"post","link":"https:\/\/www.czechcyclingfederation.com\/en\/bukovska-bronzova-v-zavode-juniorske-svetove-mtb-serie-v-haimingu-bazant-ctvrty\/","title":{"rendered":"Bukovsk\u00e1 bronzov\u00e1 v z\u00e1vod\u011b Juniorsk\u00e9 sv\u011btov\u00e9 MTB s\u00e9rie v Haimingu, Ba\u017eant \u010dtvrt\u00fd!"},"content":{"rendered":"\n<p><strong>Juniorka Barbora Bukovsk\u00e1 dok\u00e1zala zopakovat sv\u016fj ned\u00e1vn\u00fd \u00fasp\u011bch z&nbsp;italsk\u00e9ho Nalles a v&nbsp;rakousk\u00e9m Haimingu vybojovala dal\u0161\u00ed bronz v&nbsp;z\u00e1vod\u011b Juniorsk\u00e9 sv\u011btov\u00e9 MTB s\u00e9rie.&nbsp;<\/strong><\/p>\n\n\n\n<p><strong>O um\u00edst\u011bn\u00ed na roz\u0161\u00ed\u0159en\u00e9m p\u00f3diu se postaral v&nbsp;z\u00e1vod\u011b junior\u016f, lo\u0148sk\u00fd vicemistr Evropy, Kry\u0161tof Ba\u017eant.<\/strong><\/p>\n\n\n\n<p>Rakousk\u00fd Haiming pat\u0159\u00ed mezi tradi\u010dn\u00ed bikovou \u201eklasiku\u201c. Fyzicky a p\u0159edev\u0161\u00edm technicky n\u00e1ro\u010dn\u00e1 tra\u0165 je zasazen\u00e1 v&nbsp;hust\u00e9m alpsk\u00e9m lese a charakterizuj\u00ed ji v\u0161udyp\u0159\u00edtomn\u00e9 ko\u0159eny, kameny a velmi strm\u00e1 stoup\u00e1n\u00ed i sjezdy.<\/p>\n\n\n\n<p>Kvalitn\u00ed, siln\u011b obsazen\u00e9 startovn\u00ed pole t\u011b\u017e\u00ed z&nbsp;navazuj\u00edc\u00ed s\u00e9rie vrcholn\u00fdch evropsk\u00fdch z\u00e1vod\u016f, kter\u00e9 vy\u00fast\u00ed z\u00e1vodem UCI World Series a Junior World Series v&nbsp;Nov\u00e9m M\u011bst\u011b na Morav\u011b. N\u011bkolik posledn\u00edch let je pak z\u00e1vod v Haimingu za\u0159azen do kalend\u00e1\u0159e nejvy\u0161\u0161\u00ed sv\u011btov\u00e9 sout\u011b\u017ee junior\u016f, Junior World Series. \u010cesk\u00fd juniorsk\u00fd t\u00fdm nastoupil do z\u00e1vodu kr\u00e1tce po spole\u010dn\u00e9m soust\u0159ed\u011bn\u00ed v&nbsp;Nov\u00e9m M\u011bst\u011b na Morav\u011b. V&nbsp;dev\u00edti\u010dlenn\u00e9m v\u00fdb\u011bru reprezenta\u010dn\u00edho tren\u00e9ra Viktora Zapletala je p\u011bt junior\u016f a \u010dty\u0159i juniorky.<\/p>\n\n\n\n<figure class=\"wp-block-image size-full\"><img loading=\"lazy\" decoding=\"async\" width=\"931\" height=\"810\" src=\"https:\/\/www.czechcyclingfederation.com\/wp-content\/uploads\/2025\/05\/image001-1.jpg\" alt=\"\" class=\"wp-image-35340\" srcset=\"https:\/\/www.czechcyclingfederation.com\/wp-content\/uploads\/2025\/05\/image001-1.jpg 931w, https:\/\/www.czechcyclingfederation.com\/wp-content\/uploads\/2025\/05\/image001-1-230x200.jpg 230w, https:\/\/www.czechcyclingfederation.com\/wp-content\/uploads\/2025\/05\/image001-1-768x668.jpg 768w\" sizes=\"auto, (max-width: 931px) 100vw, 931px\" \/><\/figure>\n\n\n\n<p>Pro vicemistra Evropy z&nbsp;rumunsk\u00e9ho Cheile Gradistei, Kry\u0161tofa Ba\u017eanta (Cyklostar Pirelli) to byl letos prvn\u00ed mezin\u00e1rodn\u00ed start v&nbsp;z\u00e1vod\u011b horsk\u00fdch kol. Kry\u0161tof dob\u0159e odstartoval a v&nbsp;prvn\u00ed f\u00e1zi z\u00e1vodu se pohyboval v&nbsp;\u010deln\u00ed skupin\u011b jezdc\u016f. N\u00e1sledn\u00e1 krize ale znamenala propad a\u017e na t\u0159in\u00e1ctou pozici. \u010cesk\u00fd talent dok\u00e1zal zabojovat, postupn\u011b se vr\u00e1til nejenom ke sv\u00fdm soupe\u0159\u016fm, ale v\u00fdborn\u00fd v\u00fdkon ve druh\u00e9 p\u016flce \u010dtvrt\u00e9ho kola a n\u00e1sledn\u011b v&nbsp;kole posledn\u00edm znamenal posun a\u017e na kone\u010dn\u00e9, velmi dobr\u00e9 \u010dtvrt\u00e9 m\u00edsto.<\/p>\n\n\n\n<p><em>\u201eVe t\u0159et\u00edm kole u\u017e jsem m\u011bl trochu strach, ale pak jsem se zase rozjel a konec u\u017e byl dobr\u00fd,\u201c<\/em>&nbsp;p\u0159izn\u00e1val v&nbsp;c\u00edli s&nbsp;\u00fasm\u011bvem Kry\u0161tof.<\/p>\n\n\n\n<p>Sv\u016fj v\u00fdkon z&nbsp;italsk\u00e9ho Nalles dok\u00e1zal opakovat Jakub Mu\u0161\u00e1lek (HEAD KMC Team Opava), kter\u00fd se znovu um\u00edstil v&nbsp;nejlep\u0161\u00ed t\u0159ic\u00edtce jezdc\u016f, na 29. p\u0159\u00ed\u010dce. Robert Mit\u00e1\u0161 (Cyklostar Pirelli) dokon\u010dil z\u00e1vod na 40., Daniel Soukup (Team DUKLA Praha) na 46. a Richard Severyn (Expres CZ BMD Team Kol\u00edn) na 47. pozici.<\/p>\n\n\n\n<p>V&nbsp;z\u00e1vod\u011b juniorek m\u00e1 \u010desk\u00fd t\u00fdm siln\u00e9 zastoupen\u00ed v&nbsp;trojici talentovan\u00fdch d\u00edvek. Barbora Bukovsk\u00e1 (DK BIKESHOP Racing Team), Am\u00e1lie Gottwaldov\u00e1 (CP Team) &nbsp;i Lucie Grohov\u00e1 (Team DUKLA Praha) znovu potvrdily p\u0159edpoklady, \u017ee mohou atakovat p\u0159\u00ed\u010dky nejvy\u0161\u0161\u00ed i v&nbsp;nejt\u011b\u017e\u0161\u00edch z\u00e1vodech. U\u017e po prvn\u00edm kole, jezdila trojice \u010desk\u00fdch reprezentantek v&nbsp;\u010deln\u00ed osmi\u010dce z\u00e1vodnic, a to navzdory startovn\u00edmu postaven\u00ed prvoro\u010da\u010dek, Barbory i Lucie a\u017e ve druh\u00e9 \u010d\u00e1sti pelotonu.<\/p>\n\n\n\n<p>Ve t\u0159et\u00edm kole se Barbora Bukovsk\u00e1 dok\u00e1zala prosadit na t\u0159et\u00ed, osamocenou pozici a toto postaven\u00ed si s p\u0159ehledem udr\u017eela a\u017e do c\u00edle.<\/p>\n\n\n\n<p>Kvalitn\u00ed v\u00fdkon znovu p\u0159edvedla Am\u00e1lie Gottwaldov\u00e1, kter\u00e1 vyt\u011b\u017eila maximum ze startu z&nbsp;prvn\u00ed \u0159ady a um\u00edstila t\u011bsn\u011b pod roz\u0161\u00ed\u0159en\u00fdm p\u00f3diem se na p\u011bkn\u00e9m, \u0161est\u00e9m m\u00edst\u011b.<\/p>\n\n\n\n<p>\u00dasp\u011bch \u010desk\u00e9ho t\u00fdmu mohl b\u00fdt je\u0161t\u011b v\u00fdrazn\u011bj\u0161\u00ed neb\u00fdt dvou defekt\u016f, dob\u0159e jedouc\u00ed Lucie Grohov\u00e9. Opravy v&nbsp;depu ale znamenaly ztr\u00e1tu a propad a\u017e na c\u00edlovou, 19. p\u0159\u00ed\u010dku.<\/p>\n\n\n\n<p>Michaela Jiroutkov\u00e1 (LAWI Junior Team) p\u0159i sv\u00e9 premi\u00e9\u0159e v z\u00e1vod\u011b Juniorsk\u00e9 sv\u011btov\u00e9 s\u00e9rie obsadila 27. p\u0159\u00ed\u010dku.<\/p>\n\n\n\n<p>\u010cesk\u00fd t\u00fdm se znovu sejde u\u017e v&nbsp;p\u00e1tek a odj\u00ed\u017ed\u00ed n\u011bmeck\u00e9ho Heubachu na dal\u0161\u00ed z\u00e1vod evropsk\u00e9ho turn\u00e9 a z\u00e1rove\u0148 posledn\u00ed z\u00e1vod Juniorsk\u00e9 sv\u011btov\u00e9 s\u00e9rie p\u0159ed dom\u00e1c\u00edm startem v&nbsp;Nov\u00e9m M\u011bst\u011b na Morav\u011b.<\/p>\n\n\n\n<p>Celkov\u00e9 v\u00fdsledky na&nbsp;<a href=\"https:\/\/my.raceresult.com\/329526\/results\">my.raceresult.com.<\/a><\/p>\n\n\n\n<p><em>Foto: ReprezentaceMTB.cz<\/em><\/p>\n","protected":false},"excerpt":{"rendered":"<p>Juniorka Barbora Bukovsk\u00e1 dok\u00e1zala zopakovat sv\u016fj ned\u00e1vn\u00fd \u00fasp\u011bch z&nbsp;italsk\u00e9ho Nalles a v&nbsp;rakousk\u00e9m Haimingu vybojovala dal\u0161\u00ed bronz v&nbsp;z\u00e1vod\u011b Juniorsk\u00e9 sv\u011btov\u00e9 MTB s\u00e9rie.&nbsp; O um\u00edst\u011bn\u00ed na roz\u0161\u00ed\u0159en\u00e9m p\u00f3diu se postaral v&nbsp;z\u00e1vod\u011b junior\u016f, lo\u0148sk\u00fd vicemistr Evropy, Kry\u0161tof Ba\u017eant. Rakousk\u00fd Haiming pat\u0159\u00ed mezi tradi\u010dn\u00ed bikovou \u201eklasiku\u201c. Fyzicky a p\u0159edev\u0161\u00edm technicky n\u00e1ro\u010dn\u00e1 tra\u0165 je zasazen\u00e1 v&nbsp;hust\u00e9m alpsk\u00e9m lese a charakterizuj\u00ed [&hellip;]<\/p>\n","protected":false},"author":9,"featured_media":35338,"comment_status":"closed","ping_status":"open","sticky":false,"template":"","format":"standard","meta":{"footnotes":""},"categories":[6,2],"tags":[10],"class_list":["post-35335","post","type-post","status-publish","format-standard","has-post-thumbnail","hentry","category-mtb","category-novinky","tag-mtb"],"_links":{"self":[{"href":"https:\/\/www.czechcyclingfederation.com\/en\/wp-json\/wp\/v2\/posts\/35335","targetHints":{"allow":["GET"]}}],"collection":[{"href":"https:\/\/www.czechcyclingfederation.com\/en\/wp-json\/wp\/v2\/posts"}],"about":[{"href":"https:\/\/www.czechcyclingfederation.com\/en\/wp-json\/wp\/v2\/types\/post"}],"author":[{"embeddable":true,"href":"https:\/\/www.czechcyclingfederation.com\/en\/wp-json\/wp\/v2\/users\/9"}],"replies":[{"embeddable":true,"href":"https:\/\/www.czechcyclingfederation.com\/en\/wp-json\/wp\/v2\/comments?post=35335"}],"version-history":[{"count":2,"href":"https:\/\/www.czechcyclingfederation.com\/en\/wp-json\/wp\/v2\/posts\/35335\/revisions"}],"predecessor-version":[{"id":35343,"href":"https:\/\/www.czechcyclingfederation.com\/en\/wp-json\/wp\/v2\/posts\/35335\/revisions\/35343"}],"wp:featuredmedia":[{"embeddable":true,"href":"https:\/\/www.czechcyclingfederation.com\/en\/wp-json\/wp\/v2\/media\/35338"}],"wp:attachment":[{"href":"https:\/\/www.czechcyclingfederation.com\/en\/wp-json\/wp\/v2\/media?parent=35335"}],"wp:term":[{"taxonomy":"category","embeddable":true,"href":"https:\/\/www.czechcyclingfederation.com\/en\/wp-json\/wp\/v2\/categories?post=35335"},{"taxonomy":"post_tag","embeddable":true,"href":"https:\/\/www.czechcyclingfederation.com\/en\/wp-json\/wp\/v2\/tags?post=35335"}],"curies":[{"name":"wp","href":"https:\/\/api.w.org\/{rel}","templated":true}]}}