{"id":35315,"date":"2025-05-11T18:02:58","date_gmt":"2025-05-11T16:02:58","guid":{"rendered":"https:\/\/www.czechcyclingfederation.com\/?p=35315"},"modified":"2025-05-12T18:12:28","modified_gmt":"2025-05-12T16:12:28","slug":"kolecik-vyhral-prvni-zavod-czech-dh-top-on-trail-cupu-na-bile","status":"publish","type":"post","link":"https:\/\/www.czechcyclingfederation.com\/en\/kolecik-vyhral-prvni-zavod-czech-dh-top-on-trail-cupu-na-bile\/","title":{"rendered":"Kole\u010d\u00edk vyhr\u00e1l prvn\u00ed z\u00e1vod Czech DH Top On Trail cupu na B\u00edl\u00e9"},"content":{"rendered":"\n<p>\u00davodn\u00ed z\u00e1vod seri\u00e1lu Czech DH Top On Trail cupu vyhr\u00e1l na trati v B\u00edl\u00e9 u Velk\u00fdch Karlovic \u010desk\u00fd reprezentant Ond\u0159ej Kole\u010d\u00edk. Na trati dlouh\u00e9 1500 metr\u016f byl o 73 setin vte\u0159iny rychlej\u0161\u00ed ne\u017e slovensk\u00fd jezdec Rastislav Baranek, kter\u00fd je jeho st\u00e1jov\u00fdm kolegou v Kellys Factory Teamu. Mezi \u017eenami byla nejrychlej\u0161\u00ed Raku\u0161anka Kerstin Salleggerov\u00e1, vyhr\u00e1la o t\u00e9m\u011b\u0159 dev\u011bt vte\u0159in p\u0159ed Karol\u00ednou Kadlecovou. Z\u00e1vod junior\u016f ovl\u00e1dl Jakub Bedna\u0159\u00edk.<\/p>\n\n\n\n<figure class=\"wp-block-image size-large\"><img loading=\"lazy\" decoding=\"async\" width=\"1024\" height=\"683\" src=\"https:\/\/www.czechcyclingfederation.com\/wp-content\/uploads\/2025\/05\/foto-sjezdari-1024x683.jpg\" alt=\"\" class=\"wp-image-35353\" srcset=\"https:\/\/www.czechcyclingfederation.com\/wp-content\/uploads\/2025\/05\/foto-sjezdari-1024x683.jpg 1024w, https:\/\/www.czechcyclingfederation.com\/wp-content\/uploads\/2025\/05\/foto-sjezdari-300x200.jpg 300w, https:\/\/www.czechcyclingfederation.com\/wp-content\/uploads\/2025\/05\/foto-sjezdari-768x512.jpg 768w, https:\/\/www.czechcyclingfederation.com\/wp-content\/uploads\/2025\/05\/foto-sjezdari-1536x1024.jpg 1536w, https:\/\/www.czechcyclingfederation.com\/wp-content\/uploads\/2025\/05\/foto-sjezdari-1320x880.jpg 1320w, https:\/\/www.czechcyclingfederation.com\/wp-content\/uploads\/2025\/05\/foto-sjezdari.jpg 2048w\" sizes=\"auto, (max-width: 1024px) 100vw, 1024px\" \/><\/figure>\n\n\n\n<p>&#8220;Tra\u0165 byla na prvn\u00ed z\u00e1vod p\u011btid\u00edln\u00e9ho seri\u00e1lu trochu snadn\u011bj\u0161\u00ed, ale p\u0159esto byla na startu pom\u011brn\u011b slu\u0161n\u00e1 \u00fa\u010dast 174 jezdc\u016f, krom\u011b dom\u00e1c\u00edch \u010cech\u016f jeli z\u00e1vodn\u00edci ze Slovenska, Polska, Ma\u010farska, Rakouska, Francie a Ukrajiny. T\u011b\u0161\u00ed m\u011b, \u017ee vyhr\u00e1l Kole\u010d\u00edk p\u0159ed sv\u00fdm t\u00fdmov\u00fdm slovensk\u00fdm kolegou,&#8221; \u0159ekl \u0159editel seri\u00e1lu Zden\u011bk Flori\u00e1n, kter\u00fd ale upozornil na to, \u017ee na startu chyb\u011bli Stanislav Sehnal, Mat\u011bj Charv\u00e1t a na\u0161i p\u0159edn\u00ed junio\u0159i, kte\u0159\u00ed startovali na podniku na Sv\u011btov\u00e9ho poh\u00e1ru v enduro v It\u00e1lii.<\/p>\n\n\n\n<p>Za t\u0159i t\u00fddny se v Koutech nad Desnou uskute\u010dn\u00ed mistrovstv\u00ed \u010cR.<\/p>\n\n\n\n<p>V\u00fdsledky:<\/p>\n\n\n\n<p>1. Kole\u010d\u00edk 2:12,26, 2. Baranek (SR) +0,73, 3. Stulik (Rak.) +1,70, 4. H\u00fa\u0161\u0165 +3,04, 5. Matou\u0161ek +3,73, 6. Srn\u011bnsk\u00fd +5,31.<\/p>\n\n\n\n<p>\u017deny:<\/p>\n\n\n\n<p>1. Salleggerov\u00e1 (Rak.) 2:31,75, 2. Kadlecov\u00e1 +8,98, 3. Kocourkov\u00e1 +9,08.<\/p>\n\n\n\n<p>Junio\u0159i:<\/p>\n\n\n\n<p>1. Bedna\u0159\u00edk 2:17,99, 2. Z\u00e1vorka +0,38, 3. Hurta +0,71.<\/p>\n\n\n\n<p>FOTO Zden\u011bk Flori\u00e1n<\/p>\n","protected":false},"excerpt":{"rendered":"<p>\u00davodn\u00ed z\u00e1vod seri\u00e1lu Czech DH Top On Trail cupu vyhr\u00e1l na trati v B\u00edl\u00e9 u Velk\u00fdch Karlovic \u010desk\u00fd reprezentant Ond\u0159ej Kole\u010d\u00edk. Na trati dlouh\u00e9 1500 metr\u016f byl o 73 setin vte\u0159iny rychlej\u0161\u00ed ne\u017e slovensk\u00fd jezdec Rastislav Baranek, kter\u00fd je jeho st\u00e1jov\u00fdm kolegou v Kellys Factory Teamu. Mezi \u017eenami byla nejrychlej\u0161\u00ed Raku\u0161anka Kerstin Salleggerov\u00e1, vyhr\u00e1la o [&hellip;]<\/p>\n","protected":false},"author":8,"featured_media":35316,"comment_status":"closed","ping_status":"open","sticky":false,"template":"","format":"standard","meta":{"footnotes":""},"categories":[6,2],"tags":[123],"class_list":["post-35315","post","type-post","status-publish","format-standard","has-post-thumbnail","hentry","category-mtb","category-novinky","tag-horska-kola"],"_links":{"self":[{"href":"https:\/\/www.czechcyclingfederation.com\/en\/wp-json\/wp\/v2\/posts\/35315","targetHints":{"allow":["GET"]}}],"collection":[{"href":"https:\/\/www.czechcyclingfederation.com\/en\/wp-json\/wp\/v2\/posts"}],"about":[{"href":"https:\/\/www.czechcyclingfederation.com\/en\/wp-json\/wp\/v2\/types\/post"}],"author":[{"embeddable":true,"href":"https:\/\/www.czechcyclingfederation.com\/en\/wp-json\/wp\/v2\/users\/8"}],"replies":[{"embeddable":true,"href":"https:\/\/www.czechcyclingfederation.com\/en\/wp-json\/wp\/v2\/comments?post=35315"}],"version-history":[{"count":2,"href":"https:\/\/www.czechcyclingfederation.com\/en\/wp-json\/wp\/v2\/posts\/35315\/revisions"}],"predecessor-version":[{"id":35355,"href":"https:\/\/www.czechcyclingfederation.com\/en\/wp-json\/wp\/v2\/posts\/35315\/revisions\/35355"}],"wp:featuredmedia":[{"embeddable":true,"href":"https:\/\/www.czechcyclingfederation.com\/en\/wp-json\/wp\/v2\/media\/35316"}],"wp:attachment":[{"href":"https:\/\/www.czechcyclingfederation.com\/en\/wp-json\/wp\/v2\/media?parent=35315"}],"wp:term":[{"taxonomy":"category","embeddable":true,"href":"https:\/\/www.czechcyclingfederation.com\/en\/wp-json\/wp\/v2\/categories?post=35315"},{"taxonomy":"post_tag","embeddable":true,"href":"https:\/\/www.czechcyclingfederation.com\/en\/wp-json\/wp\/v2\/tags?post=35315"}],"curies":[{"name":"wp","href":"https:\/\/api.w.org\/{rel}","templated":true}]}}