{"id":3527,"date":"2021-02-25T16:44:26","date_gmt":"2021-02-25T15:44:26","guid":{"rendered":"http:\/\/www.czechcyclingfederation.com\/?p=3527"},"modified":"2021-02-25T16:44:26","modified_gmt":"2021-02-25T15:44:26","slug":"pruvodce-bezpecnosti-jezdcu-na-silnicnich-akcich","status":"publish","type":"post","link":"https:\/\/www.czechcyclingfederation.com\/en\/pruvodce-bezpecnosti-jezdcu-na-silnicnich-akcich\/","title":{"rendered":"Pr\u016fvodce bezpe\u010dnosti jezdc\u016f na silni\u010dn\u00edch akc\u00edch"},"content":{"rendered":"\n<p>Mezin\u00e1rodn\u00ed cyklistick\u00e1 unie (UCI) dnes vydala pr\u016fvodce bezpe\u010dnosti jezdc\u016f na silni\u010dn\u00edch akc\u00edch pro mu\u017ee a \u017eeny. Tento dokument, zam\u011b\u0159en\u00fd hlavn\u011b na organiz\u00e1tory, t\u00fdmy a jezdce, poskytuje vysv\u011btlen\u00ed nov\u00fdch opat\u0159en\u00ed platn\u00fdch od roku 2021.<\/p>\n\n\n\n<p>Tato opat\u0159en\u00ed byla ozn\u00e1mena dne 4. \u00fanora pot\u00e9, co byla p\u0159ijata Radou pro profesion\u00e1ln\u00ed cyklistiku (PCC) a \u0158\u00edd\u00edc\u00edm v\u00fdborem UCI jsou sou\u010d\u00e1st\u00ed glob\u00e1ln\u00edho pl\u00e1nu pro bezpe\u010dnost jezdc\u016f, kter\u00fd byl ozn\u00e1men v roce 2020. Tato opat\u0159en\u00ed, podrobn\u011b vysv\u011btlen\u00e1 ve vydan\u00e9 p\u0159\u00edru\u010dce, ukazuj\u00ed na absolutn\u00ed pot\u0159ebu bezpe\u010dnosti jezdc\u016f a povinnost na\u0161eho sportu j\u00edt ve\u0159ejnosti p\u0159\u00edkladem.<\/p>\n\n\n\n<p>&#8220;D\u011bkuji r\u016fzn\u00fdm odv\u011btv\u00edm silni\u010dn\u00ed cyklistiky za jejich \u00fa\u010dast na v\u00fdvoji opat\u0159en\u00ed na ochranu. V\u0161echna tato opat\u0159en\u00ed zv\u00fd\u0161\u00ed bezpe\u010dnost silni\u010dn\u00ed cyklistiky, hlavn\u011b pro samotn\u00e9 jezdce,\u201c prohl\u00e1sil prezident UCI David Lappartient. &#8220;Bezpe\u010dnost jezdc\u016f a jezdky\u0148 byla v\u017edy prioritou CPA,&#8221; uvedl jej\u00ed prezident Gianni Bugno. \u201eA pln\u011b podporujeme rozhodnut\u00ed, kter\u00e1 byla p\u0159ijata na posledn\u00edm zased\u00e1n\u00ed \u0159\u00edd\u00edc\u00edho v\u00fdboru UCI\u201c dodal.<\/p>\n\n\n<div class=\"wp-block-file\">\r\n                <a target=\"_blank\" rel=\"noopener\" href=\"https:\/\/www.czechcyclingfederation.com\/wp-content\/uploads\/2021\/02\/PRESS-RELEASE-The-UCI-publishes-a-guide-for-rider-safety-at-road-cycling-events.pdf\" class=\"wp-block-file__button wp-element-button\">\r\n                    <span class=\"wp-block-file__icon\"><\/span>\r\n                    PRESS-RELEASE-The-UCI-publishes-a-guide-for-rider-safety-at-road-cycling-events\r\n                <\/a>\r\n            <\/div>","protected":false},"excerpt":{"rendered":"<p>Mezin\u00e1rodn\u00ed cyklistick\u00e1 unie (UCI) dnes vydala pr\u016fvodce bezpe\u010dnosti jezdc\u016f na silni\u010dn\u00edch akc\u00edch pro mu\u017ee a \u017eeny. Tento dokument, zam\u011b\u0159en\u00fd hlavn\u011b na organiz\u00e1tory, t\u00fdmy a jezdce, poskytuje vysv\u011btlen\u00ed nov\u00fdch opat\u0159en\u00ed platn\u00fdch od roku 2021. Tato opat\u0159en\u00ed byla ozn\u00e1mena dne 4. \u00fanora pot\u00e9, co byla p\u0159ijata Radou pro profesion\u00e1ln\u00ed cyklistiku (PCC) a \u0158\u00edd\u00edc\u00edm v\u00fdborem UCI jsou sou\u010d\u00e1st\u00ed [&hellip;]<\/p>\n","protected":false},"author":8,"featured_media":3022,"comment_status":"closed","ping_status":"open","sticky":false,"template":"","format":"standard","meta":{"footnotes":""},"categories":[2,18],"tags":[11],"class_list":["post-3527","post","type-post","status-publish","format-standard","has-post-thumbnail","hentry","category-novinky","category-silnice","tag-silnice"],"_links":{"self":[{"href":"https:\/\/www.czechcyclingfederation.com\/en\/wp-json\/wp\/v2\/posts\/3527","targetHints":{"allow":["GET"]}}],"collection":[{"href":"https:\/\/www.czechcyclingfederation.com\/en\/wp-json\/wp\/v2\/posts"}],"about":[{"href":"https:\/\/www.czechcyclingfederation.com\/en\/wp-json\/wp\/v2\/types\/post"}],"author":[{"embeddable":true,"href":"https:\/\/www.czechcyclingfederation.com\/en\/wp-json\/wp\/v2\/users\/8"}],"replies":[{"embeddable":true,"href":"https:\/\/www.czechcyclingfederation.com\/en\/wp-json\/wp\/v2\/comments?post=3527"}],"version-history":[{"count":1,"href":"https:\/\/www.czechcyclingfederation.com\/en\/wp-json\/wp\/v2\/posts\/3527\/revisions"}],"predecessor-version":[{"id":3529,"href":"https:\/\/www.czechcyclingfederation.com\/en\/wp-json\/wp\/v2\/posts\/3527\/revisions\/3529"}],"wp:featuredmedia":[{"embeddable":true,"href":"https:\/\/www.czechcyclingfederation.com\/en\/wp-json\/wp\/v2\/media\/3022"}],"wp:attachment":[{"href":"https:\/\/www.czechcyclingfederation.com\/en\/wp-json\/wp\/v2\/media?parent=3527"}],"wp:term":[{"taxonomy":"category","embeddable":true,"href":"https:\/\/www.czechcyclingfederation.com\/en\/wp-json\/wp\/v2\/categories?post=3527"},{"taxonomy":"post_tag","embeddable":true,"href":"https:\/\/www.czechcyclingfederation.com\/en\/wp-json\/wp\/v2\/tags?post=3527"}],"curies":[{"name":"wp","href":"https:\/\/api.w.org\/{rel}","templated":true}]}}