{"id":35249,"date":"2025-05-06T16:06:12","date_gmt":"2025-05-06T14:06:12","guid":{"rendered":"https:\/\/www.czechcyclingfederation.com\/?p=35249"},"modified":"2025-05-06T16:06:14","modified_gmt":"2025-05-06T14:06:14","slug":"mcr-junioru-v-salovce-se-konalo-ve-zline","status":"publish","type":"post","link":"https:\/\/www.czechcyclingfederation.com\/en\/mcr-junioru-v-salovce-se-konalo-ve-zline\/","title":{"rendered":"M\u010cR junior\u016f v s\u00e1lovce se konalo ve Zl\u00edn\u011b"},"content":{"rendered":"\n<p>T\u011blocvi\u010dna Z\u00e1kladn\u00ed \u0160koly Emila Z\u00e1topka ve Zl\u00edn\u011b hostila dom\u00e1c\u00ed \u0161ampion\u00e1t v s\u00e1lov\u00e9 cyklistice v kategorii junior\u016f.&nbsp;<br>Spole\u010dn\u011b se tedy o titul mistr\u016f a mistry\u0148 republiky pro rok 2025 utkali nejen hr\u00e1\u010di kolov\u00e9 , ale souboje sv\u00e1d\u011bli tak\u00e9 z\u00e1vodn\u00edci a z\u00e1vodnice v krasoj\u00edzd\u011b.&nbsp;<br>Sout\u011b\u017en\u00ed sez\u00f3na juniorsk\u00e9 kategorie v kolov\u00e9 letos \u010d\u00edtala t\u0159i nomina\u010dn\u00ed kola a samotn\u00e9 fin\u00e1le mistrovstv\u00ed republiky kam se probojovalo nejlep\u0161\u00edch \u0161est t\u00fdm\u016f.&nbsp;<br>Ji\u017e od za\u010d\u00e1tku sez\u00f3ny bylo evidentn\u00ed, \u017ee lo\u0148\u0161t\u00ed mist\u0159i Evropy, brat\u0159i Baxovi ze Zl\u00edna, nebudou m\u00edt letos \u017e\u00e1dnou v\u00e1\u017en\u011bj\u0161\u00ed konkurenci. V\u0161emi turnaji pro\u0161li bez v\u011bt\u0161\u00edch probl\u00e9m\u016f s minim\u00e1ln\u00edm po\u010dtem obdr\u017een\u00fdch branek. Sch\u00e1zel jim u\u017e jen posledn\u00ed krok na dom\u00e1c\u00edm \u0161ampion\u00e1tu.&nbsp;<br><br>Turnaj se hr\u00e1l syst\u00e9mem dvou skupin po t\u0159ech t\u00fdmech, kter\u00e9 byly rozd\u011bleny na z\u00e1klad\u011b kone\u010dn\u00fdch v\u00fdsledk\u016f po prvn\u00edch t\u0159ech odehran\u00fdch kolech.&nbsp;<br>Prvn\u00ed skupinu tvo\u0159ila dom\u00e1c\u00ed jedni\u010dka ze Zl\u00edna ( J\u00e1chym a Richard Baxovi ) , Prima Nezamyslice ( Mat\u011bj Matu\u0161inec \/ Adam P\u0159ikryl ) a dvojice reprezentuj\u00edc\u00ed t\u00fdm Startu Plze\u0148 ( Ond\u0159ej Koup\u0161et \/ Tom\u00e1\u0161 Kr\u00e1tk\u00fd ).&nbsp;<br>Druhou skupinu pak tvo\u0159ila dom\u00e1c\u00ed dvojka ( Dominik Matras \/ Kry\u0161tof Struha\u0159 ) , Lokomotiva Liberec ( Prokop \u0160\u00e1mal \/ Pavel \u0160idlof ) a \u0161estici uzav\u00edral t\u00fdm Favoritu Brno ( Jan Andrew Bel\u00e1n \/ Michal Knofl\u00ed\u010dek ).&nbsp;<\/p>\n\n\n\n<figure class=\"wp-block-image\"><img decoding=\"async\" src=\"https:\/\/ceskakolova.cz\/wp-content\/uploads\/2025\/05\/N62_4144-1024x682.jpg\" alt=\"\" class=\"wp-image-10600\"\/><\/figure>\n\n\n\n<p>V prvn\u00ed skupin\u011b suver\u00e9nn\u011b zv\u00edt\u011bzil t\u00fdm Sokola Zl\u00edn 1, kdy\u017e porazil Nezamyslice v pom\u011bru 8:2 a Plze\u0148 dokonce vysoko 13:0. Vz\u00e1jemn\u00e9 utk\u00e1n\u00ed Nezamyslic a Plzn\u011b bylo tak\u00e9 jasnou z\u00e1le\u017eitost\u00ed kdy\u017e prvn\u00ed jmenovan\u00ed zv\u00edt\u011bzili v pom\u011bru 8:1.&nbsp;<br><br>Ve druh\u00e9 skupin\u011b pak zv\u00edt\u011bzil t\u00fdm Lokomotivy Liberec , kter\u00fd sice remizoval s brn\u011bnsk\u00fdm Favoritem ale v rozhoduj\u00edc\u00edm utk\u00e1n\u00ed porazil zl\u00ednskou dvojku v pom\u011bru 3:1. Vz\u00e1jemn\u00fd duel Zl\u00edna 2 a Brna skon\u010dil zl\u00ednskou v\u00fdhrou 6:2.&nbsp;<br><br>O p\u00e1t\u00e9 m\u00edsto v turnaji se tak utkaly t\u00fdmy Favoritu Brno a Startu Plze\u0148. V tomto kl\u00e1n\u00ed se prosadila plze\u0148sk\u00e1 dvojice , kter\u00e1 zv\u00edt\u011bzila v pom\u011bru 4:1 a na brn\u011bnsk\u00fd t\u00fdm tak zbylo m\u00edsto \u0161est\u00e9.&nbsp;<br><br>Semifin\u00e1lov\u00e9 z\u00e1pasy p\u0159inesly jasn\u00e9 v\u00fdsledky. Vz\u00e1jemn\u00fd souboj zl\u00ednsk\u00fdch t\u00fdm\u016f ovl\u00e1dl Sokol Zl\u00edn 1 v pom\u011bru 10:1 a m\u011bl tak jistotu fin\u00e1le.&nbsp;<br>Druh\u00fd semifin\u00e1lov\u00fd z\u00e1pas vyhr\u00e1li hr\u00e1\u010di Nezamyslic v pom\u011bru 5:1 nad Libercem.&nbsp;<br><br>V z\u00e1pase o t\u0159et\u00ed m\u00edsto pak Zl\u00edn 2 vr\u00e1til Liberci skupinovou por\u00e1\u017eku , zv\u00edt\u011bzil 5:1 a mohl se t\u011b\u0161it z bronzov\u00fdch medail\u00ed.&nbsp;<br>Fin\u00e1lov\u00e9 utk\u00e1n\u00ed pak vyzn\u011blo jasn\u011b l\u00e9pe pro favorizovanou dvojici a Zl\u00edn 1 zv\u00edt\u011bzil pohodln\u011b 5:2 a mohl tak slavit druh\u00fd spole\u010dn\u00fd titul v tomto slo\u017een\u00ed.&nbsp;<\/p>\n\n\n\n<figure class=\"wp-block-image\"><img decoding=\"async\" src=\"https:\/\/ceskakolova.cz\/wp-content\/uploads\/2025\/05\/N62_4318-1024x682.jpg\" alt=\"\" class=\"wp-image-10599\"\/><\/figure>\n\n\n\n<p>Jedinou \u201esout\u011b\u017e\u00ed\u201c byl na tomto turnaji boj o celkov\u00e9 druh\u00e9 m\u00edsto a pr\u00e1vo n\u00e1hradn\u00edho t\u00fdmu na \u0161ampion\u00e1tu. P\u0159ed dom\u00e1c\u00edm mistrovstv\u00edm dr\u017eel jednobodov\u00fd n\u00e1skok druh\u00fd t\u00fdm Zl\u00edna. Nezamyslice ale na mistrovstv\u00ed skon\u010dily o p\u0159\u00ed\u010dku p\u0159ed sv\u00fdmi nejv\u011bt\u0161\u00edmi soupe\u0159i a d\u00edky dvojn\u00e1sobn\u00e9mu bodov\u00e1n\u00ed tak p\u0159esko\u010dili hr\u00e1\u010di z Han\u00e9 t\u00fdm Zl\u00edna a vybojovali tak \u00fa\u010dast na mistrovstv\u00ed Evropy v roli n\u00e1hradn\u00edk\u016f.\u00a0<br><br>O reprezentantech na nadch\u00e1zej\u00edc\u00edm mistrovstv\u00ed Evropy, kter\u00e9 se bude konat na konci m\u011bs\u00edce kv\u011btna v ma\u010farskem Dadu, je tak nyn\u00ed definitivn\u011b rozhodnuto jak v kolov\u00e9 tak v krasoj\u00edzd\u011b.<br>J\u00e1chym a Richard Baxovi budou obhajovat evropsk\u00e9 zlato a v\u00fdsledky a srovn\u00e1vac\u00ed mezist\u00e1tn\u00ed utk\u00e1n\u00ed nejv\u011bt\u0161\u00edch soupe\u0159\u016f z N\u011bmecka, Rakouska a \u0160v\u00fdcarska nenasv\u011bd\u010duje tomu, \u017ee by m\u011bla b\u00fdt konkurence velkou p\u0159ek\u00e1\u017ekou a brat\u0159i ze Zl\u00edna tak maj\u00ed skv\u011ble na\u0161l\u00e1pnuto k obhajob\u011b. Jako n\u00e1hradn\u00ed t\u00fdm doprovod\u00ed do Ma\u010farska dvojice hr\u00e1\u010d\u016f z Nezamyslic.\u00a0<\/p>\n\n\n\n<h2 class=\"wp-block-heading\">Na mistrovstv\u00ed \u010cR junior\u016f bojovali o titul tak\u00e9 krasojezdci a krasojezdkyn\u011b<\/h2>\n\n\n\n<p>V&nbsp;kategorii junior\u016f potvrdil roli favorita Kry\u0161tof Ne\u010das, kter\u00fd si v&nbsp;sout\u011b\u017ei zajel osobn\u00ed rekord 116,85 bodu a s&nbsp;velk\u00fdm n\u00e1skokem zv\u00edt\u011bzil p\u0159ed Pavlem \u0160\u00ednem (Kometa Brno). Pavel p\u0159edvedl rovn\u011b\u017e velmi dobrou j\u00edzdu (93,65 bodu), kdy\u017e porazil odd\u00edlov\u00e9ho kolegu Vojt\u011bch Bla\u017eka (83,56 bodu), kter\u00fd se musel spokojit s bronzovou p\u0159\u00ed\u010dkou. Spole\u010dn\u011b s&nbsp;Kry\u0161tofem Ne\u010dasem bude pr\u00e1v\u011b P. \u0160\u00edn reprezentovat&nbsp; na juniorsk\u00e9m \u0161ampion\u00e1tu v&nbsp;kategorii jednotlivc\u016f.<\/p>\n\n\n\n<p>Alena \u010cani, z\u00e1vodnice TJ Pet\u0159vald na Morav\u011b, p\u0159edvedla stabiln\u00ed v\u00fdkonnost i na mistrovstv\u00ed \u010cesk\u00e9 republiky a po z\u00e1sluze vyhr\u00e1la kategorii juniorek. Rozhod\u010d\u00ed jej\u00ed sestavu ohodnotili bodovou hodnotou ve v\u00fd\u0161i 88,88 bodu. Druh\u00e9 m\u00edsto pat\u0159\u00ed Ane\u017ece Pokorn\u00e9 z&nbsp;Favoritu Brno (75,53 bodu) a bronzovou p\u0159\u00ed\u010dku vybojovala Tereza Bur\u0161\u00edkov\u00e1 ze Sokola Zl\u00edn-Pr\u0161tn\u00e9. A\u017e \u010dtvrt\u00e1 p\u0159\u00ed\u010dka pat\u0159\u00ed J\u016flii T\u016fmov\u00e9 (Pankr\u00e1c Praha), kter\u00e1 se nevyvarovala chyb a za p\u0159edvedenou sestavu obdr\u017eela 72,52 bodu.<\/p>\n\n\n\n<p>V&nbsp;kategorii dvojic mix zajeli Pavel \u0160\u00edn, Vojt\u011bch Bla\u017eek j\u00edzdu na hranici osobn\u00edho rekordu, bez hrub\u00fdch chyb a v\u00edt\u011bzstv\u00edm, kter\u00e9 rozhod\u010d\u00ed ohodnotili 83,83 body, potvrdili svou nominaci na evropsk\u00fd juniorsk\u00fd \u0161ampion\u00e1t. Druz\u00ed v&nbsp;po\u0159ad\u00ed skon\u010dili K. Ne\u010das s&nbsp;A. Pokornou (66,42 bodu) a t\u0159et\u00ed p\u0159\u00ed\u010dku obsadili A. N\u011bmec, R. Popovych (29,76 bodu).&nbsp;<\/p>\n\n\n\n<p>J\u016flie T\u016fmov\u00e1 spole\u010dn\u011b s&nbsp;Hanou Cik\u00e1nkovou se ve dvojic\u00edch juniorek nevyvarovaly chyb a za p\u0159edvedenou sout\u011b\u017en\u00ed j\u00edzdu obdr\u017eely od rozhod\u010d\u00edch 59,15 bodu. Opr\u00e1vn\u011bnost nominace budou muset z\u00e1vodnice Pankr\u00e1ce prok\u00e1zat p\u0159i kontroln\u00edch sestav\u00e1ch v&nbsp;r\u00e1mci p\u0159ipravovan\u00fdch soust\u0159ed\u011bn\u00ed p\u0159ed mistrovstv\u00edm Evropy. Druh\u00e1 p\u0159\u00ed\u010dka pat\u0159\u00ed Tereze Bur\u0161\u00edkov\u00e9 a Karol\u00edn\u011b Fuksov\u00e9, p\u0159i\u010dem\u017e jejich sestavu rozhod\u010d\u00ed ocenili bodovou hodnotou 43,86 bodu. Na t\u0159et\u00edm m\u00edst\u011b, v&nbsp;t\u011bsn\u00e9m bodov\u00e9m z\u00e1v\u011bsu za zl\u00ednskou dvojic\u00ed, se um\u00edstily Kl\u00e1ra Marcov\u00e1 s&nbsp;Terezou \u0160\u00e1chovou z&nbsp;TJ Pankr\u00e1c Praha, kter\u00e9 zajely sestavu na 43,26 bodu.&nbsp;<\/p>\n\n\n\n<p>FOTO : Petr Hru\u0161eck\u00fd<\/p>\n","protected":false},"excerpt":{"rendered":"<p>T\u011blocvi\u010dna Z\u00e1kladn\u00ed \u0160koly Emila Z\u00e1topka ve Zl\u00edn\u011b hostila dom\u00e1c\u00ed \u0161ampion\u00e1t v s\u00e1lov\u00e9 cyklistice v kategorii junior\u016f.&nbsp;Spole\u010dn\u011b se tedy o titul mistr\u016f a mistry\u0148 republiky pro rok 2025 utkali nejen hr\u00e1\u010di kolov\u00e9 , ale souboje sv\u00e1d\u011bli tak\u00e9 z\u00e1vodn\u00edci a z\u00e1vodnice v krasoj\u00edzd\u011b.&nbsp;Sout\u011b\u017en\u00ed sez\u00f3na juniorsk\u00e9 kategorie v kolov\u00e9 letos \u010d\u00edtala t\u0159i nomina\u010dn\u00ed kola a samotn\u00e9 fin\u00e1le mistrovstv\u00ed [&hellip;]<\/p>\n","protected":false},"author":1,"featured_media":35250,"comment_status":"closed","ping_status":"open","sticky":false,"template":"","format":"standard","meta":{"footnotes":""},"categories":[2,60],"tags":[61],"class_list":["post-35249","post","type-post","status-publish","format-standard","has-post-thumbnail","hentry","category-novinky","category-salovka","tag-salovka"],"_links":{"self":[{"href":"https:\/\/www.czechcyclingfederation.com\/en\/wp-json\/wp\/v2\/posts\/35249","targetHints":{"allow":["GET"]}}],"collection":[{"href":"https:\/\/www.czechcyclingfederation.com\/en\/wp-json\/wp\/v2\/posts"}],"about":[{"href":"https:\/\/www.czechcyclingfederation.com\/en\/wp-json\/wp\/v2\/types\/post"}],"author":[{"embeddable":true,"href":"https:\/\/www.czechcyclingfederation.com\/en\/wp-json\/wp\/v2\/users\/1"}],"replies":[{"embeddable":true,"href":"https:\/\/www.czechcyclingfederation.com\/en\/wp-json\/wp\/v2\/comments?post=35249"}],"version-history":[{"count":1,"href":"https:\/\/www.czechcyclingfederation.com\/en\/wp-json\/wp\/v2\/posts\/35249\/revisions"}],"predecessor-version":[{"id":35252,"href":"https:\/\/www.czechcyclingfederation.com\/en\/wp-json\/wp\/v2\/posts\/35249\/revisions\/35252"}],"wp:featuredmedia":[{"embeddable":true,"href":"https:\/\/www.czechcyclingfederation.com\/en\/wp-json\/wp\/v2\/media\/35250"}],"wp:attachment":[{"href":"https:\/\/www.czechcyclingfederation.com\/en\/wp-json\/wp\/v2\/media?parent=35249"}],"wp:term":[{"taxonomy":"category","embeddable":true,"href":"https:\/\/www.czechcyclingfederation.com\/en\/wp-json\/wp\/v2\/categories?post=35249"},{"taxonomy":"post_tag","embeddable":true,"href":"https:\/\/www.czechcyclingfederation.com\/en\/wp-json\/wp\/v2\/tags?post=35249"}],"curies":[{"name":"wp","href":"https:\/\/api.w.org\/{rel}","templated":true}]}}