{"id":35244,"date":"2025-05-06T11:42:47","date_gmt":"2025-05-06T09:42:47","guid":{"rendered":"https:\/\/www.czechcyclingfederation.com\/?p=35244"},"modified":"2025-05-06T11:42:50","modified_gmt":"2025-05-06T09:42:50","slug":"drahovy-zavod-5001-kolo-ceka-58-rocnik","status":"publish","type":"post","link":"https:\/\/www.czechcyclingfederation.com\/en\/drahovy-zavod-5001-kolo-ceka-58-rocnik\/","title":{"rendered":"Dr\u00e1hov\u00fd z\u00e1vod 500+1 kolo \u010dek\u00e1 58. ro\u010dn\u00edk"},"content":{"rendered":"\n<p>Sv\u011btov\u00fdm unik\u00e1tem je etapov\u00fd bodovac\u00ed z\u00e1vod 500+1 kolo na brn\u011bnsk\u00e9m velodromu, kter\u00fd m\u00e1 letos v&nbsp;ve dnech 13. \u2013 15. kv\u011btna na programu u\u017e 58. ro\u010dn\u00edk \u2013 jezdilo se ka\u017edoro\u010dn\u011b s&nbsp;dv\u011bma v\u00fdjimkami (1968 a 1981).<\/p>\n\n\n\n<p>Prvn\u00edm v\u00edt\u011bzem se 1966 stal dom\u00e1c\u00ed Milan Puzrla \u2013 celkov\u011b vyhr\u00e1l \u010dty\u0159ikr\u00e1t, v&nbsp;posledn\u00edch dvou letech pak trumfoval Pol\u00e1k Filip Prokopyszyn \u2013 ten vyhr\u00e1l celkov\u011b u\u017e t\u0159ikr\u00e1t. Kr\u00e1lem tohoto dr\u00e1hov\u00e9ho etap\u00e1ku je ov\u0161em rakousk\u00fd vicemistr sv\u011bta v&nbsp;madisonu Roland Garber, tedy sedmin\u00e1sobn\u00fd v\u00edt\u011bz z\u00e1vodu 500+1 kolo. Posledn\u00edm \u010desk\u00fdm v\u00edt\u011bzem je z&nbsp;roku 2017 Ond\u0159ej Vendolsk\u00fd.<\/p>\n\n\n\n<p>Ned\u00edlnou sou\u010d\u00e1st\u00ed posledn\u00edch let jsou z\u00e1vody UCI o body do sv\u011btov\u00e9ho rankingu. Letos uvid\u00ed div\u00e1ci bodovac\u00ed z\u00e1vody, scratch a vylu\u010dova\u010dky v&nbsp;kategori\u00edch mu\u017ei Elite a U23, \u017eeny a junio\u0159i U19.<\/p>\n\n\n\n<p>Hlavn\u00ed z\u00e1vod se u\u017e tradi\u010dn\u011b jede jako Velk\u00e1 Cena Zemako, z\u00e1vody ml\u00e1de\u017ee jsou zapo\u010d\u00edt\u00e1ny do \u0160koda Cupu. P\u0159ihl\u00e1\u0161eni jsou cyklistky a cyklist\u00e9 ze 14 st\u00e1t\u016f, p\u0159i\u010dem\u017e \u00fa\u010dast n\u011bkter\u00fdch dal\u0161\u00edch reprezenta\u010dn\u00edch t\u00fdm\u016f je st\u00e1le je\u0161t\u011b ve h\u0159e.<\/p>\n\n\n\n<p>Z&nbsp;\u010desk\u00fdch cyklist\u016f bude hlavn\u00ed pozornost up\u0159ena p\u0159edev\u0161\u00edm na dva cyklisty: brn\u011bnsk\u00e9ho odchovance Jana Vone\u0161e z\u00e1vod\u00edc\u00edho v&nbsp;prost\u011bjovsk\u00e9m dresu \u2013 vloni sedm\u00e9ho na OH v&nbsp;madisonu &#8211; a brn\u011bnsk\u00e9ho mlad\u00edka z&nbsp;po\u0159\u00e1daj\u00edc\u00edho Favoritu Adama K\u0159enka, kter\u00fd se v&nbsp;posledn\u00edch dvou letech prosazuje i v&nbsp;bodovac\u00edch z\u00e1vodech typu Sv\u011btov\u00e9ho poh\u00e1ru, mistrovstv\u00ed Evropy \u010di sv\u011btov\u00e9ho \u0161ampion\u00e1tu. U K\u0159enka je letos v&nbsp;Brn\u011b re\u00e1ln\u00e1 \u0161ance na celkov\u00e9 um\u00edst\u011bn\u00ed na stupn\u00edch v\u00edt\u011bz\u016f. A uvid\u00edme, jak si povede mezi mu\u017ei talentovan\u00fd mlad\u00edk z&nbsp;Prost\u011bjova, Maty\u00e1\u0161 Kobl\u00ed\u017eek.<\/p>\n\n\n\n<p>Jeliko\u017e se z\u00e1vod\u00ed na betonov\u00e9m ov\u00e1lu o d\u00e9lce 400 m, tak nen\u00ed omezen po\u010det \u00fa\u010dastn\u00edk\u016f (s v\u00fdjimkou vylu\u010dovac\u00edch z\u00e1vod\u016f).<\/p>\n\n\n\n<p><\/p>\n","protected":false},"excerpt":{"rendered":"<p>Sv\u011btov\u00fdm unik\u00e1tem je etapov\u00fd bodovac\u00ed z\u00e1vod 500+1 kolo na brn\u011bnsk\u00e9m velodromu, kter\u00fd m\u00e1 letos v&nbsp;ve dnech 13. \u2013 15. kv\u011btna na programu u\u017e 58. ro\u010dn\u00edk \u2013 jezdilo se ka\u017edoro\u010dn\u011b s&nbsp;dv\u011bma v\u00fdjimkami (1968 a 1981). Prvn\u00edm v\u00edt\u011bzem se 1966 stal dom\u00e1c\u00ed Milan Puzrla \u2013 celkov\u011b vyhr\u00e1l \u010dty\u0159ikr\u00e1t, v&nbsp;posledn\u00edch dvou letech pak trumfoval Pol\u00e1k Filip Prokopyszyn \u2013 [&hellip;]<\/p>\n","protected":false},"author":30,"featured_media":35246,"comment_status":"closed","ping_status":"open","sticky":false,"template":"","format":"standard","meta":{"footnotes":""},"categories":[54,2],"tags":[9],"class_list":["post-35244","post","type-post","status-publish","format-standard","has-post-thumbnail","hentry","category-draha","category-novinky","tag-draha"],"_links":{"self":[{"href":"https:\/\/www.czechcyclingfederation.com\/en\/wp-json\/wp\/v2\/posts\/35244","targetHints":{"allow":["GET"]}}],"collection":[{"href":"https:\/\/www.czechcyclingfederation.com\/en\/wp-json\/wp\/v2\/posts"}],"about":[{"href":"https:\/\/www.czechcyclingfederation.com\/en\/wp-json\/wp\/v2\/types\/post"}],"author":[{"embeddable":true,"href":"https:\/\/www.czechcyclingfederation.com\/en\/wp-json\/wp\/v2\/users\/30"}],"replies":[{"embeddable":true,"href":"https:\/\/www.czechcyclingfederation.com\/en\/wp-json\/wp\/v2\/comments?post=35244"}],"version-history":[{"count":1,"href":"https:\/\/www.czechcyclingfederation.com\/en\/wp-json\/wp\/v2\/posts\/35244\/revisions"}],"predecessor-version":[{"id":35245,"href":"https:\/\/www.czechcyclingfederation.com\/en\/wp-json\/wp\/v2\/posts\/35244\/revisions\/35245"}],"wp:featuredmedia":[{"embeddable":true,"href":"https:\/\/www.czechcyclingfederation.com\/en\/wp-json\/wp\/v2\/media\/35246"}],"wp:attachment":[{"href":"https:\/\/www.czechcyclingfederation.com\/en\/wp-json\/wp\/v2\/media?parent=35244"}],"wp:term":[{"taxonomy":"category","embeddable":true,"href":"https:\/\/www.czechcyclingfederation.com\/en\/wp-json\/wp\/v2\/categories?post=35244"},{"taxonomy":"post_tag","embeddable":true,"href":"https:\/\/www.czechcyclingfederation.com\/en\/wp-json\/wp\/v2\/tags?post=35244"}],"curies":[{"name":"wp","href":"https:\/\/api.w.org\/{rel}","templated":true}]}}