{"id":35230,"date":"2025-05-06T10:38:49","date_gmt":"2025-05-06T08:38:49","guid":{"rendered":"https:\/\/www.czechcyclingfederation.com\/?p=35230"},"modified":"2025-05-06T10:38:52","modified_gmt":"2025-05-06T08:38:52","slug":"startuje-zmj-reprezentace-cr-chce-do-top-10","status":"publish","type":"post","link":"https:\/\/www.czechcyclingfederation.com\/en\/startuje-zmj-reprezentace-cr-chce-do-top-10\/","title":{"rendered":"Startuje ZMJ: reprezentace \u010cR chce do top 10"},"content":{"rendered":"\n<p>Um\u00edst\u011bn\u00ed v&nbsp;elitn\u00ed des\u00edtce kone\u010dn\u00e9ho po\u0159ad\u00ed, takov\u00fd je c\u00edl \u010desk\u00e9 reprezentace na 53. ro\u010dn\u00edku Z\u00e1vodu m\u00edru junior\u016f, kter\u00fd startuje ve \u010dtvrtek v&nbsp;Litom\u011b\u0159ic\u00edch.<\/p>\n\n\n\n<p>V&nbsp;konkurenci nejlep\u0161\u00edch sv\u011btov\u00fdch juniorsk\u00fdch z\u00e1vodn\u00edk\u016f se v&nbsp;z\u00e1vod\u011b za\u0159azen\u00e9m do nejvy\u0161\u0161\u00ed kategorie 2.NCup p\u0159edstav\u00ed 20 n\u00e1rodn\u00edch t\u00fdm\u016f v\u010detn\u011b \u010desk\u00e9 reprezentace a 4 region\u00e1ln\u00ed t\u00fdmy, mezi nimi\u017e jsou i Dukla Praha a Roman Kreuziger Cycling Academy.<\/p>\n\n\n\n<p><em>\u201eJako hranici \u00fasp\u011bchu vn\u00edm\u00e1m prvn\u00ed des\u00edtku. Konkurence bude obrovsk\u00e1. Ze sv\u011btov\u00e9ho pelotonu jsou tam n\u011bjak\u00e1 zn\u00e1m\u00e1 jm\u00e9na, ale v\u017edycky je\u0161t\u011b n\u011bkdo nov\u00fd vylet\u00ed. Ale v\u011b\u0159\u00edm, \u017ee v\u00a0sil\u00e1ch kluk\u016f je des\u00edtku atakovat. Z\u00e1rove\u0148 se chceme pokusit o n\u011bjak\u00fd d\u00edl\u010d\u00ed v\u00fdsledek v\u00a0etap\u011b,\u201c <\/em>\u0159\u00edk\u00e1 mana\u017eer \u010desk\u00e9 juniorsk\u00e9 reprezentace <strong>Ji\u0159\u00ed Petru\u0161.<\/strong><\/p>\n\n\n\n<figure class=\"wp-block-image size-large\"><img loading=\"lazy\" decoding=\"async\" width=\"1024\" height=\"684\" src=\"https:\/\/www.czechcyclingfederation.com\/wp-content\/uploads\/2025\/05\/jun-1-1024x684.jpg\" alt=\"\" class=\"wp-image-35234\" srcset=\"https:\/\/www.czechcyclingfederation.com\/wp-content\/uploads\/2025\/05\/jun-1-1024x684.jpg 1024w, https:\/\/www.czechcyclingfederation.com\/wp-content\/uploads\/2025\/05\/jun-1-300x200.jpg 300w, https:\/\/www.czechcyclingfederation.com\/wp-content\/uploads\/2025\/05\/jun-1-768x513.jpg 768w, https:\/\/www.czechcyclingfederation.com\/wp-content\/uploads\/2025\/05\/jun-1-1536x1025.jpg 1536w, https:\/\/www.czechcyclingfederation.com\/wp-content\/uploads\/2025\/05\/jun-1-2048x1367.jpg 2048w, https:\/\/www.czechcyclingfederation.com\/wp-content\/uploads\/2025\/05\/jun-1-1320x881.jpg 1320w\" sizes=\"auto, (max-width: 1024px) 100vw, 1024px\" \/><\/figure>\n\n\n\n<p>L\u00eddry jeho sestavy na celkov\u00e9 po\u0159ad\u00ed budou Mat\u011bj Pit\u00e1k a Filip Nov\u00e1k, kter\u00fd p\u016fsob\u00ed v\u00a0It\u00e1lii, stejn\u011b jako jeho star\u0161\u00ed bratr Pavel. <em>\u201eOba jsou dob\u0159\u00ed vrcha\u0159i, hlavn\u011b Pit\u00e1k by m\u011bl i v\u00a0nejt\u011b\u017e\u0161\u00edch etap\u00e1ch dr\u017eet krok s\u00a0nejlep\u0161\u00edmi. A v\u00a0hromadn\u00fdch dojezdech budeme s\u00e1zet p\u0159edev\u0161\u00edm na Ra\u0161ku,\u201c<\/em> prozradil Petru\u0161.<\/p>\n\n\n\n<p>Do t\u00fdmu nominoval ty nejlep\u0161\u00ed, kte\u0159\u00ed byli v\u00a0danou chv\u00edli k\u00a0dispozici. <em>\u201eT\u00edm, \u017ee startuj\u00ed dal\u0161\u00ed dva \u010desk\u00e9 t\u00fdmy, je ten v\u00fdb\u011br trochu omezen\u00fd. Moc dal\u0161\u00edch u\u017e nep\u0159ich\u00e1zelo v\u00a0\u00favahu. Ale t\u00fdm m\u00e1me siln\u00fd a v\u011b\u0159\u00edm mu, v\u011bt\u0161ina kluk\u016f se zn\u00e1 z\u00a0reprezenta\u010dn\u00edho kempu,\u201c <\/em>dodal mana\u017eer reprezentace junior\u016f.<\/p>\n\n\n\n<figure class=\"wp-block-image size-large\"><img loading=\"lazy\" decoding=\"async\" width=\"1024\" height=\"681\" src=\"https:\/\/www.czechcyclingfederation.com\/wp-content\/uploads\/2025\/05\/jun-3-1024x681.jpg\" alt=\"\" class=\"wp-image-35236\" srcset=\"https:\/\/www.czechcyclingfederation.com\/wp-content\/uploads\/2025\/05\/jun-3-1024x681.jpg 1024w, https:\/\/www.czechcyclingfederation.com\/wp-content\/uploads\/2025\/05\/jun-3-300x200.jpg 300w, https:\/\/www.czechcyclingfederation.com\/wp-content\/uploads\/2025\/05\/jun-3-768x511.jpg 768w, https:\/\/www.czechcyclingfederation.com\/wp-content\/uploads\/2025\/05\/jun-3-1536x1022.jpg 1536w, https:\/\/www.czechcyclingfederation.com\/wp-content\/uploads\/2025\/05\/jun-3-2048x1363.jpg 2048w, https:\/\/www.czechcyclingfederation.com\/wp-content\/uploads\/2025\/05\/jun-3-1320x878.jpg 1320w\" sizes=\"auto, (max-width: 1024px) 100vw, 1024px\" \/><\/figure>\n\n\n\n<p>ZMJ je z\u00e1vod s&nbsp;obrovskou tradic\u00ed, jede se u\u017e jeho 53. ro\u010dn\u00edk. <em>\u201eZ\u00e1vod m\u00edru junior\u016f nen\u00ed jen etap\u00e1k \u2013 je to \u017eiv\u00e1 historie, kter\u00e1 se ka\u017ed\u00fdm rokem znovu p\u00ed\u0161e. Kdy\u017e se pod\u00edv\u00e1te na seznam v\u00edt\u011bz\u016f, uvid\u00edte v n\u011bm jm\u00e9na, kter\u00e1 dnes vl\u00e1dnou sv\u011btov\u00e9 cyklistice. Pro mnoh\u00e9 je to odrazov\u00fd m\u016fstek do profesion\u00e1ln\u00edho sv\u011bta \u2013 pro n\u00e1\u0161 region je to srde\u010dn\u00ed z\u00e1le\u017eitost,\u201c<\/em> \u0159\u00edk\u00e1 <strong>Svatopluk Henke ml.<\/strong>, kter\u00fd z\u00e1vod vede spolu se sv\u00fdm otcem, b\u00fdval\u00fdm dlouholet\u00fdm \u0159editelem.<\/p>\n\n\n\n<figure class=\"wp-block-image size-large\"><img loading=\"lazy\" decoding=\"async\" width=\"1024\" height=\"684\" src=\"https:\/\/www.czechcyclingfederation.com\/wp-content\/uploads\/2025\/05\/ZMJ-ilustr-1024x684.jpg\" alt=\"\" class=\"wp-image-35238\" srcset=\"https:\/\/www.czechcyclingfederation.com\/wp-content\/uploads\/2025\/05\/ZMJ-ilustr-1024x684.jpg 1024w, https:\/\/www.czechcyclingfederation.com\/wp-content\/uploads\/2025\/05\/ZMJ-ilustr-300x200.jpg 300w, https:\/\/www.czechcyclingfederation.com\/wp-content\/uploads\/2025\/05\/ZMJ-ilustr-768x513.jpg 768w, https:\/\/www.czechcyclingfederation.com\/wp-content\/uploads\/2025\/05\/ZMJ-ilustr-1536x1025.jpg 1536w, https:\/\/www.czechcyclingfederation.com\/wp-content\/uploads\/2025\/05\/ZMJ-ilustr-1320x881.jpg 1320w, https:\/\/www.czechcyclingfederation.com\/wp-content\/uploads\/2025\/05\/ZMJ-ilustr.jpg 2048w\" sizes=\"auto, (max-width: 1024px) 100vw, 1024px\" \/><\/figure>\n\n\n\n<p>V minulosti se tu p\u0159edstavili cyklist\u00e9, kte\u0159\u00ed se pozd\u011bji stali hv\u011bzdami sv\u011btov\u00e9ho pelotonu \u2013 Tadej Poga\u010dar, Mathieu van der Poel, Peter Sagan, Remco Evenepoel, Mads Pedersen, Michal Kwiatkowski, Roman Kreuziger, Fabian Cancellara a mnoz\u00ed dal\u0161\u00ed.<\/p>\n\n\n\n<p>Letos na cyklisty \u010dek\u00e1 celkem p\u011bt etap v d\u00e9lce 391,9 km, kter\u00e9 zavedou \u00fa\u010dastn\u00edky nap\u0159\u00ed\u010d krajinou \u00dasteck\u00e9ho kraje a p\u0159ilehl\u00e9ho n\u011bmeck\u00e9ho pohrani\u010d\u00ed.<\/p>\n\n\n\n<p class=\"has-medium-font-size\"><strong>Program ZMJ<\/strong><\/p>\n\n\n\n<p><strong>8. 5., 1. etapa: <\/strong>Litome\u0159ice\u2013\u00da\u0161t\u011bk, 109,9 km<\/p>\n\n\n\n<p><strong>9. 5., 2a etapa:<\/strong> \u010dasovka jednotlivc\u016f v&nbsp;T\u0159eb\u00edvlic\u00edch, 8,8 km<\/p>\n\n\n\n<p><strong>9. 5., 2b etapa:<\/strong> Roudnice\u2013Terez\u00edn, 58,1 km<\/p>\n\n\n\n<p><strong>10. 5., 3. etapa:<\/strong> Teplice\u2013Olbernhau, 112,7 km<\/p>\n\n\n\n<p><strong>11. 5., 4. etapa: <\/strong>Terez\u00edn\u2013Terez\u00edn, 102,4&nbsp;km<\/p>\n\n\n\n<p class=\"has-medium-font-size\"><strong>Nominace \u010desk\u00e9 reprezentace<\/strong><\/p>\n\n\n\n<p>Mat\u011bj Pit\u00e1k, David Icha, Luk\u00e1\u0161 Ra\u0161ka (v\u0161. Mapei Merida Ka\u0148kovsk\u00fd) Filip Nov\u00e1k (Ciclistica Trevigliese), Luk\u00e1\u0161 Kristl, Tom\u00e1\u0161 H\u00e1jek (oba Brilon Racing Team MB).<\/p>\n\n\n\n<p>Foto: Jan Brychta a archiv<\/p>\n","protected":false},"excerpt":{"rendered":"<p>Um\u00edst\u011bn\u00ed v&nbsp;elitn\u00ed des\u00edtce kone\u010dn\u00e9ho po\u0159ad\u00ed, takov\u00fd je c\u00edl \u010desk\u00e9 reprezentace na 53. ro\u010dn\u00edku Z\u00e1vodu m\u00edru junior\u016f, kter\u00fd startuje ve \u010dtvrtek v&nbsp;Litom\u011b\u0159ic\u00edch. V&nbsp;konkurenci nejlep\u0161\u00edch sv\u011btov\u00fdch juniorsk\u00fdch z\u00e1vodn\u00edk\u016f se v&nbsp;z\u00e1vod\u011b za\u0159azen\u00e9m do nejvy\u0161\u0161\u00ed kategorie 2.NCup p\u0159edstav\u00ed 20 n\u00e1rodn\u00edch t\u00fdm\u016f v\u010detn\u011b \u010desk\u00e9 reprezentace a 4 region\u00e1ln\u00ed t\u00fdmy, mezi nimi\u017e jsou i Dukla Praha a Roman Kreuziger Cycling Academy. [&hellip;]<\/p>\n","protected":false},"author":15,"featured_media":35232,"comment_status":"closed","ping_status":"open","sticky":false,"template":"","format":"standard","meta":{"footnotes":""},"categories":[2,18],"tags":[11],"class_list":["post-35230","post","type-post","status-publish","format-standard","has-post-thumbnail","hentry","category-novinky","category-silnice","tag-silnice"],"_links":{"self":[{"href":"https:\/\/www.czechcyclingfederation.com\/en\/wp-json\/wp\/v2\/posts\/35230","targetHints":{"allow":["GET"]}}],"collection":[{"href":"https:\/\/www.czechcyclingfederation.com\/en\/wp-json\/wp\/v2\/posts"}],"about":[{"href":"https:\/\/www.czechcyclingfederation.com\/en\/wp-json\/wp\/v2\/types\/post"}],"author":[{"embeddable":true,"href":"https:\/\/www.czechcyclingfederation.com\/en\/wp-json\/wp\/v2\/users\/15"}],"replies":[{"embeddable":true,"href":"https:\/\/www.czechcyclingfederation.com\/en\/wp-json\/wp\/v2\/comments?post=35230"}],"version-history":[{"count":5,"href":"https:\/\/www.czechcyclingfederation.com\/en\/wp-json\/wp\/v2\/posts\/35230\/revisions"}],"predecessor-version":[{"id":35243,"href":"https:\/\/www.czechcyclingfederation.com\/en\/wp-json\/wp\/v2\/posts\/35230\/revisions\/35243"}],"wp:featuredmedia":[{"embeddable":true,"href":"https:\/\/www.czechcyclingfederation.com\/en\/wp-json\/wp\/v2\/media\/35232"}],"wp:attachment":[{"href":"https:\/\/www.czechcyclingfederation.com\/en\/wp-json\/wp\/v2\/media?parent=35230"}],"wp:term":[{"taxonomy":"category","embeddable":true,"href":"https:\/\/www.czechcyclingfederation.com\/en\/wp-json\/wp\/v2\/categories?post=35230"},{"taxonomy":"post_tag","embeddable":true,"href":"https:\/\/www.czechcyclingfederation.com\/en\/wp-json\/wp\/v2\/tags?post=35230"}],"curies":[{"name":"wp","href":"https:\/\/api.w.org\/{rel}","templated":true}]}}