{"id":35220,"date":"2025-05-05T22:04:10","date_gmt":"2025-05-05T20:04:10","guid":{"rendered":"https:\/\/www.czechcyclingfederation.com\/?p=35220"},"modified":"2025-05-05T22:04:13","modified_gmt":"2025-05-05T20:04:13","slug":"vitez-roubaix-ovladl-grand-prix-west-bohemia","status":"publish","type":"post","link":"https:\/\/www.czechcyclingfederation.com\/en\/vitez-roubaix-ovladl-grand-prix-west-bohemia\/","title":{"rendered":"V\u00edt\u011bz Roubaix ovl\u00e1dl Grand Prix West Bohemia"},"content":{"rendered":"\n<p><strong>Osmn\u00e1ctilet\u00fd Michiel Mouris, nizozemsk\u00fd z\u00e1vodn\u00edk formace Grenke-Auto Eder, vyhr\u00e1l p\u00e1t\u00fd ro\u010dn\u00edk Grand Prix West Bohemia. Mlad\u00edk z juniorsk\u00e9 formace Red Bull Bora-hansgrohe, kter\u00fd ovl\u00e1dl v dubnu juniorsk\u00e9 Pa\u0159\u00ed\u017e-Roubaix, si p\u0159ipsal triumf v obou etap\u00e1ch z\u00e1vodu na okruhu v Ky\u0161ic\u00edch u Plzn\u011b.<\/strong><\/p>\n\n\n\n<p>\u00davodn\u00ed d\u011bjstv\u00ed dlouh\u00e9 120,6 kilometr\u016f ovl\u00e1dl po spurtu, v n\u011bm\u017e byl siln\u011bj\u0161\u00ed ne\u017e Jonathan Schipkowski, n\u011bmeck\u00fd cyklista v dresu Schwalbe Team Sachsen. Nejlep\u0161\u00ed z \u010desk\u00fdch borc\u016f dojel des\u00e1t\u00fd \u0160imon Mat\u011bjek ve t\u0159et\u00ed skupin\u011b s odstupem t\u0159iat\u0159iceti sekund.<\/p>\n\n\n\n<figure class=\"wp-block-image size-large\"><img loading=\"lazy\" decoding=\"async\" width=\"1024\" height=\"681\" src=\"http:\/\/www.czechcyclingfederation.com\/wp-content\/uploads\/2025\/05\/BrychtaJan_GPWB_20250504_142632_D4C_8945-1024x681.jpg\" alt=\"\" class=\"wp-image-35225\" srcset=\"https:\/\/www.czechcyclingfederation.com\/wp-content\/uploads\/2025\/05\/BrychtaJan_GPWB_20250504_142632_D4C_8945-1024x681.jpg 1024w, https:\/\/www.czechcyclingfederation.com\/wp-content\/uploads\/2025\/05\/BrychtaJan_GPWB_20250504_142632_D4C_8945-300x200.jpg 300w, https:\/\/www.czechcyclingfederation.com\/wp-content\/uploads\/2025\/05\/BrychtaJan_GPWB_20250504_142632_D4C_8945-768x511.jpg 768w, https:\/\/www.czechcyclingfederation.com\/wp-content\/uploads\/2025\/05\/BrychtaJan_GPWB_20250504_142632_D4C_8945-1536x1022.jpg 1536w, https:\/\/www.czechcyclingfederation.com\/wp-content\/uploads\/2025\/05\/BrychtaJan_GPWB_20250504_142632_D4C_8945-2048x1363.jpg 2048w, https:\/\/www.czechcyclingfederation.com\/wp-content\/uploads\/2025\/05\/BrychtaJan_GPWB_20250504_142632_D4C_8945-1320x878.jpg 1320w\" sizes=\"auto, (max-width: 1024px) 100vw, 1024px\" \/><\/figure>\n\n\n\n<p>Druhou etapu znovu ovl\u00e1dl mlad\u00edk, jen\u017e se py\u0161n\u00ed i titulem juniorsk\u00e9ho \u0161ampiona Nizozemska v cyklokrosu. D\u011bjstv\u00ed dlouh\u00e9 107,2 kilometr\u016f vyhr\u00e1l po spurtu z hlavn\u00edho pole. Nejlep\u0161\u00edm z \u010desk\u00fdch mlad\u00edk\u016f byl Daniel Kub\u011bna z Roman Kreuziger Cycling Academy na p\u00e1t\u00e9 p\u0159\u00ed\u010dce.<\/p>\n\n\n\n<p>&#8220;Byl to speci\u00e1ln\u00ed v\u00edkend. Oba dny jsme z\u00e1vod kontrolovali a odvedli perfektn\u00ed t\u00fdmovou pr\u00e1ci. Fakt, \u017ee v druh\u00e9 etap\u011b jsme brali i druh\u00e9 m\u00edsto, v\u0161e jenom podtrhl,&#8221; usm\u00edval se Michiel Mouris, celkov\u00fd v\u00edt\u011bz Grand Prix West Bohemia.<\/p>\n\n\n\n<p><strong>Grand Prix West Bohemia <\/strong>&#8211; <strong>celkov\u00e9 po\u0159ad\u00ed:<\/strong> 1. Mouris (Niz., Grenke Auto Eder) 5:14:40 hod., 2. Schipkowski (N\u011bm., Schwalbe Team Sachsen) +14, 3. Mungoven (Austr., ARA Skip Capital) +16, 4. Lukic (Chorvatsko) +20, 5. Berencsi (Ma\u010f., MBH Bank), \u2026 16. H\u00e1jek (\u010cR, Brilon Racing), 19. Mat\u011bjek (\u010cR, Dukla Praha) oba +53.<\/p>\n\n\n\n<p><em>Foto: Jan Brychta<\/em><\/p>\n","protected":false},"excerpt":{"rendered":"<p>Osmn\u00e1ctilet\u00fd Michiel Mouris, nizozemsk\u00fd z\u00e1vodn\u00edk formace Grenke-Auto Eder, vyhr\u00e1l p\u00e1t\u00fd ro\u010dn\u00edk Grand Prix West Bohemia. Mlad\u00edk z juniorsk\u00e9 formace Red Bull Bora-hansgrohe, kter\u00fd ovl\u00e1dl v dubnu juniorsk\u00e9 Pa\u0159\u00ed\u017e-Roubaix, si p\u0159ipsal triumf v obou etap\u00e1ch z\u00e1vodu na okruhu v Ky\u0161ic\u00edch u Plzn\u011b. \u00davodn\u00ed d\u011bjstv\u00ed dlouh\u00e9 120,6 kilometr\u016f ovl\u00e1dl po spurtu, v n\u011bm\u017e byl siln\u011bj\u0161\u00ed ne\u017e Jonathan [&hellip;]<\/p>\n","protected":false},"author":30,"featured_media":35227,"comment_status":"closed","ping_status":"open","sticky":false,"template":"","format":"standard","meta":{"footnotes":""},"categories":[2],"tags":[11],"class_list":["post-35220","post","type-post","status-publish","format-standard","has-post-thumbnail","hentry","category-novinky","tag-silnice"],"_links":{"self":[{"href":"https:\/\/www.czechcyclingfederation.com\/en\/wp-json\/wp\/v2\/posts\/35220","targetHints":{"allow":["GET"]}}],"collection":[{"href":"https:\/\/www.czechcyclingfederation.com\/en\/wp-json\/wp\/v2\/posts"}],"about":[{"href":"https:\/\/www.czechcyclingfederation.com\/en\/wp-json\/wp\/v2\/types\/post"}],"author":[{"embeddable":true,"href":"https:\/\/www.czechcyclingfederation.com\/en\/wp-json\/wp\/v2\/users\/30"}],"replies":[{"embeddable":true,"href":"https:\/\/www.czechcyclingfederation.com\/en\/wp-json\/wp\/v2\/comments?post=35220"}],"version-history":[{"count":1,"href":"https:\/\/www.czechcyclingfederation.com\/en\/wp-json\/wp\/v2\/posts\/35220\/revisions"}],"predecessor-version":[{"id":35229,"href":"https:\/\/www.czechcyclingfederation.com\/en\/wp-json\/wp\/v2\/posts\/35220\/revisions\/35229"}],"wp:featuredmedia":[{"embeddable":true,"href":"https:\/\/www.czechcyclingfederation.com\/en\/wp-json\/wp\/v2\/media\/35227"}],"wp:attachment":[{"href":"https:\/\/www.czechcyclingfederation.com\/en\/wp-json\/wp\/v2\/media?parent=35220"}],"wp:term":[{"taxonomy":"category","embeddable":true,"href":"https:\/\/www.czechcyclingfederation.com\/en\/wp-json\/wp\/v2\/categories?post=35220"},{"taxonomy":"post_tag","embeddable":true,"href":"https:\/\/www.czechcyclingfederation.com\/en\/wp-json\/wp\/v2\/tags?post=35220"}],"curies":[{"name":"wp","href":"https:\/\/api.w.org\/{rel}","templated":true}]}}