{"id":35194,"date":"2025-05-05T11:18:33","date_gmt":"2025-05-05T09:18:33","guid":{"rendered":"https:\/\/www.czechcyclingfederation.com\/?p=35194"},"modified":"2025-05-05T11:27:15","modified_gmt":"2025-05-05T09:27:15","slug":"pozvanka-na-etapovy-zavod-junioru-regionem-orlicka-lanskroun-2025","status":"publish","type":"post","link":"https:\/\/www.czechcyclingfederation.com\/en\/pozvanka-na-etapovy-zavod-junioru-regionem-orlicka-lanskroun-2025\/","title":{"rendered":"Pozv\u00e1nka na ETAPOV\u00dd Z\u00c1VOD JUNIOR\u016e \u201eREGIONEM ORLICKA 2025\u201c"},"content":{"rendered":"\n<p><\/p>\n\n\n\n<p>SKP DUHA Lan\u0161kroun si v\u00e1s dovoluje pozvat na <strong>tradi\u010dn\u00ed etapov\u00fd z\u00e1vod pro kategorii junior\u016f<\/strong>, kter\u00fd se uskute\u010dn\u00ed ve dnech 1. &#8211; 3. 8. 2025. Ji\u017e 39. ro\u010dn\u00edk tohoto presti\u017en\u00edho z\u00e1vodu s bohatou histori\u00ed, jeho\u017e p\u0159ede\u0161l\u00ed v\u00edt\u011bzov\u00e9 dos\u00e1hli v\u00fdznamn\u00fdch \u00fasp\u011bch\u016f i na mezin\u00e1rodn\u00ed sc\u00e9n\u011b, se op\u011bt uskute\u010dn\u00ed na silnic\u00edch v okol\u00ed m\u011bsta Lan\u0161kroun. Mezi nejv\u00fdzn\u00e1m\u011bj\u0161\u00ed v\u00edt\u011bze bychom mohli za\u0159adit nap\u0159\u00edklad Leopolda K\u00f6niga, kter\u00fd z\u00e1vod opanoval v roce 2005. O rok pozd\u011bji pak v Lan\u0161kroun\u011b zvedal ruce k nebi slovensk\u00fd reprezentant Peter Sagan. Posledn\u00edm v\u00edt\u011bzem tohoto &#8220;etap\u00e1ku&#8221; je Pavel \u0160ump\u00edk, kter\u00fd z\u00e1vodu dominoval v lo\u0148sk\u00e9m roce a po n\u011bkolika letech jsme d\u00edky n\u011bmu op\u011bt mohli vid\u011bt \u010desk\u00e9ho v\u00edt\u011bze.<\/p>\n\n\n\n<p><\/p>\n\n\n\n<figure class=\"wp-block-image size-large\"><img loading=\"lazy\" decoding=\"async\" width=\"1024\" height=\"682\" src=\"https:\/\/www.czechcyclingfederation.com\/wp-content\/uploads\/2025\/05\/BrychtaJanRegionemOrlicka20240804131733D4C0052-1024x682.jpg\" alt=\"\" class=\"wp-image-35195\" srcset=\"https:\/\/www.czechcyclingfederation.com\/wp-content\/uploads\/2025\/05\/BrychtaJanRegionemOrlicka20240804131733D4C0052-1024x682.jpg 1024w, https:\/\/www.czechcyclingfederation.com\/wp-content\/uploads\/2025\/05\/BrychtaJanRegionemOrlicka20240804131733D4C0052-300x200.jpg 300w, https:\/\/www.czechcyclingfederation.com\/wp-content\/uploads\/2025\/05\/BrychtaJanRegionemOrlicka20240804131733D4C0052-768x511.jpg 768w, https:\/\/www.czechcyclingfederation.com\/wp-content\/uploads\/2025\/05\/BrychtaJanRegionemOrlicka20240804131733D4C0052-1536x1022.jpg 1536w, https:\/\/www.czechcyclingfederation.com\/wp-content\/uploads\/2025\/05\/BrychtaJanRegionemOrlicka20240804131733D4C0052-2048x1363.jpg 2048w, https:\/\/www.czechcyclingfederation.com\/wp-content\/uploads\/2025\/05\/BrychtaJanRegionemOrlicka20240804131733D4C0052-1320x879.jpg 1320w\" sizes=\"auto, (max-width: 1024px) 100vw, 1024px\" \/><\/figure>\n\n\n\n<p><\/p>\n\n\n\n<h3 class=\"wp-block-heading\">Program z\u00e1vodu (305 km celkem):<\/h3>\n\n\n\n<ul class=\"wp-block-list\">\n<li><strong>1. etapa<\/strong> \u2013 01. 08. 2025, 17:00<br><em>Silni\u010dn\u00ed z\u00e1vod, 100 km<\/em><br><em>Jede se za \u010d\u00e1ste\u010dn\u011b omezen\u00e9ho silni\u010dn\u00edho provozu.<\/em><\/li>\n\n\n\n<li><strong>2. etapa<\/strong> \u2013 02. 08. 2025, 9:00<br><em>\u010casovka jednotlivc\u016f, 10 km<\/em><br><em>Jede se na uzav\u0159en\u00e9 trati.<\/em><\/li>\n\n\n\n<li><strong>3. etapa<\/strong> \u2013 02. 08. 2025, 15:00<br><em>Silni\u010dn\u00ed z\u00e1vod, 100 km<\/em><br><em>Jede se za \u010d\u00e1ste\u010dn\u011b omezen\u00e9ho silni\u010dn\u00edho provozu.<\/em><\/li>\n\n\n\n<li><strong>4. etapa<\/strong> \u2013 03. 08. 2025, 9:00<br><em>Silni\u010dn\u00ed z\u00e1vod, 95 km<\/em><br><em>Jede se za \u010d\u00e1ste\u010dn\u011b omezen\u00e9ho silni\u010dn\u00edho provozu.<\/em><\/li>\n<\/ul>\n\n\n\n<h3 class=\"wp-block-heading\">Kdo m\u016f\u017ee startovat:<\/h3>\n\n\n\n<ul class=\"wp-block-list\">\n<li><strong>Sedmi\u010dlenn\u00e1 dru\u017estva<\/strong> (klubov\u00e1 nebo sm\u00ed\u0161en\u00e1)<\/li>\n\n\n\n<li>Kategorie <strong>junior (ro\u010dn\u00edk 2007\u20132008)<\/strong><\/li>\n\n\n\n<li>Dru\u017estvo m\u016f\u017ee b\u00fdt dopln\u011bno o z\u00e1vodn\u00edky kategorie <strong>kadet (ro\u010dn\u00edk 2009)<\/strong><\/li>\n\n\n\n<li><strong>Maxim\u00e1ln\u00ed kapacita:<\/strong> 23 t\u00fdm\u016f, 161 startuj\u00edc\u00edch<\/li>\n\n\n\n<li>p\u0159ihl\u00e1\u0161ky zas\u00edlejte nejpozd\u011bji do 30. 6. 2025 na adresu <strong>petrbuchacek@tiscali.cz<\/strong><\/li>\n<\/ul>\n\n\n\n<h3 class=\"wp-block-heading\">Kontaktn\u00ed \u00fadaje:<\/h3>\n\n\n\n<p><strong>Po\u0159adatel:<\/strong><br>Sportovn\u00ed klub policie DUHA Lan\u0161kroun, z.s.<br>Dukelsk\u00fdch hrdin\u016f 423, 563 01 Lan\u0161kroun<br>I\u010cO: 44469926<br>Tel.: +420 604 483 940<br>E-mail: <a class=\"\">skpduha@quick.cz<\/a><br>Propozice: <a class=\"\" href=\"http:\/\/www.skpduha.cz\">www.skpduha.cz<\/a> nebo na str\u00e1nk\u00e1ch <a class=\"\" href=\"https:\/\/ceskysvazcyklistiky.cz\">\u010cesk\u00e9ho svazu cyklistiky<\/a><\/p>\n","protected":false},"excerpt":{"rendered":"<p>SKP DUHA Lan\u0161kroun si v\u00e1s dovoluje pozvat na tradi\u010dn\u00ed etapov\u00fd z\u00e1vod pro kategorii junior\u016f, kter\u00fd se uskute\u010dn\u00ed ve dnech 1. &#8211; 3. 8. 2025. Ji\u017e 39. ro\u010dn\u00edk tohoto presti\u017en\u00edho z\u00e1vodu s bohatou histori\u00ed, jeho\u017e p\u0159ede\u0161l\u00ed v\u00edt\u011bzov\u00e9 dos\u00e1hli v\u00fdznamn\u00fdch \u00fasp\u011bch\u016f i na mezin\u00e1rodn\u00ed sc\u00e9n\u011b, se op\u011bt uskute\u010dn\u00ed na silnic\u00edch v okol\u00ed m\u011bsta Lan\u0161kroun. Mezi nejv\u00fdzn\u00e1m\u011bj\u0161\u00ed v\u00edt\u011bze [&hellip;]<\/p>\n","protected":false},"author":3,"featured_media":35197,"comment_status":"closed","ping_status":"open","sticky":false,"template":"","format":"standard","meta":{"footnotes":""},"categories":[2,46,18],"tags":[11],"class_list":["post-35194","post","type-post","status-publish","format-standard","has-post-thumbnail","hentry","category-novinky","category-novinky-sportovni-centra","category-silnice","tag-silnice"],"_links":{"self":[{"href":"https:\/\/www.czechcyclingfederation.com\/en\/wp-json\/wp\/v2\/posts\/35194","targetHints":{"allow":["GET"]}}],"collection":[{"href":"https:\/\/www.czechcyclingfederation.com\/en\/wp-json\/wp\/v2\/posts"}],"about":[{"href":"https:\/\/www.czechcyclingfederation.com\/en\/wp-json\/wp\/v2\/types\/post"}],"author":[{"embeddable":true,"href":"https:\/\/www.czechcyclingfederation.com\/en\/wp-json\/wp\/v2\/users\/3"}],"replies":[{"embeddable":true,"href":"https:\/\/www.czechcyclingfederation.com\/en\/wp-json\/wp\/v2\/comments?post=35194"}],"version-history":[{"count":4,"href":"https:\/\/www.czechcyclingfederation.com\/en\/wp-json\/wp\/v2\/posts\/35194\/revisions"}],"predecessor-version":[{"id":35203,"href":"https:\/\/www.czechcyclingfederation.com\/en\/wp-json\/wp\/v2\/posts\/35194\/revisions\/35203"}],"wp:featuredmedia":[{"embeddable":true,"href":"https:\/\/www.czechcyclingfederation.com\/en\/wp-json\/wp\/v2\/media\/35197"}],"wp:attachment":[{"href":"https:\/\/www.czechcyclingfederation.com\/en\/wp-json\/wp\/v2\/media?parent=35194"}],"wp:term":[{"taxonomy":"category","embeddable":true,"href":"https:\/\/www.czechcyclingfederation.com\/en\/wp-json\/wp\/v2\/categories?post=35194"},{"taxonomy":"post_tag","embeddable":true,"href":"https:\/\/www.czechcyclingfederation.com\/en\/wp-json\/wp\/v2\/tags?post=35194"}],"curies":[{"name":"wp","href":"https:\/\/api.w.org\/{rel}","templated":true}]}}