{"id":35170,"date":"2025-05-04T11:36:16","date_gmt":"2025-05-04T09:36:16","guid":{"rendered":"https:\/\/www.czechcyclingfederation.com\/?p=35170"},"modified":"2025-05-04T11:36:18","modified_gmt":"2025-05-04T09:36:18","slug":"cyklokrosova-mistryne-belgie-vyhrala-na-gracii-spurt-zemanova-desata","status":"publish","type":"post","link":"https:\/\/www.czechcyclingfederation.com\/en\/cyklokrosova-mistryne-belgie-vyhrala-na-gracii-spurt-zemanova-desata\/","title":{"rendered":"Cyklokrosov\u00e1 mistryn\u011b Belgie vyhr\u00e1la na Gracii spurt, Zemanov\u00e1 des\u00e1t\u00e1"},"content":{"rendered":"\n<p>\u0160estadvacetilet\u00e1 <strong>Marion Norbertov\u00e1 Riberolleov\u00e1<\/strong> z&nbsp;belgick\u00e9 reprezentace, \u00fa\u0159aduj\u00edc\u00ed mistryn\u011b Belgie v&nbsp;cyklokrosu, vyhr\u00e1la ve spurtu \u010dtvrtou etapu z\u00e1vod Gracia Orlov\u00e1 se startem a c\u00edlem v&nbsp;Bohum\u00edne. Nejlep\u0161\u00ed z&nbsp;\u010ce\u0161ek byla des\u00e1t\u00e1 <strong>Krist\u00fdna Zemanov\u00e1<\/strong> (VIF Cycling Team).<\/p>\n\n\n\n<p>V celkov\u00e9m po\u0159ad\u00ed se Kana\u010fance <strong>Alison Jacksonov\u00e9<\/strong> poda\u0159ilo nav\u00fd\u0161it veden\u00ed na jednu sekundu a z\u00e1v\u011br z\u00e1vodu slibuje velk\u00e9 drama, proto\u017ee nejlep\u0161\u00ed t\u0159i z\u00e1vodnice v&nbsp;pr\u016fb\u011b\u017en\u00e9m po\u0159ad\u00ed od sebe d\u011bl\u00ed pouh\u00e9 t\u0159i sekundy. Nejlep\u0161\u00ed \u010ce\u0161kou celkov\u011b je patn\u00e1ct\u00e1 <strong>Barbora N\u011bmcov\u00e1<\/strong> (Dukla Praha).<\/p>\n\n\n\n<p>92,4 km dlouh\u00e1 etapa se startem i c\u00edlem v Bohum\u00edn\u011b se jela na \u0161esti rovinat\u00fdch okruz\u00edch a v\u0161ichni \u010dekali, \u017ee rozhodovat se bude a\u017e ve spurtu pelotonu, ale mezi z\u00e1vodnicemi panovaly jist\u00e9 obavy z po\u010das\u00ed, proto\u017ee u\u017e na startu za\u010dalo slab\u011b pr\u0161et, a hlavn\u011b se zvedal v\u00edtr, kter\u00fd mohl m\u00edt v\u00fdrazn\u00fd vliv na v\u00fdvoj z\u00e1vodu. Nakonec sice sprchlo, ale \u017e\u00e1dn\u00e1 v\u011bt\u0161\u00ed bou\u0159ka nep\u0159i\u0161la a v\u00edtr nebyl dost stabiln\u00ed, aby zp\u016fsobil v\u011bt\u0161\u00ed \u0161kody.<\/p>\n\n\n\n<figure class=\"wp-block-image size-large\"><img loading=\"lazy\" decoding=\"async\" width=\"1024\" height=\"683\" src=\"https:\/\/www.czechcyclingfederation.com\/wp-content\/uploads\/2025\/05\/zluta-kanadanka-1024x683.jpg\" alt=\"\" class=\"wp-image-35173\" srcset=\"https:\/\/www.czechcyclingfederation.com\/wp-content\/uploads\/2025\/05\/zluta-kanadanka-1024x683.jpg 1024w, https:\/\/www.czechcyclingfederation.com\/wp-content\/uploads\/2025\/05\/zluta-kanadanka-300x200.jpg 300w, https:\/\/www.czechcyclingfederation.com\/wp-content\/uploads\/2025\/05\/zluta-kanadanka-768x512.jpg 768w, https:\/\/www.czechcyclingfederation.com\/wp-content\/uploads\/2025\/05\/zluta-kanadanka-1536x1024.jpg 1536w, https:\/\/www.czechcyclingfederation.com\/wp-content\/uploads\/2025\/05\/zluta-kanadanka-2048x1365.jpg 2048w, https:\/\/www.czechcyclingfederation.com\/wp-content\/uploads\/2025\/05\/zluta-kanadanka-1320x880.jpg 1320w\" sizes=\"auto, (max-width: 1024px) 100vw, 1024px\" \/><\/figure>\n\n\n\n<p>Na trati, v c\u00edli druh\u00e9ho okruhu, le\u017eela jedin\u00e1 sprintersk\u00e1 pr\u00e9mie, kter\u00e1 byla l\u00e1kav\u00e1 pro favoritky celkov\u00e9ho po\u0159ad\u00ed, proto\u017ee se zde ud\u011blovaly bonusy. Jako prvn\u00ed p\u00e1sku projela Karolina Kumiegov\u00e1, hned za n\u00ed byla ve \u017elut\u00e9m trikotu jedouc\u00ed Alison Jacksonov\u00e1 a t\u0159et\u00ed byla v\u00edt\u011bzka dopoledn\u00ed \u010dasovky, \u0160v\u00fdcarka Jasmin Liechtiov\u00e1. D\u00edky tomu se ujasnilo po\u0159ad\u00ed v celkov\u00e9 klasifikaci, Jacksonov\u00e1 nyn\u00ed vede s n\u00e1skokem jedn\u00e9 sekundy pr\u00e1v\u011b p\u0159ed Liechtiovou a t\u0159\u00ed sekund p\u0159ed Kumiegovou.<\/p>\n\n\n\n<p>Foto: Josef Vaishar\/Cycling.photography<\/p>\n","protected":false},"excerpt":{"rendered":"<p>\u0160estadvacetilet\u00e1 Marion Norbertov\u00e1 Riberolleov\u00e1 z&nbsp;belgick\u00e9 reprezentace, \u00fa\u0159aduj\u00edc\u00ed mistryn\u011b Belgie v&nbsp;cyklokrosu, vyhr\u00e1la ve spurtu \u010dtvrtou etapu z\u00e1vod Gracia Orlov\u00e1 se startem a c\u00edlem v&nbsp;Bohum\u00edne. Nejlep\u0161\u00ed z&nbsp;\u010ce\u0161ek byla des\u00e1t\u00e1 Krist\u00fdna Zemanov\u00e1 (VIF Cycling Team). V celkov\u00e9m po\u0159ad\u00ed se Kana\u010fance Alison Jacksonov\u00e9 poda\u0159ilo nav\u00fd\u0161it veden\u00ed na jednu sekundu a z\u00e1v\u011br z\u00e1vodu slibuje velk\u00e9 drama, proto\u017ee nejlep\u0161\u00ed t\u0159i z\u00e1vodnice [&hellip;]<\/p>\n","protected":false},"author":30,"featured_media":35171,"comment_status":"closed","ping_status":"open","sticky":false,"template":"","format":"standard","meta":{"footnotes":""},"categories":[2,18],"tags":[11],"class_list":["post-35170","post","type-post","status-publish","format-standard","has-post-thumbnail","hentry","category-novinky","category-silnice","tag-silnice"],"_links":{"self":[{"href":"https:\/\/www.czechcyclingfederation.com\/en\/wp-json\/wp\/v2\/posts\/35170","targetHints":{"allow":["GET"]}}],"collection":[{"href":"https:\/\/www.czechcyclingfederation.com\/en\/wp-json\/wp\/v2\/posts"}],"about":[{"href":"https:\/\/www.czechcyclingfederation.com\/en\/wp-json\/wp\/v2\/types\/post"}],"author":[{"embeddable":true,"href":"https:\/\/www.czechcyclingfederation.com\/en\/wp-json\/wp\/v2\/users\/30"}],"replies":[{"embeddable":true,"href":"https:\/\/www.czechcyclingfederation.com\/en\/wp-json\/wp\/v2\/comments?post=35170"}],"version-history":[{"count":1,"href":"https:\/\/www.czechcyclingfederation.com\/en\/wp-json\/wp\/v2\/posts\/35170\/revisions"}],"predecessor-version":[{"id":35175,"href":"https:\/\/www.czechcyclingfederation.com\/en\/wp-json\/wp\/v2\/posts\/35170\/revisions\/35175"}],"wp:featuredmedia":[{"embeddable":true,"href":"https:\/\/www.czechcyclingfederation.com\/en\/wp-json\/wp\/v2\/media\/35171"}],"wp:attachment":[{"href":"https:\/\/www.czechcyclingfederation.com\/en\/wp-json\/wp\/v2\/media?parent=35170"}],"wp:term":[{"taxonomy":"category","embeddable":true,"href":"https:\/\/www.czechcyclingfederation.com\/en\/wp-json\/wp\/v2\/categories?post=35170"},{"taxonomy":"post_tag","embeddable":true,"href":"https:\/\/www.czechcyclingfederation.com\/en\/wp-json\/wp\/v2\/tags?post=35170"}],"curies":[{"name":"wp","href":"https:\/\/api.w.org\/{rel}","templated":true}]}}