{"id":3514,"date":"2021-02-22T17:03:38","date_gmt":"2021-02-22T16:03:38","guid":{"rendered":"http:\/\/www.czechcyclingfederation.com\/?p=3514"},"modified":"2021-02-22T17:03:38","modified_gmt":"2021-02-22T16:03:38","slug":"silnicni-kalendar-uci-se-zmenami","status":"publish","type":"post","link":"https:\/\/www.czechcyclingfederation.com\/en\/silnicni-kalendar-uci-se-zmenami\/","title":{"rendered":"Silni\u010dn\u00ed kalend\u00e1\u0159 UCI se zm\u011bnami"},"content":{"rendered":"\n<p>Mezin\u00e1rodn\u00ed cyklistick\u00e1 unie (UCI) a z\u00e1stupci hlavn\u00edch uskupen\u00ed profesion\u00e1ln\u00edch silni\u010dn\u00edch cyklist\u016f &#8211; organiz\u00e1tor\u016f (AIOCC), t\u00fdm\u016f (AIGCP) a jezdc\u016f (CPA) se se\u0161li na videokonferenci po\u0159\u00e1dan\u00e9 a prodiskutovali aktu\u00e1ln\u00ed stav a silni\u010dn\u00ed kalend\u00e1\u0159 UCI s ohledem na pandemii Covid-19. \u00da\u010dastn\u00edci ocenili skute\u010dnost, \u017ee silni\u010dn\u00ed sez\u00f3na 2021 za\u010dala, a \u017ee se d\u00edky dodr\u017eov\u00e1n\u00ed extr\u00e9mn\u011b p\u0159\u00edsn\u00fdch a \u00fa\u010dinn\u00fdch hygienick\u00fdch protokol\u016f uskute\u010dnilo n\u011bkolik akc\u00ed na vysok\u00e9 \u00farovni. Mnoh\u00e9 akce v\u0161ak byly zru\u0161eny \u010di se pro n\u011b hled\u00e1 n\u00e1hradn\u00ed, pozd\u011bj\u0161\u00ed term\u00edn.<\/p>\n\n\n\n<p>K dne\u0161n\u00edmu dni bylo v leto\u0161n\u00edm roce ji\u017e zru\u0161eno 38 akc\u00ed. N\u011bkter\u00e9 z nich definitivn\u011b zru\u0161eny a nebudou se konat d\u0159\u00edve ne\u017e v roce 2022, jin\u00e9 po\u017e\u00e1daly o p\u0159elo\u017een\u00ed na pozd\u011bj\u0161\u00ed datum v roce 2021. To je p\u0159\u00edpad 24 akc\u00ed. &#8220;UCI p\u0159ezkoum\u00e1 \u017e\u00e1dosti t\u011bchto organiz\u00e1tor\u016f v \u00fazk\u00e9 spolupr\u00e1ci s r\u016fzn\u00fdmi z\u00fa\u010dastn\u011bn\u00fdmi stranami. Stanov\u00ed nov\u00e1 data s ohledem na celkovou soudr\u017enost kalend\u00e1\u0159e a v obecn\u00e9m z\u00e1jmu cyklistiky, pot\u00e9 sv\u00e1 rozhodnut\u00ed sd\u011bl\u00ed, nejpozd\u011bji do konce b\u0159ezna,&#8221; stoj\u00ed v prohl\u00e1\u0161en\u00ed UCI.<\/p>\n\n\n\n<p>Mezin\u00e1rodn\u00ed cyklistick\u00e1 unie p\u0159ipom\u00edn\u00e1, \u017ee nejaktu\u00e1ln\u011bj\u0161\u00ed informace t\u00fdkaj\u00edc\u00ed se odlo\u017een\u00fdch nebo zru\u0161en\u00fdch ud\u00e1lost\u00ed v mezin\u00e1rodn\u00edm kalend\u00e1\u0159i UCI jsou zve\u0159ejn\u011bny na jej\u00edch webov\u00fdch str\u00e1nk\u00e1ch a upozor\u0148uje, \u017ee ty jsou jedin\u00fdm ofici\u00e1ln\u00edm zdrojem informac\u00ed o datu ud\u00e1lost\u00ed registrovan\u00fdch v mezin\u00e1rodn\u00edm kalend\u00e1\u0159i UCI.<\/p>\n\n\n\n<p>Aktu\u00e1ln\u00ed p\u0159ehled zru\u0161en\u00fdch \u010di odlo\u017een\u00fdch silni\u010dn\u00edch z\u00e1vod\u016f najdete zde: https:\/\/www.uci.org\/news\/2020\/covid-19-pandemic-publication-of-lists-of-postponed-or-cancelled-uci-events<\/p>\n","protected":false},"excerpt":{"rendered":"<p>Mezin\u00e1rodn\u00ed cyklistick\u00e1 unie (UCI) a z\u00e1stupci hlavn\u00edch uskupen\u00ed profesion\u00e1ln\u00edch silni\u010dn\u00edch cyklist\u016f &#8211; organiz\u00e1tor\u016f (AIOCC), t\u00fdm\u016f (AIGCP) a jezdc\u016f (CPA) se se\u0161li na videokonferenci po\u0159\u00e1dan\u00e9 a prodiskutovali aktu\u00e1ln\u00ed stav a silni\u010dn\u00ed kalend\u00e1\u0159 UCI s ohledem na pandemii Covid-19. \u00da\u010dastn\u00edci ocenili skute\u010dnost, \u017ee silni\u010dn\u00ed sez\u00f3na 2021 za\u010dala, a \u017ee se d\u00edky dodr\u017eov\u00e1n\u00ed extr\u00e9mn\u011b p\u0159\u00edsn\u00fdch a \u00fa\u010dinn\u00fdch hygienick\u00fdch [&hellip;]<\/p>\n","protected":false},"author":8,"featured_media":2954,"comment_status":"closed","ping_status":"open","sticky":false,"template":"","format":"standard","meta":{"footnotes":""},"categories":[2,18],"tags":[11],"class_list":["post-3514","post","type-post","status-publish","format-standard","has-post-thumbnail","hentry","category-novinky","category-silnice","tag-silnice"],"_links":{"self":[{"href":"https:\/\/www.czechcyclingfederation.com\/en\/wp-json\/wp\/v2\/posts\/3514","targetHints":{"allow":["GET"]}}],"collection":[{"href":"https:\/\/www.czechcyclingfederation.com\/en\/wp-json\/wp\/v2\/posts"}],"about":[{"href":"https:\/\/www.czechcyclingfederation.com\/en\/wp-json\/wp\/v2\/types\/post"}],"author":[{"embeddable":true,"href":"https:\/\/www.czechcyclingfederation.com\/en\/wp-json\/wp\/v2\/users\/8"}],"replies":[{"embeddable":true,"href":"https:\/\/www.czechcyclingfederation.com\/en\/wp-json\/wp\/v2\/comments?post=3514"}],"version-history":[{"count":1,"href":"https:\/\/www.czechcyclingfederation.com\/en\/wp-json\/wp\/v2\/posts\/3514\/revisions"}],"predecessor-version":[{"id":3515,"href":"https:\/\/www.czechcyclingfederation.com\/en\/wp-json\/wp\/v2\/posts\/3514\/revisions\/3515"}],"wp:featuredmedia":[{"embeddable":true,"href":"https:\/\/www.czechcyclingfederation.com\/en\/wp-json\/wp\/v2\/media\/2954"}],"wp:attachment":[{"href":"https:\/\/www.czechcyclingfederation.com\/en\/wp-json\/wp\/v2\/media?parent=3514"}],"wp:term":[{"taxonomy":"category","embeddable":true,"href":"https:\/\/www.czechcyclingfederation.com\/en\/wp-json\/wp\/v2\/categories?post=3514"},{"taxonomy":"post_tag","embeddable":true,"href":"https:\/\/www.czechcyclingfederation.com\/en\/wp-json\/wp\/v2\/tags?post=3514"}],"curies":[{"name":"wp","href":"https:\/\/api.w.org\/{rel}","templated":true}]}}