{"id":35138,"date":"2025-05-13T07:13:06","date_gmt":"2025-05-13T05:13:06","guid":{"rendered":"https:\/\/www.czechcyclingfederation.com\/?p=35138"},"modified":"2025-05-13T07:13:10","modified_gmt":"2025-05-13T05:13:10","slug":"svetovy-pohar-horskych-kol-na-vysocine-prilaka-radu-hvezd","status":"publish","type":"post","link":"https:\/\/www.czechcyclingfederation.com\/en\/svetovy-pohar-horskych-kol-na-vysocine-prilaka-radu-hvezd\/","title":{"rendered":"Sv\u011btov\u00fd poh\u00e1r horsk\u00fdch kol na Vyso\u010din\u011b p\u0159il\u00e1k\u00e1 \u0159adu hv\u011bzd"},"content":{"rendered":"\n<p>Po dvou \u00favodn\u00edch z\u00e1vodech Sv\u011btov\u00e9ho poh\u00e1ru v&nbsp;cross country horsk\u00fdch kol v brazilsk\u00e9m Arax\u00e1, kde se jelo za\u010d\u00e1tkem dubna, se seri\u00e1l p\u0159esouv\u00e1 do Evropy. A hned prvn\u00ed zast\u00e1vkou bude dlouhodob\u011b nejl\u00e9pe hodnocen\u00fd z\u00e1vod SP sezony v&nbsp;Nov\u00e9m M\u011bst\u011b na Morav\u011b. V\u00edkend pln\u00fd bik\u016f uvid\u00ed Vyso\u010dina Arena 23. \u2013 25. kv\u011btna.<\/p>\n\n\n\n<figure class=\"wp-block-image size-large\"><img loading=\"lazy\" decoding=\"async\" width=\"1024\" height=\"684\" src=\"https:\/\/www.czechcyclingfederation.com\/wp-content\/uploads\/2025\/05\/ilu-2-biky-1024x684.jpg\" alt=\"\" class=\"wp-image-35374\" srcset=\"https:\/\/www.czechcyclingfederation.com\/wp-content\/uploads\/2025\/05\/ilu-2-biky-1024x684.jpg 1024w, https:\/\/www.czechcyclingfederation.com\/wp-content\/uploads\/2025\/05\/ilu-2-biky-300x200.jpg 300w, https:\/\/www.czechcyclingfederation.com\/wp-content\/uploads\/2025\/05\/ilu-2-biky-768x513.jpg 768w, https:\/\/www.czechcyclingfederation.com\/wp-content\/uploads\/2025\/05\/ilu-2-biky-1536x1025.jpg 1536w, https:\/\/www.czechcyclingfederation.com\/wp-content\/uploads\/2025\/05\/ilu-2-biky-1320x881.jpg 1320w, https:\/\/www.czechcyclingfederation.com\/wp-content\/uploads\/2025\/05\/ilu-2-biky.jpg 1600w\" sizes=\"auto, (max-width: 1024px) 100vw, 1024px\" \/><\/figure>\n\n\n\n<p>Elitn\u00ed kategorie budou z\u00e1vodit jak v\u00a0sobotu, tak i v\u00a0ned\u011bli a na startu se p\u0159edstav\u00ed \u0159ada hv\u011bzd v \u010dele s <strong>Mathieu van der Poelem<\/strong>, jeho\u017e start v ned\u011bln\u00edm cross country maj\u00ed organiz\u00e1to\u0159i potvrzen. Chyb\u011bt naopak bude Tom Pidcock, kter\u00fd v Nov\u00e9m M\u011bst\u011b vyhr\u00e1l \u010dty\u0159ikr\u00e1t za sebou, ale letos musel up\u0159ednostnit t\u00fdmov\u00e9 z\u00e1jmy na silnici a jede Giro d\u00b4Italia.<\/p>\n\n\n\n<p>V\u00a0sobotu se pojede Sv\u011btov\u00fd poh\u00e1r v Short Tracku (XCC) kategori\u00ed Elite i do 23 let, n\u00e1sledn\u011b pak UCI Juniorsk\u00e1 serie v\u00a0cross-country obou kategori\u00ed a ve\u0159ejn\u00fd z\u00e1vod Night Race. V ned\u011bli pak n\u00e1v\u0161t\u011bvn\u00edky \u010dek\u00e1 Sv\u011btov\u00fd poh\u00e1r v olympijsk\u00e9m cross-country (XCO) \u2013 op\u011bt kategori\u00ed Elite i U23 let. Cel\u00fd v\u00edkend tedy bude nap\u011bchovan\u00fd z\u00e1\u017eitky, a to je o d\u016fvod v\u00edc, pro\u010d se do Nov\u00e9ho M\u011bsta vypravit na oba dva dny.<\/p>\n\n\n\n<figure class=\"wp-block-image size-large\"><img loading=\"lazy\" decoding=\"async\" width=\"1024\" height=\"682\" src=\"https:\/\/www.czechcyclingfederation.com\/wp-content\/uploads\/2025\/05\/vysocina-2-1024x682.jpg\" alt=\"\" class=\"wp-image-35143\" srcset=\"https:\/\/www.czechcyclingfederation.com\/wp-content\/uploads\/2025\/05\/vysocina-2-1024x682.jpg 1024w, https:\/\/www.czechcyclingfederation.com\/wp-content\/uploads\/2025\/05\/vysocina-2-300x200.jpg 300w, https:\/\/www.czechcyclingfederation.com\/wp-content\/uploads\/2025\/05\/vysocina-2-768x511.jpg 768w, https:\/\/www.czechcyclingfederation.com\/wp-content\/uploads\/2025\/05\/vysocina-2-1536x1022.jpg 1536w, https:\/\/www.czechcyclingfederation.com\/wp-content\/uploads\/2025\/05\/vysocina-2-1320x879.jpg 1320w, https:\/\/www.czechcyclingfederation.com\/wp-content\/uploads\/2025\/05\/vysocina-2.jpg 1600w\" sizes=\"auto, (max-width: 1024px) 100vw, 1024px\" \/><\/figure>\n\n\n\n<p class=\"has-medium-font-size\"><strong>P\u0159ijede i Ledeck\u00e1<\/strong><\/p>\n\n\n\n<p>Na <strong><a href=\"https:\/\/www.mtbnmnm.com\/cs\">webu novom\u011bstsk\u00fdch po\u0159adatel\u016f<\/a><\/strong> najdete spoustu d\u016fle\u017eit\u00fdch informac\u00ed: \u010dasov\u00fd harmonogram a popisy ofici\u00e1ln\u00edch z\u00e1vod\u016f, \u010di program p\u0159idru\u017een\u00fdch akc\u00ed. Ty zahrnuj\u00ed t\u0159eba p\u0159\u00edle\u017eitost otestovat v\u00edce ne\u017e 250 nov\u00fdch model\u016f horsk\u00fdch kol nejv\u011bhlasn\u011bj\u0161\u00edch zna\u010dek nebo si doslova s\u00e1hnout na z\u00e1\u0159iv\u00e9 hv\u011bzdy ze sv\u011bta horsk\u00fdch kol. Nebudou chyb\u011bt ani dal\u0161\u00ed host\u00e9 ze sportovn\u00edho sv\u011bta \u2013 t\u0159eba fenomen\u00e1ln\u00ed Ester Ledeck\u00e1, kter\u00e1 se akce z\u00fa\u010dastn\u00ed v ned\u011bli!<\/p>\n\n\n\n<figure class=\"wp-block-image size-large\"><img loading=\"lazy\" decoding=\"async\" width=\"1024\" height=\"682\" src=\"https:\/\/www.czechcyclingfederation.com\/wp-content\/uploads\/2025\/05\/vysovina-3-1024x682.jpg\" alt=\"\" class=\"wp-image-35145\" srcset=\"https:\/\/www.czechcyclingfederation.com\/wp-content\/uploads\/2025\/05\/vysovina-3-1024x682.jpg 1024w, https:\/\/www.czechcyclingfederation.com\/wp-content\/uploads\/2025\/05\/vysovina-3-300x200.jpg 300w, https:\/\/www.czechcyclingfederation.com\/wp-content\/uploads\/2025\/05\/vysovina-3-768x511.jpg 768w, https:\/\/www.czechcyclingfederation.com\/wp-content\/uploads\/2025\/05\/vysovina-3-1536x1022.jpg 1536w, https:\/\/www.czechcyclingfederation.com\/wp-content\/uploads\/2025\/05\/vysovina-3-2048x1363.jpg 2048w, https:\/\/www.czechcyclingfederation.com\/wp-content\/uploads\/2025\/05\/vysovina-3-1320x879.jpg 1320w\" sizes=\"auto, (max-width: 1024px) 100vw, 1024px\" \/><\/figure>\n\n\n\n<p class=\"has-medium-font-size\"><strong>P\u0159ihl\u00e1\u0161ky na Night Race<\/strong><\/p>\n\n\n\n<p>Pro v\u0161echny, kdo si tuhle akci cht\u011bj\u00ed vychutnat nejen jako fanou\u0161ci, ale i aktivn\u011b na vlastn\u00edm kole, b\u011b\u017e\u00ed u\u017e nyn\u00ed p\u0159ihl\u00e1\u0161kov\u00fd syst\u00e9m tradi\u010dn\u00edho doprovodn\u00e9ho z\u00e1vodu: ve\u010dern\u00edho Night Race.<\/p>\n\n\n\n<p>Night Race je z\u00e1vod tak trochu z&nbsp;jin\u00e9ho soudku: lze ho jet jak naplno, tak v tr\u00e9ninkov\u00e9m tempu s d\u016frazem na maxim\u00e1ln\u00ed z\u00e1bavu a kon\u00e1 se v are\u00e1lu Vyso\u010dina ar\u00e9ny a na osv\u011btlen\u00fdch biatlonov\u00fdch trat\u00edch. N\u011bkte\u0159\u00ed \u00fa\u010dastn\u00edci startuj\u00ed v bizarn\u00edch kost\u00fdmech a v c\u00edlov\u00e9 rovince p\u0159edv\u00e1d\u011bj\u00ed kaskad\u00e9rsk\u00e9 kousky, jin\u00ed jedou v&nbsp;nejlep\u0161\u00ed v\u00fdbav\u011b a z\u00e1vod\u00ed o ka\u017edou vte\u0159inu od startu a\u017e do posledn\u00edch metr\u016f. I proto si rozhodn\u011b Night Race nenechte uj\u00edt. Pokud ne v roli z\u00e1vodn\u00edka, tak minim\u00e1ln\u011b v roli div\u00e1ka. V\u0161e o z\u00e1vod\u011b se dozv\u00edte <strong><a href=\"https:\/\/www.mtbnmnm.com\/cs\/side-events\/night-race\">ZDE<\/a><\/strong><a href=\"https:\/\/www.mtbnmnm.com\/cs\/side-events\/night-race\">.<\/a><\/p>\n\n\n\n<figure class=\"wp-block-image size-large\"><img loading=\"lazy\" decoding=\"async\" width=\"1024\" height=\"684\" src=\"https:\/\/www.czechcyclingfederation.com\/wp-content\/uploads\/2025\/05\/vysocina-5-1024x684.jpg\" alt=\"\" class=\"wp-image-35147\" srcset=\"https:\/\/www.czechcyclingfederation.com\/wp-content\/uploads\/2025\/05\/vysocina-5-1024x684.jpg 1024w, https:\/\/www.czechcyclingfederation.com\/wp-content\/uploads\/2025\/05\/vysocina-5-300x200.jpg 300w, https:\/\/www.czechcyclingfederation.com\/wp-content\/uploads\/2025\/05\/vysocina-5-768x513.jpg 768w, https:\/\/www.czechcyclingfederation.com\/wp-content\/uploads\/2025\/05\/vysocina-5-1536x1025.jpg 1536w, https:\/\/www.czechcyclingfederation.com\/wp-content\/uploads\/2025\/05\/vysocina-5-1320x881.jpg 1320w, https:\/\/www.czechcyclingfederation.com\/wp-content\/uploads\/2025\/05\/vysocina-5.jpg 1600w\" sizes=\"auto, (max-width: 1024px) 100vw, 1024px\" \/><\/figure>\n\n\n\n<p class=\"has-medium-font-size\"><strong>Vstupenky<\/strong><\/p>\n\n\n\n<p>V\u0161echny typy vstupenek v\u010detn\u011b VIP jsou st\u00e1le k&nbsp;dispozici: 1200 K\u010d zaplat\u00edte za v\u00edkendovou permanentku a 700 K\u010d za jednodenn\u00ed vstupy. V\u00edce o vstupenk\u00e1ch se dozv\u00edte <strong><a href=\"https:\/\/www.mtbnmnm.com\/cs\/tickets\">ZDE<\/a><\/strong>.<\/p>\n\n\n\n<p class=\"has-medium-font-size\"><strong>Program SP v Nov\u00e9m M\u011bst\u011b na Morav\u011b<\/strong><\/p>\n\n\n\n<p><strong>P\u00e1tek<\/strong><\/p>\n\n\n\n<p>ofici\u00e1ln\u00ed tr\u00e9ninky<\/p>\n\n\n\n<p>od 16 do 19 hod Test Fest<\/p>\n\n\n\n<p>vstup zdarma<\/p>\n\n\n\n<p><strong>Sobota<\/strong><\/p>\n\n\n\n<p><strong>9:50 \u2013 XCC \u017deny U23<\/strong><\/p>\n\n\n\n<p><strong>10:30 \u2013 XCC Mu\u017ei U23<\/strong><\/p>\n\n\n\n<p><strong>11:30 \u2013 XCC \u017deny Elite<\/strong><\/p>\n\n\n\n<p><strong>12:10 \u2013 XCC Mu\u017ei Elite<\/strong><\/p>\n\n\n\n<p><strong>13:00 \u2013 XCO Juniorsk\u00e1 s\u00e9rie juniorky<\/strong><\/p>\n\n\n\n<p><strong>14:45 \u2013 XCO Juniorsk\u00e1 s\u00e9rie junio\u0159i<\/strong><\/p>\n\n\n\n<p>21:00 \u2013 Ve\u0159ejn\u00fd z\u00e1vod Night Race<\/p>\n\n\n\n<p>od 9 do 18 hod Test Fest<\/p>\n\n\n\n<p>dal\u0161\u00ed doprovodn\u00e9 programy po cel\u00fd den \u2013 Expo Z\u00f3na, T\u00fdmov\u00e9 Z\u00f3ny, program pro d\u011bti<\/p>\n\n\n\n<p><strong>Ned\u011ble<\/strong><\/p>\n\n\n\n<p><strong>10:00 \u2013 XCO \u017deny Elite<\/strong><\/p>\n\n\n\n<p><strong>12:00 \u2013 XCO Mu\u017ei Elite<\/strong><\/p>\n\n\n\n<p><strong>14:00 \u2013 XCO \u017deny U23<\/strong><\/p>\n\n\n\n<p><strong>16:00 \u2013 XCO Mu\u017ei U23<\/strong><\/p>\n\n\n\n<p>od 9 do 16 hod Test Fest<\/p>\n\n\n\n<p>Dal\u0161\u00ed doprovodn\u00e9 programy po cel\u00fd den \u2013 Expo Z\u00f3na, T\u00fdmov\u00e9 Z\u00f3ny, program pro d\u011bti<\/p>\n\n\n\n<p>Foto: Jan Brychta<\/p>\n","protected":false},"excerpt":{"rendered":"<p>Po dvou \u00favodn\u00edch z\u00e1vodech Sv\u011btov\u00e9ho poh\u00e1ru v&nbsp;cross country horsk\u00fdch kol v brazilsk\u00e9m Arax\u00e1, kde se jelo za\u010d\u00e1tkem dubna, se seri\u00e1l p\u0159esouv\u00e1 do Evropy. A hned prvn\u00ed zast\u00e1vkou bude dlouhodob\u011b nejl\u00e9pe hodnocen\u00fd z\u00e1vod SP sezony v&nbsp;Nov\u00e9m M\u011bst\u011b na Morav\u011b. V\u00edkend pln\u00fd bik\u016f uvid\u00ed Vyso\u010dina Arena 23. \u2013 25. kv\u011btna. Elitn\u00ed kategorie budou z\u00e1vodit jak v\u00a0sobotu, tak [&hellip;]<\/p>\n","protected":false},"author":15,"featured_media":35372,"comment_status":"closed","ping_status":"open","sticky":false,"template":"","format":"standard","meta":{"footnotes":""},"categories":[6,2],"tags":[10],"class_list":["post-35138","post","type-post","status-publish","format-standard","has-post-thumbnail","hentry","category-mtb","category-novinky","tag-mtb"],"_links":{"self":[{"href":"https:\/\/www.czechcyclingfederation.com\/en\/wp-json\/wp\/v2\/posts\/35138","targetHints":{"allow":["GET"]}}],"collection":[{"href":"https:\/\/www.czechcyclingfederation.com\/en\/wp-json\/wp\/v2\/posts"}],"about":[{"href":"https:\/\/www.czechcyclingfederation.com\/en\/wp-json\/wp\/v2\/types\/post"}],"author":[{"embeddable":true,"href":"https:\/\/www.czechcyclingfederation.com\/en\/wp-json\/wp\/v2\/users\/15"}],"replies":[{"embeddable":true,"href":"https:\/\/www.czechcyclingfederation.com\/en\/wp-json\/wp\/v2\/comments?post=35138"}],"version-history":[{"count":8,"href":"https:\/\/www.czechcyclingfederation.com\/en\/wp-json\/wp\/v2\/posts\/35138\/revisions"}],"predecessor-version":[{"id":35378,"href":"https:\/\/www.czechcyclingfederation.com\/en\/wp-json\/wp\/v2\/posts\/35138\/revisions\/35378"}],"wp:featuredmedia":[{"embeddable":true,"href":"https:\/\/www.czechcyclingfederation.com\/en\/wp-json\/wp\/v2\/media\/35372"}],"wp:attachment":[{"href":"https:\/\/www.czechcyclingfederation.com\/en\/wp-json\/wp\/v2\/media?parent=35138"}],"wp:term":[{"taxonomy":"category","embeddable":true,"href":"https:\/\/www.czechcyclingfederation.com\/en\/wp-json\/wp\/v2\/categories?post=35138"},{"taxonomy":"post_tag","embeddable":true,"href":"https:\/\/www.czechcyclingfederation.com\/en\/wp-json\/wp\/v2\/tags?post=35138"}],"curies":[{"name":"wp","href":"https:\/\/api.w.org\/{rel}","templated":true}]}}