{"id":35125,"date":"2025-05-02T21:23:47","date_gmt":"2025-05-02T19:23:47","guid":{"rendered":"https:\/\/www.czechcyclingfederation.com\/?p=35125"},"modified":"2025-05-02T21:23:49","modified_gmt":"2025-05-02T19:23:49","slug":"zemanova-osma-v-kralovske-etape-gracie","status":"publish","type":"post","link":"https:\/\/www.czechcyclingfederation.com\/en\/zemanova-osma-v-kralovske-etape-gracie\/","title":{"rendered":"Zemanov\u00e1 osm\u00e1 v kr\u00e1lovsk\u00e9 etap\u011b Gracie"},"content":{"rendered":"\n<p>Nejlep\u0161\u00ed \u010ce\u0161kou ve druh\u00e9 etap\u011b cyklistick\u00e9ho z\u00e1vodu Gracia Orlov\u00e1 se stala <strong>Krist\u00fdna Zemanov\u00e1<\/strong> startuj\u00edc\u00ed v&nbsp;dresu VIF Cycling Teamu, kdy\u017e skon\u010dila osm\u00e1 ve spurtu vedouc\u00ed skupiny.<\/p>\n\n\n\n<p>Kr\u00e1lovskou etapu s&nbsp;p\u0159ev\u00fd\u0161en\u00edm 2000 metr\u016f, kter\u00e1 peloton zavedla i na legend\u00e1rn\u00ed stoup\u00e1n\u00ed na Pustevny, vyhr\u00e1la ve spurtu zku\u0161en\u00e1 Kana\u010fanka <strong>Alison Jacksonov\u00e1<\/strong> (36) z&nbsp;t\u00fdmu EF Education-Oatly. Ta je mj. v\u00edt\u011bzkou \u017eensk\u00e9ho Pa\u0159\u00ed\u017e-Roubaix z&nbsp;roku 2023.<\/p>\n\n\n\n<p>Ve vedouc\u00ed skupin\u011b, kter\u00e1 m\u011bla 30 z\u00e1vodnic, p\u0159ijel z&nbsp;\u010desk\u00fdch cyklistek krom\u011b Zemanov\u00e9 je\u0161t\u011b <strong>Barbora N\u011bmcov\u00e1<\/strong> z&nbsp;Dukly Praha na 12. m\u00edst\u011b.<\/p>\n\n\n\n<figure class=\"wp-block-image size-large\"><img loading=\"lazy\" decoding=\"async\" width=\"1024\" height=\"683\" src=\"https:\/\/www.czechcyclingfederation.com\/wp-content\/uploads\/2025\/05\/gracia-3-1024x683.jpg\" alt=\"\" class=\"wp-image-35129\" srcset=\"https:\/\/www.czechcyclingfederation.com\/wp-content\/uploads\/2025\/05\/gracia-3-1024x683.jpg 1024w, https:\/\/www.czechcyclingfederation.com\/wp-content\/uploads\/2025\/05\/gracia-3-300x200.jpg 300w, https:\/\/www.czechcyclingfederation.com\/wp-content\/uploads\/2025\/05\/gracia-3-768x512.jpg 768w, https:\/\/www.czechcyclingfederation.com\/wp-content\/uploads\/2025\/05\/gracia-3-1536x1024.jpg 1536w, https:\/\/www.czechcyclingfederation.com\/wp-content\/uploads\/2025\/05\/gracia-3-2048x1365.jpg 2048w, https:\/\/www.czechcyclingfederation.com\/wp-content\/uploads\/2025\/05\/gracia-3-1320x880.jpg 1320w\" sizes=\"auto, (max-width: 1024px) 100vw, 1024px\" \/><\/figure>\n\n\n\n<p>Startovn\u00ed pole se hned v&nbsp;\u00favodu etapy p\u0159es vrchol Pusteven a v n\u00e1sledn\u00e9m sjezdu natrhalo na men\u0161\u00ed skupiny. Na \u010dele chyb\u011bly v\u0161echny z\u00e1stupkyn\u011b siln\u00e9ho t\u00fdmu EF Education-Oatly a dal\u0161\u00ed z\u00e1vodnice, kter\u00e9 p\u0159ed druh\u00fdm stoup\u00e1n\u00edm na Bumb\u00e1lku ztr\u00e1cely jednu minutu na \u010delo.<\/p>\n\n\n\n<p>Za t\u00edmto vrcholem n\u00e1sledoval dlouh\u00fd m\u00edrn\u00fd sjezd a rovinat\u00fd \u00fasek a\u017e do Vset\u00edna a pron\u00e1sledovatelk\u00e1m, kter\u00e9 se spojily do po\u010detn\u00e9ho pelotonu, se zde poda\u0159ilo zlikvidovat n\u00e1skok vedouc\u00ed skupiny.<\/p>\n\n\n\n<figure class=\"wp-block-image size-large\"><img loading=\"lazy\" decoding=\"async\" width=\"1024\" height=\"683\" src=\"https:\/\/www.czechcyclingfederation.com\/wp-content\/uploads\/2025\/05\/gracia-2-1024x683.jpg\" alt=\"\" class=\"wp-image-35132\" srcset=\"https:\/\/www.czechcyclingfederation.com\/wp-content\/uploads\/2025\/05\/gracia-2-1024x683.jpg 1024w, https:\/\/www.czechcyclingfederation.com\/wp-content\/uploads\/2025\/05\/gracia-2-300x200.jpg 300w, https:\/\/www.czechcyclingfederation.com\/wp-content\/uploads\/2025\/05\/gracia-2-768x512.jpg 768w, https:\/\/www.czechcyclingfederation.com\/wp-content\/uploads\/2025\/05\/gracia-2-1536x1024.jpg 1536w, https:\/\/www.czechcyclingfederation.com\/wp-content\/uploads\/2025\/05\/gracia-2-2048x1365.jpg 2048w, https:\/\/www.czechcyclingfederation.com\/wp-content\/uploads\/2025\/05\/gracia-2-1320x880.jpg 1320w\" sizes=\"auto, (max-width: 1024px) 100vw, 1024px\" \/><\/figure>\n\n\n\n<p>Ve stoup\u00e1n\u00ed Du\u0161n\u00e1 zv\u00fd\u0161il tempo n\u011bmeck\u00fd t\u00fdm LKT a peloton zredukoval. Belgi\u010danka De Schepperov\u00e1 si tam pojistila dres nejlep\u0161\u00ed vrcha\u0159ky, prvn\u00ed byla i na pr\u00e9mii na Pindule a pokud Gracii dokon\u010d\u00ed, pro dres si bude chodit po ka\u017ed\u00e9 n\u00e1sleduj\u00edc\u00ed etap\u011b, proto\u017ee ve zbytku z\u00e1vodu u\u017e \u017e\u00e1dn\u00e9 vrcha\u0159sk\u00e9 pr\u00e9mie nejsou.<\/p>\n\n\n\n<p>N\u00e1sledoval u\u017e jen sjezd do Fren\u0161t\u00e1tu a rovina p\u0159ed c\u00edlem v Lichnov\u011b. Do spurtu se \u0159\u00edtila skupina t\u0159iceti z\u00e1vodnic a nejrychlej\u0161\u00ed byla Alison Jacksonov\u00e1, nepochybn\u011b nejzn\u00e1m\u011bj\u0161\u00ed cyklistka leto\u0161n\u00edho ro\u010dn\u00edku.<\/p>\n\n\n\n<figure class=\"wp-block-image size-large\"><img loading=\"lazy\" decoding=\"async\" width=\"1024\" height=\"683\" src=\"https:\/\/www.czechcyclingfederation.com\/wp-content\/uploads\/2025\/05\/gracoa-4-1024x683.jpg\" alt=\"\" class=\"wp-image-35134\" srcset=\"https:\/\/www.czechcyclingfederation.com\/wp-content\/uploads\/2025\/05\/gracoa-4-1024x683.jpg 1024w, https:\/\/www.czechcyclingfederation.com\/wp-content\/uploads\/2025\/05\/gracoa-4-300x200.jpg 300w, https:\/\/www.czechcyclingfederation.com\/wp-content\/uploads\/2025\/05\/gracoa-4-768x512.jpg 768w, https:\/\/www.czechcyclingfederation.com\/wp-content\/uploads\/2025\/05\/gracoa-4-1536x1024.jpg 1536w, https:\/\/www.czechcyclingfederation.com\/wp-content\/uploads\/2025\/05\/gracoa-4-2048x1365.jpg 2048w, https:\/\/www.czechcyclingfederation.com\/wp-content\/uploads\/2025\/05\/gracoa-4-1320x880.jpg 1320w\" sizes=\"auto, (max-width: 1024px) 100vw, 1024px\" \/><\/figure>\n\n\n\n<p>Jacksonov\u00e1 si na rychlostn\u00ed pr\u00e9mii a za um\u00edst\u011bn\u00ed v c\u00edli odepsala celkem 13 sekund ze sv\u00e9ho \u010dasu a v\u00fdrazn\u011b se p\u0159ibl\u00ed\u017eila vedouc\u00ed z\u00e1vodnici celkov\u00e9 klasifikace, kterou z\u016fstala Marieke Meertov\u00e1. Belgi\u010danka m\u00e1 p\u0159ed sobotn\u00ed dopoledn\u00ed \u010dasovkou n\u00e1skok 8 sekund p\u0159ed Jacksonovou a Anderssonovou.<\/p>\n\n\n\n<p>Z\u00e1vod pokra\u010duje v sobotu hned dv\u011bma etapami, dopoledne je na programu 13,5 km dlouh\u00e1 individu\u00e1ln\u00ed \u010dasovka v Hav\u00ed\u0159ov\u011b a od 16 hodin se jede 92,4 km dlouh\u00e1 etapa se startem a c\u00edlem v Bohum\u00edn\u011b.<\/p>\n\n\n\n<p>Foto: Josef Vaishar\/Cycling.photography<\/p>\n","protected":false},"excerpt":{"rendered":"<p>Nejlep\u0161\u00ed \u010ce\u0161kou ve druh\u00e9 etap\u011b cyklistick\u00e9ho z\u00e1vodu Gracia Orlov\u00e1 se stala Krist\u00fdna Zemanov\u00e1 startuj\u00edc\u00ed v&nbsp;dresu VIF Cycling Teamu, kdy\u017e skon\u010dila osm\u00e1 ve spurtu vedouc\u00ed skupiny. Kr\u00e1lovskou etapu s&nbsp;p\u0159ev\u00fd\u0161en\u00edm 2000 metr\u016f, kter\u00e1 peloton zavedla i na legend\u00e1rn\u00ed stoup\u00e1n\u00ed na Pustevny, vyhr\u00e1la ve spurtu zku\u0161en\u00e1 Kana\u010fanka Alison Jacksonov\u00e1 (36) z&nbsp;t\u00fdmu EF Education-Oatly. Ta je mj. v\u00edt\u011bzkou \u017eensk\u00e9ho [&hellip;]<\/p>\n","protected":false},"author":30,"featured_media":35127,"comment_status":"closed","ping_status":"open","sticky":false,"template":"","format":"standard","meta":{"footnotes":""},"categories":[2,18],"tags":[11],"class_list":["post-35125","post","type-post","status-publish","format-standard","has-post-thumbnail","hentry","category-novinky","category-silnice","tag-silnice"],"_links":{"self":[{"href":"https:\/\/www.czechcyclingfederation.com\/en\/wp-json\/wp\/v2\/posts\/35125","targetHints":{"allow":["GET"]}}],"collection":[{"href":"https:\/\/www.czechcyclingfederation.com\/en\/wp-json\/wp\/v2\/posts"}],"about":[{"href":"https:\/\/www.czechcyclingfederation.com\/en\/wp-json\/wp\/v2\/types\/post"}],"author":[{"embeddable":true,"href":"https:\/\/www.czechcyclingfederation.com\/en\/wp-json\/wp\/v2\/users\/30"}],"replies":[{"embeddable":true,"href":"https:\/\/www.czechcyclingfederation.com\/en\/wp-json\/wp\/v2\/comments?post=35125"}],"version-history":[{"count":3,"href":"https:\/\/www.czechcyclingfederation.com\/en\/wp-json\/wp\/v2\/posts\/35125\/revisions"}],"predecessor-version":[{"id":35137,"href":"https:\/\/www.czechcyclingfederation.com\/en\/wp-json\/wp\/v2\/posts\/35125\/revisions\/35137"}],"wp:featuredmedia":[{"embeddable":true,"href":"https:\/\/www.czechcyclingfederation.com\/en\/wp-json\/wp\/v2\/media\/35127"}],"wp:attachment":[{"href":"https:\/\/www.czechcyclingfederation.com\/en\/wp-json\/wp\/v2\/media?parent=35125"}],"wp:term":[{"taxonomy":"category","embeddable":true,"href":"https:\/\/www.czechcyclingfederation.com\/en\/wp-json\/wp\/v2\/categories?post=35125"},{"taxonomy":"post_tag","embeddable":true,"href":"https:\/\/www.czechcyclingfederation.com\/en\/wp-json\/wp\/v2\/tags?post=35125"}],"curies":[{"name":"wp","href":"https:\/\/api.w.org\/{rel}","templated":true}]}}