{"id":35089,"date":"2025-04-30T10:02:21","date_gmt":"2025-04-30T08:02:21","guid":{"rendered":"https:\/\/www.czechcyclingfederation.com\/?p=35089"},"modified":"2025-04-30T10:02:23","modified_gmt":"2025-04-30T08:02:23","slug":"csc-se-chce-stat-jednim-z-lidru-udrzitelnosti-v-ceskem-sportu","status":"publish","type":"post","link":"https:\/\/www.czechcyclingfederation.com\/en\/csc-se-chce-stat-jednim-z-lidru-udrzitelnosti-v-ceskem-sportu\/","title":{"rendered":"\u010cSC se chce st\u00e1t jedn\u00edm z l\u00eddr\u016f udr\u017eitelnosti v \u010desk\u00e9m sportu"},"content":{"rendered":"\n<p>\u010cesk\u00fd svaz cyklistiky (\u010cSC) se rozhodl systematicky uchopit t\u00e9ma udr\u017eitelnosti a st\u00e1t se jedn\u00edm z&nbsp;l\u00eddr\u016f v t\u00e9to oblasti mezi \u010desk\u00fdmi sportovn\u00edmi svazy. Ve spolupr\u00e1ci s poradenskou agenturou CIRA Advisory (CIRAA) p\u0159ipravuje dlouhodobou strategii, kter\u00e1 bude v souladu s Chartou UCI (Mezin\u00e1rodn\u00ed cyklistick\u00e1 unie), ke kter\u00e9 se \u010cSC ji\u017e d\u0159\u00edve p\u0159ihl\u00e1sil. Prvn\u00edm konkr\u00e9tn\u00edm krokem bude vytvo\u0159en\u00ed manu\u00e1lu udr\u017eitelnosti pro po\u0159adatele cyklistick\u00fdch z\u00e1vod\u016f, kter\u00fd nab\u00eddne praktick\u00e9 rady a n\u00e1vody, jak organizovat sportovn\u00ed akce s ohledem na \u017eivotn\u00ed prost\u0159ed\u00ed a spole\u010denskou odpov\u011bdnost.<\/p>\n\n\n\n<p>\u201eUdr\u017eitelnost vn\u00edm\u00e1me jako jednu z kl\u00ed\u010dov\u00fdch v\u00fdzev nejen pro sport, ale pro celou spole\u010dnost. Chceme uk\u00e1zat, \u017ee i tradi\u010dn\u00ed sportovn\u00ed svaz m\u016f\u017ee b\u00fdt inovativn\u00ed a zodpov\u011bdn\u00fd. Na\u0161\u00ed ambic\u00ed je nastavit m\u011b\u0159iteln\u00e1 krit\u00e9ria a inspirovat dal\u0161\u00ed organizace. V\u00fdhodou na\u0161eho sportu je, \u017ee s\u00e1m o sob\u011b do zna\u010dn\u00e9 m\u00edry udr\u017eiteln\u00fd je, nicm\u00e9n\u011b i tak m\u00e1me na \u010dem pracovat. Spolupr\u00e1ce s CIRAA a podpora na\u0161ich partner\u016f n\u00e1m v tom d\u00e1vaj\u00ed silnou oporu,\u201c uvedl prezident \u010cesk\u00e9ho svazu cyklistiky David Pr\u016f\u0161a.<\/p>\n\n\n\n<figure class=\"wp-block-image size-large\"><img loading=\"lazy\" decoding=\"async\" width=\"1024\" height=\"683\" src=\"https:\/\/www.czechcyclingfederation.com\/wp-content\/uploads\/2025\/04\/20230628_JSvoboda_RepreDraha_015-1024x683.jpg\" alt=\"\" class=\"wp-image-35092\" srcset=\"https:\/\/www.czechcyclingfederation.com\/wp-content\/uploads\/2025\/04\/20230628_JSvoboda_RepreDraha_015-1024x683.jpg 1024w, https:\/\/www.czechcyclingfederation.com\/wp-content\/uploads\/2025\/04\/20230628_JSvoboda_RepreDraha_015-300x200.jpg 300w, https:\/\/www.czechcyclingfederation.com\/wp-content\/uploads\/2025\/04\/20230628_JSvoboda_RepreDraha_015-768x512.jpg 768w, https:\/\/www.czechcyclingfederation.com\/wp-content\/uploads\/2025\/04\/20230628_JSvoboda_RepreDraha_015-1536x1024.jpg 1536w, https:\/\/www.czechcyclingfederation.com\/wp-content\/uploads\/2025\/04\/20230628_JSvoboda_RepreDraha_015-2048x1366.jpg 2048w, https:\/\/www.czechcyclingfederation.com\/wp-content\/uploads\/2025\/04\/20230628_JSvoboda_RepreDraha_015-1320x880.jpg 1320w\" sizes=\"auto, (max-width: 1024px) 100vw, 1024px\" \/><\/figure>\n\n\n\n<p>Strategie, kterou \u010cSC ve spolupr\u00e1ci s CIRAA bude p\u0159ipravovat, m\u00e1 jasn\u00fd c\u00edl \u2013 nejen nastavovat standardy udr\u017eitelnosti pro vlastn\u00ed \u010dinnost svazu, ale tak\u00e9 systematicky podporovat organiz\u00e1tory z\u00e1vod\u016f v cel\u00e9 \u010cesk\u00e9 republice. Prvn\u00edm v\u00fdstupem bude ji\u017e letos manu\u00e1l pro po\u0159adatele z\u00e1vod\u016f, kter\u00fd jim nab\u00eddne praktick\u00fd n\u00e1vod, jak p\u0159istupovat k t\u00e9mat\u016fm jako je t\u0159\u00edd\u011bn\u00ed odpadu, omezen\u00ed jednor\u00e1zov\u00fdch plast\u016f, \u0161etrn\u00e9 vyu\u017e\u00edv\u00e1n\u00ed energi\u00ed, udr\u017eiteln\u00e1 doprava \u010di zapojov\u00e1n\u00ed m\u00edstn\u00edch komunit.<\/p>\n\n\n\n<p>\u201eV\u011b\u0159\u00edme, \u017ee pr\u00e1v\u011b praktick\u00fd manu\u00e1l bude t\u00edm prvn\u00edm krokem, kter\u00fd odstartuje \u0161ir\u0161\u00ed zm\u011bnu. Nen\u00ed to jen o ekologii, ale i o spole\u010densk\u00e9 odpov\u011bdnosti, ekonomick\u00e9 udr\u017eitelnosti a dlouhodob\u00e9 perspektiv\u011b sportu. \u010cesk\u00fd svaz cyklistiky se k t\u00e9matu postavil velmi odhodlan\u011b a zodpov\u011bdn\u011b, co\u017e je skv\u011bl\u00fd sign\u00e1l pro cel\u00fd sportovn\u00ed sektor,\u201c \u0159\u00edk\u00e1 Ivana Hekerle, jednatelka CIRAA.<\/p>\n\n\n\n<figure class=\"wp-block-image size-large\"><img loading=\"lazy\" decoding=\"async\" width=\"1024\" height=\"683\" src=\"https:\/\/www.czechcyclingfederation.com\/wp-content\/uploads\/2025\/04\/20230626_JSvoboda_RepreBMX_044-1024x683.jpeg\" alt=\"\" class=\"wp-image-35094\" srcset=\"https:\/\/www.czechcyclingfederation.com\/wp-content\/uploads\/2025\/04\/20230626_JSvoboda_RepreBMX_044-1024x683.jpeg 1024w, https:\/\/www.czechcyclingfederation.com\/wp-content\/uploads\/2025\/04\/20230626_JSvoboda_RepreBMX_044-300x200.jpeg 300w, https:\/\/www.czechcyclingfederation.com\/wp-content\/uploads\/2025\/04\/20230626_JSvoboda_RepreBMX_044-768x512.jpeg 768w, https:\/\/www.czechcyclingfederation.com\/wp-content\/uploads\/2025\/04\/20230626_JSvoboda_RepreBMX_044-1536x1024.jpeg 1536w, https:\/\/www.czechcyclingfederation.com\/wp-content\/uploads\/2025\/04\/20230626_JSvoboda_RepreBMX_044-2048x1365.jpeg 2048w, https:\/\/www.czechcyclingfederation.com\/wp-content\/uploads\/2025\/04\/20230626_JSvoboda_RepreBMX_044-1320x880.jpeg 1320w\" sizes=\"auto, (max-width: 1024px) 100vw, 1024px\" \/><\/figure>\n\n\n\n<p>\u010cesk\u00fd svaz cyklistiky ji\u017e v minulosti podnikl n\u011bkter\u00e9 d\u00edl\u010d\u00ed kroky sm\u011brem k udr\u017eitelnosti \u2013 nap\u0159\u00edklad ve spolupr\u00e1ci se spole\u010dnostmi \u0160KODA AUTO a \u010cEZ za\u010dal elektrifikovat sv\u016fj vozov\u00fd park. Nov\u00e1 strategie m\u00e1 ale tuto snahu systematizovat a roz\u0161\u00ed\u0159it i do dal\u0161\u00edch oblast\u00ed. V\u00fdznamnou roli v cel\u00e9m procesu sehr\u00e1v\u00e1 i druh\u00fd dlouhodob\u00fd partner svazu, spole\u010dnost SAZKA a.s., kter\u00e1 se v oblasti udr\u017eitelnosti v korpor\u00e1tn\u00edm prost\u0159ed\u00ed profiluje jako jeden z&nbsp;l\u00eddr\u016f, a kter\u00e1 byla pro svaz inspirac\u00ed, jak cel\u00e9 t\u00e9ma uchopit. Nav\u00edc d\u00edky sv\u00fdm zku\u0161enostem m\u016f\u017ee svazu poskytnou cenn\u00e9 rady z byznysov\u00e9ho prost\u0159ed\u00ed.<\/p>\n\n\n\n<p>\u010cesk\u00fd svaz cyklistiky tak d\u00e1v\u00e1 jasn\u011b najevo, \u017ee vn\u00edm\u00e1 svou spole\u010denskou roli a chce ji napl\u0148ovat zodpov\u011bdn\u011b \u2013 nejen na z\u00e1vodn\u00edch trat\u00edch, ale i v p\u0159\u00edstupu ke sv\u011btu, kter\u00fd n\u00e1s v\u0161echny obklopuje.<\/p>\n","protected":false},"excerpt":{"rendered":"<p>\u010cesk\u00fd svaz cyklistiky (\u010cSC) se rozhodl systematicky uchopit t\u00e9ma udr\u017eitelnosti a st\u00e1t se jedn\u00edm z&nbsp;l\u00eddr\u016f v t\u00e9to oblasti mezi \u010desk\u00fdmi sportovn\u00edmi svazy. Ve spolupr\u00e1ci s poradenskou agenturou CIRA Advisory (CIRAA) p\u0159ipravuje dlouhodobou strategii, kter\u00e1 bude v souladu s Chartou UCI (Mezin\u00e1rodn\u00ed cyklistick\u00e1 unie), ke kter\u00e9 se \u010cSC ji\u017e d\u0159\u00edve p\u0159ihl\u00e1sil. Prvn\u00edm konkr\u00e9tn\u00edm krokem bude vytvo\u0159en\u00ed [&hellip;]<\/p>\n","protected":false},"author":30,"featured_media":35090,"comment_status":"closed","ping_status":"open","sticky":false,"template":"","format":"standard","meta":{"footnotes":""},"categories":[28,2],"tags":[409],"class_list":["post-35089","post","type-post","status-publish","format-standard","has-post-thumbnail","hentry","category-cesky-svaz-cyklistiky","category-novinky","tag-csc-3"],"_links":{"self":[{"href":"https:\/\/www.czechcyclingfederation.com\/en\/wp-json\/wp\/v2\/posts\/35089","targetHints":{"allow":["GET"]}}],"collection":[{"href":"https:\/\/www.czechcyclingfederation.com\/en\/wp-json\/wp\/v2\/posts"}],"about":[{"href":"https:\/\/www.czechcyclingfederation.com\/en\/wp-json\/wp\/v2\/types\/post"}],"author":[{"embeddable":true,"href":"https:\/\/www.czechcyclingfederation.com\/en\/wp-json\/wp\/v2\/users\/30"}],"replies":[{"embeddable":true,"href":"https:\/\/www.czechcyclingfederation.com\/en\/wp-json\/wp\/v2\/comments?post=35089"}],"version-history":[{"count":1,"href":"https:\/\/www.czechcyclingfederation.com\/en\/wp-json\/wp\/v2\/posts\/35089\/revisions"}],"predecessor-version":[{"id":35096,"href":"https:\/\/www.czechcyclingfederation.com\/en\/wp-json\/wp\/v2\/posts\/35089\/revisions\/35096"}],"wp:featuredmedia":[{"embeddable":true,"href":"https:\/\/www.czechcyclingfederation.com\/en\/wp-json\/wp\/v2\/media\/35090"}],"wp:attachment":[{"href":"https:\/\/www.czechcyclingfederation.com\/en\/wp-json\/wp\/v2\/media?parent=35089"}],"wp:term":[{"taxonomy":"category","embeddable":true,"href":"https:\/\/www.czechcyclingfederation.com\/en\/wp-json\/wp\/v2\/categories?post=35089"},{"taxonomy":"post_tag","embeddable":true,"href":"https:\/\/www.czechcyclingfederation.com\/en\/wp-json\/wp\/v2\/tags?post=35089"}],"curies":[{"name":"wp","href":"https:\/\/api.w.org\/{rel}","templated":true}]}}