{"id":3504,"date":"2021-02-18T20:26:39","date_gmt":"2021-02-18T19:26:39","guid":{"rendered":"http:\/\/www.czechcyclingfederation.com\/?p=3504"},"modified":"2021-02-28T22:10:25","modified_gmt":"2021-02-28T21:10:25","slug":"turek-vyhral-druhy-dil-skoda-ecup-2021","status":"publish","type":"post","link":"https:\/\/www.czechcyclingfederation.com\/en\/turek-vyhral-druhy-dil-skoda-ecup-2021\/","title":{"rendered":"Turek vyhr\u00e1l druh\u00fd d\u00edl \u0160KODA eCUP 2021"},"content":{"rendered":"\n<p>Pouh\u00e9 dv\u011b vte\u0159iny rozhodly o v\u00edt\u011bzstv\u00ed Daniela Turka (Team Felbermayr &#8211; Simplon Wels) ve druh\u00e9m d\u00edlu seri\u00e1lu virtu\u00e1ln\u00edch z\u00e1vod\u016f \u0160KODA eCUP 2021. Ten se jel pod n\u00e1zvem \u0160umava a m\u011b\u0159il 35,12 kilometr\u016f. Jezdci p\u0159i n\u011bm nastoupali 759 metr\u016f a maxim\u00e1ln\u00ed stoup\u00e1n\u00ed m\u011blo sklon 11%.<\/p>\n\n\n\n<p>Turek po t\u0159et\u00edm m\u00edst\u011b v \u00favodn\u00edm d\u00edlu tentokr\u00e1t zdolal v\u0161echny t\u0159i z\u00e1vodn\u00edky nejlep\u0161\u00ed \u010desk\u00e9 st\u00e1je Elkov Kasper, kte\u0159\u00ed z\u00e1vod na platform\u011b Rouvy absolvovali pod \u0161ir\u00fdm nebem na soust\u0159ed\u011bn\u00ed ve \u0161pan\u011blsk\u00e9m Calpe. S nepatrn\u00fdm odstupem skon\u010dil druh\u00fd Michal Schlegel, t\u0159et\u00ed Michael Kukrke ji\u017e zaostal o +1:31 a \u010dtvrt\u00fd Petr Kelemen m\u011bl ztr\u00e1tu +2:17.<\/p>\n\n\n\n<p>\u201eRozhodlo se a\u017e v&nbsp;z\u00e1v\u011bru. Po prvn\u00edm stoup\u00e1n\u00ed z\u016fstali na \u010dele Turek se Schleglem spolu s&nbsp;Kukrlem, kter\u00fd v\u0161ak potom ztratil a p\u016fl trati jeli dva nejlep\u0161\u00ed v \u010dele. Schlegel nastoupil prvn\u00ed, ale z&nbsp;h\u00e1ku na posledn\u00edch 100 metrech rozhodl pro sebe souboj Turek,\u201c \u0159ekl k&nbsp;z\u00e1vodu reprezenta\u010dn\u00ed tren\u00e9r Tom\u00e1\u0161 Kone\u010dn\u00fd.<\/p>\n\n\n\n<p>Mezi \u017eenami byla v c\u00edli prvn\u00ed Karla \u0160t\u011bp\u00e1nov\u00e1 (Maloja Pushbikers MTB), kter\u00e1 vyhr\u00e1la o 2:01 p\u0159ed Hankou Runtovou (SportRaces Cycling Team) a ob\u011b z\u00e1vodnice si prohodily po\u0159ad\u00ed z \u00favodn\u00edho d\u00edlu. T\u0159et\u00ed byla Petra Krti\u010dkov\u00e1 (HSK Cycling team). Ta dlouho vedla, ale \u0160t\u011bp\u00e1nov\u00e1 si to zku\u0161en\u011b pohl\u00eddala a od poloviny trati ji\u017e byla v&nbsp;\u010dele a z\u00e1vod suver\u00e9nn\u011b ovl\u00e1la.<\/p>\n\n\n\n<p>\u201eBylo to lep\u0161\u00ed jak minul\u00fd t\u00fdden. Nev\u011bd\u011bla jsem, \u017ee mohu jet v&nbsp;h\u00e1ku. J\u00e1 jak jsem leh\u010d\u00ed tak trp\u00edm v\u017edy ve sjezdu, \u0161lapu na nejt\u011b\u017e\u0161\u00ed p\u0159evod a v\u0161ichni mi p\u0159esto uj\u00ed\u017ed\u011bli, ale dnes jsem si spravila chu\u0165 do kopc\u016f. Tra\u0165 to byla moc p\u011bkn\u00e1 a r\u00e1da si na ni i v&nbsp;budoucnu zatr\u00e9nuji. Bylo to docela dlouh\u00e9 a posledn\u00edch deset minut jsem ji\u017e trp\u011bla,\u201c \u0159ekla v\u00edt\u011bzn\u00e1 \u0160tr\u011bp\u00e1nov\u00e1.<\/p>\n\n\n\n<p>V\u00fdsledky:<\/p>\n\n\n\n<p>Mu\u017ei:<\/p>\n\n\n\n<p>1. Turek (Team Felbermayr &#8211; Simplon Wels) 54:20, 2. Schlegel +2, 3. Kukrke +1:31, 4. Petr Kelemen (v\u0161ichni Elkov &#8211; Kasper) +2:17, 5. Pasqualini (Rak.) +2:29, 6. Mokr\u00fd (Mondraker racing team) +4:33.<\/p>\n\n\n\n<p>Po\u0159ad\u00ed po dvou z\u00e1vodech:<\/p>\n\n\n\n<p>1. Turek 95, 2. Otruba (Elkov &#8211; Kasper)&nbsp;&nbsp;&nbsp;&nbsp;&nbsp;&nbsp;&nbsp; 60, 3. Petr Kelemen 51, 4. Neuman (Elkov Kasper) 45, 5. Schlegel 45, 6. \u0158eha (TUFO PARDUS Prost\u011bjov) 39.<\/p>\n\n\n\n<p>\u017deny:<\/p>\n\n\n\n<p>1. \u0160t\u011bp\u00e1nov\u00e1 (Maloja Pushbikers MTB) 1:10:11, 2. Runtov\u00e1 (SportRaces Cycling Team) +2:01, 3.&nbsp; Krti\u010dkov\u00e1 (HSK Cycling team) +2:49, 4. Schwarzov\u00e1 (Rocktechnik Triatlon) +3:06, 5. Korvasov\u00e1 (Servetto &#8211; Makhymo &#8211; Beltrami TSA) +3:26, 6. Novotn\u00e1 (ADASTRA cycling team) +3:51.<\/p>\n\n\n\n<p>Po\u0159ad\u00ed po dvou z\u00e1vodech:<\/p>\n\n\n\n<p>1.\u0160t\u011bp\u00e1nov\u00e1 105, 2. Runtova 105, 3. Krti\u010dkov\u00e1 55.<\/p>\n\n\n\n<p>FOTO Tom\u00e1\u0161 Kone\u010dn\u00fd<\/p>\n\n\n\n<figure class=\"wp-block-image size-large\"><img loading=\"lazy\" decoding=\"async\" width=\"1024\" height=\"768\" src=\"https:\/\/www.czechcyclingfederation.com\/wp-content\/uploads\/2021\/02\/IMG-20210218-WA0046-1024x768.jpg\" alt=\"\" class=\"wp-image-3506\" srcset=\"https:\/\/www.czechcyclingfederation.com\/wp-content\/uploads\/2021\/02\/IMG-20210218-WA0046-1024x768.jpg 1024w, https:\/\/www.czechcyclingfederation.com\/wp-content\/uploads\/2021\/02\/IMG-20210218-WA0046-267x200.jpg 267w, https:\/\/www.czechcyclingfederation.com\/wp-content\/uploads\/2021\/02\/IMG-20210218-WA0046-768x576.jpg 768w, https:\/\/www.czechcyclingfederation.com\/wp-content\/uploads\/2021\/02\/IMG-20210218-WA0046-1536x1152.jpg 1536w, https:\/\/www.czechcyclingfederation.com\/wp-content\/uploads\/2021\/02\/IMG-20210218-WA0046-1320x990.jpg 1320w, https:\/\/www.czechcyclingfederation.com\/wp-content\/uploads\/2021\/02\/IMG-20210218-WA0046.jpg 1600w\" sizes=\"auto, (max-width: 1024px) 100vw, 1024px\" \/><\/figure>\n\n\n\n<figure class=\"wp-block-image size-large\"><img loading=\"lazy\" decoding=\"async\" width=\"1024\" height=\"768\" src=\"https:\/\/www.czechcyclingfederation.com\/wp-content\/uploads\/2021\/02\/IMG-20210218-WA0043-1024x768.jpg\" alt=\"\" class=\"wp-image-3507\" srcset=\"https:\/\/www.czechcyclingfederation.com\/wp-content\/uploads\/2021\/02\/IMG-20210218-WA0043-1024x768.jpg 1024w, https:\/\/www.czechcyclingfederation.com\/wp-content\/uploads\/2021\/02\/IMG-20210218-WA0043-267x200.jpg 267w, https:\/\/www.czechcyclingfederation.com\/wp-content\/uploads\/2021\/02\/IMG-20210218-WA0043-768x576.jpg 768w, https:\/\/www.czechcyclingfederation.com\/wp-content\/uploads\/2021\/02\/IMG-20210218-WA0043-1536x1152.jpg 1536w, https:\/\/www.czechcyclingfederation.com\/wp-content\/uploads\/2021\/02\/IMG-20210218-WA0043-1320x990.jpg 1320w, https:\/\/www.czechcyclingfederation.com\/wp-content\/uploads\/2021\/02\/IMG-20210218-WA0043.jpg 1600w\" sizes=\"auto, (max-width: 1024px) 100vw, 1024px\" \/><\/figure>\n\n\n<div class=\"wp-block-file\">\r\n                <a target=\"_blank\" rel=\"noopener\" href=\"https:\/\/www.czechcyclingfederation.com\/wp-content\/uploads\/2021\/02\/VID-20210218-WA0032.mp4\" class=\"wp-block-file__button wp-element-button\">\r\n                    <span class=\"wp-block-file__icon\"><\/span>\r\n                    VID-20210218-WA0032\r\n                <\/a>\r\n            <\/div>\n\n<div class=\"wp-block-file\">\r\n                <a target=\"_blank\" rel=\"noopener\" href=\"\" class=\"wp-block-file__button wp-element-button\">\r\n                    <span class=\"wp-block-file__icon\"><\/span>\r\n                    St\u00e1hnout\r\n                <\/a>\r\n            <\/div>\n\n<div class=\"wp-block-file\">\r\n                <a target=\"_blank\" rel=\"noopener\" href=\"https:\/\/www.czechcyclingfederation.com\/wp-content\/uploads\/2021\/02\/VID-20210218-WA0024-1.mp4\" class=\"wp-block-file__button wp-element-button\">\r\n                    <span class=\"wp-block-file__icon\"><\/span>\r\n                    VID-20210218-WA0024-1\r\n                <\/a>\r\n            <\/div>\n\n\n<p><\/p>\n","protected":false},"excerpt":{"rendered":"<p>Pouh\u00e9 dv\u011b vte\u0159iny rozhodly o v\u00edt\u011bzstv\u00ed Daniela Turka (Team Felbermayr &#8211; Simplon Wels) ve druh\u00e9m d\u00edlu seri\u00e1lu virtu\u00e1ln\u00edch z\u00e1vod\u016f \u0160KODA eCUP 2021. Ten se jel pod n\u00e1zvem \u0160umava a m\u011b\u0159il 35,12 kilometr\u016f. Jezdci p\u0159i n\u011bm nastoupali 759 metr\u016f a maxim\u00e1ln\u00ed stoup\u00e1n\u00ed m\u011blo sklon 11%. Turek po t\u0159et\u00edm m\u00edst\u011b v \u00favodn\u00edm d\u00edlu tentokr\u00e1t zdolal v\u0161echny t\u0159i [&hellip;]<\/p>\n","protected":false},"author":8,"featured_media":3505,"comment_status":"closed","ping_status":"open","sticky":false,"template":"","format":"standard","meta":{"footnotes":""},"categories":[2,65],"tags":[],"class_list":["post-3504","post","type-post","status-publish","format-standard","has-post-thumbnail","hentry","category-novinky","category-subdisciplina"],"_links":{"self":[{"href":"https:\/\/www.czechcyclingfederation.com\/en\/wp-json\/wp\/v2\/posts\/3504","targetHints":{"allow":["GET"]}}],"collection":[{"href":"https:\/\/www.czechcyclingfederation.com\/en\/wp-json\/wp\/v2\/posts"}],"about":[{"href":"https:\/\/www.czechcyclingfederation.com\/en\/wp-json\/wp\/v2\/types\/post"}],"author":[{"embeddable":true,"href":"https:\/\/www.czechcyclingfederation.com\/en\/wp-json\/wp\/v2\/users\/8"}],"replies":[{"embeddable":true,"href":"https:\/\/www.czechcyclingfederation.com\/en\/wp-json\/wp\/v2\/comments?post=3504"}],"version-history":[{"count":2,"href":"https:\/\/www.czechcyclingfederation.com\/en\/wp-json\/wp\/v2\/posts\/3504\/revisions"}],"predecessor-version":[{"id":3512,"href":"https:\/\/www.czechcyclingfederation.com\/en\/wp-json\/wp\/v2\/posts\/3504\/revisions\/3512"}],"wp:featuredmedia":[{"embeddable":true,"href":"https:\/\/www.czechcyclingfederation.com\/en\/wp-json\/wp\/v2\/media\/3505"}],"wp:attachment":[{"href":"https:\/\/www.czechcyclingfederation.com\/en\/wp-json\/wp\/v2\/media?parent=3504"}],"wp:term":[{"taxonomy":"category","embeddable":true,"href":"https:\/\/www.czechcyclingfederation.com\/en\/wp-json\/wp\/v2\/categories?post=3504"},{"taxonomy":"post_tag","embeddable":true,"href":"https:\/\/www.czechcyclingfederation.com\/en\/wp-json\/wp\/v2\/tags?post=3504"}],"curies":[{"name":"wp","href":"https:\/\/api.w.org\/{rel}","templated":true}]}}