{"id":35024,"date":"2025-04-26T19:10:19","date_gmt":"2025-04-26T17:10:19","guid":{"rendered":"https:\/\/www.czechcyclingfederation.com\/?p=35024"},"modified":"2025-04-26T19:58:55","modified_gmt":"2025-04-26T17:58:55","slug":"jakub-toupalik-vyhral-skoda-cup-v-krasne-lipe","status":"publish","type":"post","link":"https:\/\/www.czechcyclingfederation.com\/en\/jakub-toupalik-vyhral-skoda-cup-v-krasne-lipe\/","title":{"rendered":"Jakub \u0164oupal\u00edk vyhr\u00e1l \u0160koda Cup v\u00a0Kr\u00e1sn\u00e9 L\u00edp\u011b"},"content":{"rendered":"\n<p>T\u00fdm Elkov Kasper slav\u00ed d\u00edky <strong>Jakubu \u0164oupal\u00edkovi<\/strong> v\u00edt\u011bzstv\u00ed v&nbsp;druh\u00e9m z\u00e1vod\u011b \u010cesk\u00e9ho poh\u00e1ru v&nbsp;silni\u010dn\u00ed cyklistice \u0160koda Cupu, kter\u00fd se jel v&nbsp;Kr\u00e1sn\u00e9 L\u00edp\u011b. Druhou p\u0159\u00ed\u010dku vybojoval <strong>Pavel Nov\u00e1k<\/strong> (MBH Bank Ballan CSB), kter\u00fd \u0164oupal\u00edkovi podlehl ve spurtu, t\u0159et\u00ed skon\u010dil <strong>Michael Kukrle<\/strong> (ATT Investments).<\/p>\n\n\n\n<p>Z\u00e1vod na 144 km, b\u011bhem nich\u017e cyklist\u00e9 zdolali p\u0159es 2700 v\u00fd\u0161kov\u00fdch metr\u016f, byl prvn\u00edm d\u00edlem minis\u00e9rie Peklo Severu. Jeho druh\u00fd d\u00edl a z\u00e1rove\u0148 t\u0159et\u00ed z\u00e1vod \u0160koda Cupu se jede u\u017e v\u00a0ned\u011bli v\u00a0\u010cesk\u00e9 Kamenici.<\/p>\n\n\n\n<p>V&nbsp;pr\u016fb\u011bhu z\u00e1vodu se na \u010dele utvo\u0159ila pom\u011brn\u011b siln\u00e1 skupina, z&nbsp;n\u00ed\u017e pak atakovali \u0164oupal\u00edk, Nov\u00e1k, Kukrle a V\u00e1clav Je\u017eek (Brilon Racing Team). Hodn\u011b aktivn\u00ed byl teprve dvacetilet\u00fd Nov\u00e1k, kter\u00fd u\u017e n\u011bkolik let z\u00e1vod\u00ed v&nbsp;italsk\u00fdch t\u00fdmech. Z&nbsp;vedouc\u00ed \u010dtve\u0159ice nastoupil t\u0159i kola p\u0159ed c\u00edlem a vypracoval si solidn\u00ed n\u00e1skok. Vypadalo to, \u017ee si dojede pro v\u00edt\u011bzstv\u00ed, ale nebylo mu souzeno.<\/p>\n\n\n\n<figure class=\"wp-block-image size-large\"><img loading=\"lazy\" decoding=\"async\" width=\"1024\" height=\"683\" src=\"https:\/\/www.czechcyclingfederation.com\/wp-content\/uploads\/2025\/04\/kukjrle-toupalik-1024x683.jpg\" alt=\"\" class=\"wp-image-35030\" srcset=\"https:\/\/www.czechcyclingfederation.com\/wp-content\/uploads\/2025\/04\/kukjrle-toupalik-1024x683.jpg 1024w, https:\/\/www.czechcyclingfederation.com\/wp-content\/uploads\/2025\/04\/kukjrle-toupalik-300x200.jpg 300w, https:\/\/www.czechcyclingfederation.com\/wp-content\/uploads\/2025\/04\/kukjrle-toupalik-768x512.jpg 768w, https:\/\/www.czechcyclingfederation.com\/wp-content\/uploads\/2025\/04\/kukjrle-toupalik-1536x1024.jpg 1536w, https:\/\/www.czechcyclingfederation.com\/wp-content\/uploads\/2025\/04\/kukjrle-toupalik-2048x1366.jpg 2048w, https:\/\/www.czechcyclingfederation.com\/wp-content\/uploads\/2025\/04\/kukjrle-toupalik-1320x880.jpg 1320w\" sizes=\"auto, (max-width: 1024px) 100vw, 1024px\" \/><\/figure>\n\n\n\n<p>Z&nbsp;trojice jedouc\u00ed za n\u00edm odpadl Je\u017eek, ale \u0164oupal\u00edk s&nbsp;Kukrlem vystup\u0148ovali tempo a Nov\u00e1ka v&nbsp;posledn\u00edm kole dojeli. Nakonec do\u0161lo na spurt Nov\u00e1ka s&nbsp;\u0164oupal\u00edkem, o trochu v\u00edce sil nast\u0159\u00e1dal jezdec Elkovu. T\u0159et\u00ed Kukrle p\u0159ijel o kousek za nimi.<\/p>\n\n\n\n<p><em>\u201eKdy\u017e n\u00e1m odjel Nov\u00e1k, chv\u00edli jsme se za n\u00edm to\u010dili, ale moc jsme ho nemohli dojet. Ale nakonec se to povedlo. J\u00e1 byl na hran\u011b, trochu jsem p\u0159estal st\u0159\u00eddat, proto\u017ee jsem v\u011bd\u011bl, \u017ee m\u00e1m za sebou siln\u00e9 lidi z&nbsp;t\u00fdmu. Ale ATT pot\u0159ebovalo jet, tak\u017ee jsme vyu\u017eili situace a sjelo se to. Posledn\u00ed kolo u\u017e bylo jen o n\u00e1s t\u0159ech a ten fini\u0161 byl f\u00e9rov\u00fd. Na spurt jsem si v\u011b\u0159il a jsem r\u00e1d, \u017ee to vy\u0161lo,\u201c<\/em> \u0159ekl <strong>Jakub \u0164oupal\u00edk<\/strong>.<\/p>\n\n\n\n<figure class=\"wp-block-image size-large\"><img loading=\"lazy\" decoding=\"async\" width=\"1024\" height=\"683\" src=\"https:\/\/www.czechcyclingfederation.com\/wp-content\/uploads\/2025\/04\/toupalik-cil-1-1024x683.jpg\" alt=\"\" class=\"wp-image-35032\" srcset=\"https:\/\/www.czechcyclingfederation.com\/wp-content\/uploads\/2025\/04\/toupalik-cil-1-1024x683.jpg 1024w, https:\/\/www.czechcyclingfederation.com\/wp-content\/uploads\/2025\/04\/toupalik-cil-1-300x200.jpg 300w, https:\/\/www.czechcyclingfederation.com\/wp-content\/uploads\/2025\/04\/toupalik-cil-1-768x512.jpg 768w, https:\/\/www.czechcyclingfederation.com\/wp-content\/uploads\/2025\/04\/toupalik-cil-1-1536x1024.jpg 1536w, https:\/\/www.czechcyclingfederation.com\/wp-content\/uploads\/2025\/04\/toupalik-cil-1-2048x1365.jpg 2048w, https:\/\/www.czechcyclingfederation.com\/wp-content\/uploads\/2025\/04\/toupalik-cil-1-1320x880.jpg 1320w\" sizes=\"auto, (max-width: 1024px) 100vw, 1024px\" \/><\/figure>\n\n\n\n<p><strong>V\u00fdsledky <\/strong>(144 km): 1. J. \u0164oupal\u00edk (Elkov Kasper) 3:40:50, 2. Nov\u00e1k (MBH Bank Ballan CSB) stejn\u00fd \u010das, 3. Kukrle (ATT Investments), 4. Je\u017eek (Brilon Racing Team MB) +1:22, 5. Kerl (Auto \u0160koda Mlad\u00e1 Boleslav), 6. Boro\u0161 (Elkov Kasper) oba +2:33.<\/p>\n\n\n\n<p><strong>\u0160koda Cup po 2 z\u00e1vodech: <\/strong>1. J. \u0164oupal\u00edk 95 b., 2. Turek 78, 3. Neuman 66, 4. Kukrle (v\u0161. ATT Investments) 57, 5. Nov\u00e1k 45.<\/p>\n\n\n\n<p>Foto: Filip Bezd\u011bk<\/p>\n","protected":false},"excerpt":{"rendered":"<p>T\u00fdm Elkov Kasper slav\u00ed d\u00edky Jakubu \u0164oupal\u00edkovi v\u00edt\u011bzstv\u00ed v&nbsp;druh\u00e9m z\u00e1vod\u011b \u010cesk\u00e9ho poh\u00e1ru v&nbsp;silni\u010dn\u00ed cyklistice \u0160koda Cupu, kter\u00fd se jel v&nbsp;Kr\u00e1sn\u00e9 L\u00edp\u011b. Druhou p\u0159\u00ed\u010dku vybojoval Pavel Nov\u00e1k (MBH Bank Ballan CSB), kter\u00fd \u0164oupal\u00edkovi podlehl ve spurtu, t\u0159et\u00ed skon\u010dil Michael Kukrle (ATT Investments). Z\u00e1vod na 144 km, b\u011bhem nich\u017e cyklist\u00e9 zdolali p\u0159es 2700 v\u00fd\u0161kov\u00fdch metr\u016f, byl prvn\u00edm [&hellip;]<\/p>\n","protected":false},"author":15,"featured_media":35028,"comment_status":"closed","ping_status":"open","sticky":false,"template":"","format":"standard","meta":{"footnotes":""},"categories":[2,18],"tags":[11],"class_list":["post-35024","post","type-post","status-publish","format-standard","has-post-thumbnail","hentry","category-novinky","category-silnice","tag-silnice"],"_links":{"self":[{"href":"https:\/\/www.czechcyclingfederation.com\/en\/wp-json\/wp\/v2\/posts\/35024","targetHints":{"allow":["GET"]}}],"collection":[{"href":"https:\/\/www.czechcyclingfederation.com\/en\/wp-json\/wp\/v2\/posts"}],"about":[{"href":"https:\/\/www.czechcyclingfederation.com\/en\/wp-json\/wp\/v2\/types\/post"}],"author":[{"embeddable":true,"href":"https:\/\/www.czechcyclingfederation.com\/en\/wp-json\/wp\/v2\/users\/15"}],"replies":[{"embeddable":true,"href":"https:\/\/www.czechcyclingfederation.com\/en\/wp-json\/wp\/v2\/comments?post=35024"}],"version-history":[{"count":4,"href":"https:\/\/www.czechcyclingfederation.com\/en\/wp-json\/wp\/v2\/posts\/35024\/revisions"}],"predecessor-version":[{"id":35037,"href":"https:\/\/www.czechcyclingfederation.com\/en\/wp-json\/wp\/v2\/posts\/35024\/revisions\/35037"}],"wp:featuredmedia":[{"embeddable":true,"href":"https:\/\/www.czechcyclingfederation.com\/en\/wp-json\/wp\/v2\/media\/35028"}],"wp:attachment":[{"href":"https:\/\/www.czechcyclingfederation.com\/en\/wp-json\/wp\/v2\/media?parent=35024"}],"wp:term":[{"taxonomy":"category","embeddable":true,"href":"https:\/\/www.czechcyclingfederation.com\/en\/wp-json\/wp\/v2\/categories?post=35024"},{"taxonomy":"post_tag","embeddable":true,"href":"https:\/\/www.czechcyclingfederation.com\/en\/wp-json\/wp\/v2\/tags?post=35024"}],"curies":[{"name":"wp","href":"https:\/\/api.w.org\/{rel}","templated":true}]}}