{"id":35009,"date":"2025-04-26T19:01:20","date_gmt":"2025-04-26T17:01:20","guid":{"rendered":"https:\/\/www.czechcyclingfederation.com\/?p=35009"},"modified":"2025-04-26T19:01:22","modified_gmt":"2025-04-26T17:01:22","slug":"cink-a-holubova-dominovali-uvodnimu-zavodu-cp-v-cross-country","status":"publish","type":"post","link":"https:\/\/www.czechcyclingfederation.com\/en\/cink-a-holubova-dominovali-uvodnimu-zavodu-cp-v-cross-country\/","title":{"rendered":"Cink a Holubov\u00e1 dominovali \u00favodn\u00edmu z\u00e1vodu \u010cP v\u00a0cross country"},"content":{"rendered":"\n<p><strong>Ond\u0159ej Cink<\/strong> (Cube Factory Racing) a <strong>Ad\u00e9la Holubov\u00e1<\/strong> (Rouvy) vyhr\u00e1li prvn\u00ed z\u00e1vod \u010cesk\u00e9ho poh\u00e1ru v&nbsp;cross country horsk\u00fdch kol, kter\u00fd hostilo M\u011bsto Tou\u0161kov. Oba z\u00e1vod\u016fm elitn\u00edch kategori\u00ed jednozna\u010dn\u011b dominovali a do c\u00edle p\u0159ijeli s&nbsp;velk\u00fdm n\u00e1skokem.<\/p>\n\n\n\n<p>Cink se soupe\u0159\u016fm vzd\u00e1lil hned po startu a pak u\u017e jel sv\u016fj s\u00f3lo z\u00e1vod. <em>\u201eCht\u011bl jsem najet prvn\u00ed do \u00favodn\u00edho sjezdu, pak se tam hned vytvo\u0159ila trochu d\u00edra. V kopci jsem nastoupil a ud\u011blal jsem si n\u00e1skok. Bral jsem to jako takov\u00fd test formy po Sv\u011btov\u00fdch poh\u00e1rech v&nbsp;Braz\u00edlii, tak jsem si cht\u011bl ten z\u00e1vod ud\u011blat t\u011b\u017ek\u00fd. I kdy\u017e jsem vedl, nebylo tam m\u00edsto, kde bych si n\u011bjak or\u00e1\u017eel,\u201c<\/em> popsal Cink.<\/p>\n\n\n\n<figure class=\"wp-block-image size-large\"><img loading=\"lazy\" decoding=\"async\" width=\"1024\" height=\"683\" src=\"https:\/\/www.czechcyclingfederation.com\/wp-content\/uploads\/2025\/04\/cink-foto-1024x683.jpg\" alt=\"\" class=\"wp-image-35013\" srcset=\"https:\/\/www.czechcyclingfederation.com\/wp-content\/uploads\/2025\/04\/cink-foto-1024x683.jpg 1024w, https:\/\/www.czechcyclingfederation.com\/wp-content\/uploads\/2025\/04\/cink-foto-300x200.jpg 300w, https:\/\/www.czechcyclingfederation.com\/wp-content\/uploads\/2025\/04\/cink-foto-768x512.jpg 768w, https:\/\/www.czechcyclingfederation.com\/wp-content\/uploads\/2025\/04\/cink-foto-1536x1024.jpg 1536w, https:\/\/www.czechcyclingfederation.com\/wp-content\/uploads\/2025\/04\/cink-foto-1320x880.jpg 1320w, https:\/\/www.czechcyclingfederation.com\/wp-content\/uploads\/2025\/04\/cink-foto.jpg 2048w\" sizes=\"auto, (max-width: 1024px) 100vw, 1024px\" \/><\/figure>\n\n\n\n<p>O t\u00e9m\u011b\u0159 dv\u011b minuty p\u0159ijel do c\u00edle na druh\u00e9m m\u00edst\u011b Pol\u00e1k Krzysztof Lukasik, t\u0159et\u00ed byl Jan Zatloukal (Nutrend Specialized SKR Racing). <em>\u201e\u010cekal jsem, \u017ee se na m\u011b mlad\u00ed kluci u\u017e posledn\u00ed dobou budou v\u00edc dotahovat, ale zat\u00edm tomu tak nen\u00ed. Na jednu stranu m\u011b to t\u011b\u0161\u00ed, ale trochu i mrz\u00ed, proto\u017ee u\u017e tak dlouho jezdit nebudu a bylo by dobr\u00e9 tam m\u00edt n\u011bjak\u00e9ho n\u00e1stupce, kter\u00fd by to po mn\u011b p\u0159evzal jako kdysi j\u00e1 po Jardovi Kulhav\u00e9m,\u201c <\/em>p\u0159iznal 34let\u00fd Cink.<\/p>\n\n\n\n<p>Z\u00e1vod ve M\u011bst\u011b Tou\u0161kov si u\u017e\u00edval. <em>\u201eM\u00e1m to tady r\u00e1d. Z&nbsp;Plze\u0148ska poch\u00e1z\u00edm, tak sem v\u017edycky p\u0159ijede cel\u00e1 rodina. L\u00edb\u00ed se mi zdej\u0161\u00ed tra\u0165, je takov\u00e1 p\u0159\u00edrodn\u00ed, tak\u017ee super,\u201c <\/em>dodal v\u00edt\u011bz z\u00e1vodu mu\u017e\u016f.<\/p>\n\n\n\n<figure class=\"wp-block-image size-large\"><img loading=\"lazy\" decoding=\"async\" width=\"1024\" height=\"683\" src=\"https:\/\/www.czechcyclingfederation.com\/wp-content\/uploads\/2025\/04\/cink-cil-1024x683.jpg\" alt=\"\" class=\"wp-image-35015\" srcset=\"https:\/\/www.czechcyclingfederation.com\/wp-content\/uploads\/2025\/04\/cink-cil-1024x683.jpg 1024w, https:\/\/www.czechcyclingfederation.com\/wp-content\/uploads\/2025\/04\/cink-cil-300x200.jpg 300w, https:\/\/www.czechcyclingfederation.com\/wp-content\/uploads\/2025\/04\/cink-cil-768x512.jpg 768w, https:\/\/www.czechcyclingfederation.com\/wp-content\/uploads\/2025\/04\/cink-cil-1536x1024.jpg 1536w, https:\/\/www.czechcyclingfederation.com\/wp-content\/uploads\/2025\/04\/cink-cil-1320x880.jpg 1320w, https:\/\/www.czechcyclingfederation.com\/wp-content\/uploads\/2025\/04\/cink-cil.jpg 2048w\" sizes=\"auto, (max-width: 1024px) 100vw, 1024px\" \/><\/figure>\n\n\n\n<p>\u00da\u010dastnice olympijsk\u00fdch her v&nbsp;Pa\u0159\u00ed\u017ei Ad\u00e9la Holubov\u00e1 vyhr\u00e1la z\u00e1vod \u017eensk\u00e9 elitn\u00ed kategorie tak\u00e9 naprosto jednozna\u010dn\u011b p\u0159ed dvojic\u00ed polsk\u00fdch bikerek Matyldou Szczecinskou a Gabrielou Wojtylovou. V&nbsp;Tou\u0161kov\u011b z&nbsp;dom\u00e1c\u00ed \u0161pi\u010dky chyb\u011bla zku\u0161en\u00e1 Jitka \u010c\u00e1belick\u00e1, \u00fa\u0159aduj\u00edc\u00ed mistryn\u011b republiky, kter\u00e1 dala p\u0159ednost startu v&nbsp;Norsku. Do \u010ceska nakonec nep\u0159ijela ani avizovan\u00e1 hv\u011bzda Anne Terpstraov\u00e1 z&nbsp;Nizozemska, kterou zbrzdila nemoc.<\/p>\n\n\n\n<p><em>\u201eZ\u00e1vod jsem si u\u017eila na maximum jako ka\u017ed\u00fd rok, Tou\u0161kov je pro m\u011b dom\u00e1c\u00ed srdcovka. Tro\u0161ku mi to zdramatizoval defekt zadn\u00edho kola ve t\u0159et\u00edm okruhu. Projela jsem tady v tr\u00e9ninku tra\u0165 snad tis\u00edckr\u00e1t, nikdy se mi to nestalo a defekt p\u0159i\u0161el a\u017e p\u0159i z\u00e1vod\u011b\u2026 Ale nakonec to i tak vy\u0161lo skv\u011ble, s&nbsp;v\u00edt\u011bzstv\u00edm jsem moc spokojena,\u201c<\/em> \u0159ekla v\u00edt\u011bzka Holubov\u00e1.<\/p>\n\n\n\n<figure class=\"wp-block-image size-large\"><img loading=\"lazy\" decoding=\"async\" width=\"1024\" height=\"683\" src=\"https:\/\/www.czechcyclingfederation.com\/wp-content\/uploads\/2025\/04\/Holubova-trat-1024x683.jpg\" alt=\"\" class=\"wp-image-35017\" srcset=\"https:\/\/www.czechcyclingfederation.com\/wp-content\/uploads\/2025\/04\/Holubova-trat-1024x683.jpg 1024w, https:\/\/www.czechcyclingfederation.com\/wp-content\/uploads\/2025\/04\/Holubova-trat-300x200.jpg 300w, https:\/\/www.czechcyclingfederation.com\/wp-content\/uploads\/2025\/04\/Holubova-trat-768x512.jpg 768w, https:\/\/www.czechcyclingfederation.com\/wp-content\/uploads\/2025\/04\/Holubova-trat-1536x1024.jpg 1536w, https:\/\/www.czechcyclingfederation.com\/wp-content\/uploads\/2025\/04\/Holubova-trat-1320x880.jpg 1320w, https:\/\/www.czechcyclingfederation.com\/wp-content\/uploads\/2025\/04\/Holubova-trat.jpg 2048w\" sizes=\"auto, (max-width: 1024px) 100vw, 1024px\" \/><\/figure>\n\n\n\n<p>Druhou nejlep\u0161\u00ed \u010ceskou v&nbsp;z\u00e1vod\u011b byla \u010dtvrt\u00e1 <strong>Eli\u0161ka Han\u00e1kov\u00e1<\/strong> (Hanak Sisters Cycling Academy), kter\u00e1 z\u00e1rove\u0148 ovl\u00e1dla i kategorii do 23 let. <em>\u201eV\u00fdsledek m\u011b pot\u011b\u0161il, byl to jeden z&nbsp;m\u00fdch nejlep\u0161\u00edch z\u00e1vod\u016f v\u016fbec. Vloni jsem p\u0159estoupila z&nbsp;juniorek do U23 a byl to obrovsk\u00fd skok, hlavn\u011b tou d\u00e9lkou z\u00e1vod\u016f. Te\u010f u\u017e je to daleko lep\u0161\u00ed, \u010dtvrt\u00e9 m\u00edsto beru v\u0161ema deseti. Dala jsem do toho v\u0161echno,\u201c<\/em> p\u0159iznala Han\u00e1kov\u00e1.<\/p>\n\n\n\n<figure class=\"wp-block-image size-large\"><img loading=\"lazy\" decoding=\"async\" width=\"1024\" height=\"683\" src=\"https:\/\/www.czechcyclingfederation.com\/wp-content\/uploads\/2025\/04\/muzi-bedna-1024x683.jpg\" alt=\"\" class=\"wp-image-35019\" srcset=\"https:\/\/www.czechcyclingfederation.com\/wp-content\/uploads\/2025\/04\/muzi-bedna-1024x683.jpg 1024w, https:\/\/www.czechcyclingfederation.com\/wp-content\/uploads\/2025\/04\/muzi-bedna-300x200.jpg 300w, https:\/\/www.czechcyclingfederation.com\/wp-content\/uploads\/2025\/04\/muzi-bedna-768x512.jpg 768w, https:\/\/www.czechcyclingfederation.com\/wp-content\/uploads\/2025\/04\/muzi-bedna-1536x1024.jpg 1536w, https:\/\/www.czechcyclingfederation.com\/wp-content\/uploads\/2025\/04\/muzi-bedna-1320x880.jpg 1320w, https:\/\/www.czechcyclingfederation.com\/wp-content\/uploads\/2025\/04\/muzi-bedna.jpg 2048w\" sizes=\"auto, (max-width: 1024px) 100vw, 1024px\" \/><\/figure>\n\n\n\n<figure class=\"wp-block-image size-large\"><img loading=\"lazy\" decoding=\"async\" width=\"1024\" height=\"683\" src=\"https:\/\/www.czechcyclingfederation.com\/wp-content\/uploads\/2025\/04\/zeny-bedna-1024x683.jpg\" alt=\"\" class=\"wp-image-35021\" srcset=\"https:\/\/www.czechcyclingfederation.com\/wp-content\/uploads\/2025\/04\/zeny-bedna-1024x683.jpg 1024w, https:\/\/www.czechcyclingfederation.com\/wp-content\/uploads\/2025\/04\/zeny-bedna-300x200.jpg 300w, https:\/\/www.czechcyclingfederation.com\/wp-content\/uploads\/2025\/04\/zeny-bedna-768x512.jpg 768w, https:\/\/www.czechcyclingfederation.com\/wp-content\/uploads\/2025\/04\/zeny-bedna-1536x1024.jpg 1536w, https:\/\/www.czechcyclingfederation.com\/wp-content\/uploads\/2025\/04\/zeny-bedna-1320x880.jpg 1320w, https:\/\/www.czechcyclingfederation.com\/wp-content\/uploads\/2025\/04\/zeny-bedna.jpg 2048w\" sizes=\"auto, (max-width: 1024px) 100vw, 1024px\" \/><\/figure>\n\n\n\n<p><strong>P\u0159ehled v\u00fdsledk\u016f<\/strong><\/p>\n\n\n\n<p><strong>Mu\u017ei: <\/strong>1. Cink (Cube Factory Racing) 1:29:03, 2. Lukasik (Pol.) +1:50, 3. Zatloukal (Nutrend Specialized SKR Racing) +2:07, 4. S\u00e1ska (Subterra Santa Cruz) +2:18, 5. \u010cern\u00fd (Expres CZ-BMD Team Kol\u00edn) +2:19.<\/p>\n\n\n\n<p><strong>\u017deny: <\/strong>1. Holubov\u00e1 (Rouvy) 1:34:06, 2. Szczecinsk\u00e1 +3:14, 3. Wojtylov\u00e1 (ob\u011b Pol.) +3:38, 4. Han\u00e1kov\u00e1 (Hanak Sisters Cycling Academy) + 4:00, 5. Sp\u011b\u0161n\u00e1 (Massi) +4:41.<\/p>\n\n\n\n<p><strong>Junio\u0159i: <\/strong>1. Ba\u017eant (Cyklostar Pirelli) 1:09:42, Mu\u0161\u00e1lek (Head KMC Opava) +1:04, 3. Hankus (Pol.) +1:53.<\/p>\n\n\n\n<p><strong>Juniorky: <\/strong>1. Bukovsk\u00e1 (DK Bikeshop) 1:02:11<strong>, <\/strong>2. Grohov\u00e1 (Dukla Praha) +2:12<strong>, <\/strong>3. Gottwaldov\u00e1 (CP Team) +2:58.<\/p>\n\n\n\n<p>Foto: Pavel K\u0159ikava<\/p>\n","protected":false},"excerpt":{"rendered":"<p>Ond\u0159ej Cink (Cube Factory Racing) a Ad\u00e9la Holubov\u00e1 (Rouvy) vyhr\u00e1li prvn\u00ed z\u00e1vod \u010cesk\u00e9ho poh\u00e1ru v&nbsp;cross country horsk\u00fdch kol, kter\u00fd hostilo M\u011bsto Tou\u0161kov. Oba z\u00e1vod\u016fm elitn\u00edch kategori\u00ed jednozna\u010dn\u011b dominovali a do c\u00edle p\u0159ijeli s&nbsp;velk\u00fdm n\u00e1skokem. Cink se soupe\u0159\u016fm vzd\u00e1lil hned po startu a pak u\u017e jel sv\u016fj s\u00f3lo z\u00e1vod. \u201eCht\u011bl jsem najet prvn\u00ed do \u00favodn\u00edho sjezdu, [&hellip;]<\/p>\n","protected":false},"author":15,"featured_media":35011,"comment_status":"closed","ping_status":"open","sticky":false,"template":"","format":"standard","meta":{"footnotes":""},"categories":[6,2],"tags":[10],"class_list":["post-35009","post","type-post","status-publish","format-standard","has-post-thumbnail","hentry","category-mtb","category-novinky","tag-mtb"],"_links":{"self":[{"href":"https:\/\/www.czechcyclingfederation.com\/en\/wp-json\/wp\/v2\/posts\/35009","targetHints":{"allow":["GET"]}}],"collection":[{"href":"https:\/\/www.czechcyclingfederation.com\/en\/wp-json\/wp\/v2\/posts"}],"about":[{"href":"https:\/\/www.czechcyclingfederation.com\/en\/wp-json\/wp\/v2\/types\/post"}],"author":[{"embeddable":true,"href":"https:\/\/www.czechcyclingfederation.com\/en\/wp-json\/wp\/v2\/users\/15"}],"replies":[{"embeddable":true,"href":"https:\/\/www.czechcyclingfederation.com\/en\/wp-json\/wp\/v2\/comments?post=35009"}],"version-history":[{"count":2,"href":"https:\/\/www.czechcyclingfederation.com\/en\/wp-json\/wp\/v2\/posts\/35009\/revisions"}],"predecessor-version":[{"id":35023,"href":"https:\/\/www.czechcyclingfederation.com\/en\/wp-json\/wp\/v2\/posts\/35009\/revisions\/35023"}],"wp:featuredmedia":[{"embeddable":true,"href":"https:\/\/www.czechcyclingfederation.com\/en\/wp-json\/wp\/v2\/media\/35011"}],"wp:attachment":[{"href":"https:\/\/www.czechcyclingfederation.com\/en\/wp-json\/wp\/v2\/media?parent=35009"}],"wp:term":[{"taxonomy":"category","embeddable":true,"href":"https:\/\/www.czechcyclingfederation.com\/en\/wp-json\/wp\/v2\/categories?post=35009"},{"taxonomy":"post_tag","embeddable":true,"href":"https:\/\/www.czechcyclingfederation.com\/en\/wp-json\/wp\/v2\/tags?post=35009"}],"curies":[{"name":"wp","href":"https:\/\/api.w.org\/{rel}","templated":true}]}}