{"id":34994,"date":"2025-04-24T14:13:12","date_gmt":"2025-04-24T12:13:12","guid":{"rendered":"https:\/\/www.czechcyclingfederation.com\/?p=34994"},"modified":"2025-04-25T09:13:08","modified_gmt":"2025-04-25T07:13:08","slug":"expres-cz-bmd-team-kolin-vstupuje-do-25-sezony","status":"publish","type":"post","link":"https:\/\/www.czechcyclingfederation.com\/en\/expres-cz-bmd-team-kolin-vstupuje-do-25-sezony\/","title":{"rendered":"Expres CZ &#8211; BMD Team Kol\u00edn vstupuje do 25. sezony"},"content":{"rendered":"\n<p>\u010cesk\u00fd poh\u00e1r v\u00a0cross country odstartuje 26. \u2013 27. dubna sv\u00fdm \u00favodn\u00edm podnikem ve M\u011bst\u011b Tou\u0161kov a pr\u00e1v\u011b tento z\u00e1vod je prvn\u00edm startem jezdc\u016f celku Expres CZ &#8211; BMD Team Kol\u00edn na dom\u00e1c\u00edch trat\u00edch. Kol\u00ednsk\u00fd t\u00fdm vstupuje ji\u017e do sv\u00e9 p\u011btadvac\u00e1t\u00e9 sezony a jde do n\u00ed s\u00a0vysok\u00fdmi c\u00edli a ambicemi.<\/p>\n\n\n\n<p>\u201eN\u011bkolik let jsme p\u0159edsezonn\u00ed tiskovku ned\u011blali, ale nyn\u00ed m\u00e1me takov\u00fd t\u00fdm, kter\u00fd si to zaslou\u017e\u00ed,\u201c \u0159ekl Jan Slav\u00ed\u010dek, \u0161\u00e9f t\u00fdmu Expres CZ &#8211; BMD Team Kol\u00edn a z\u00e1rove\u0148 uk\u00e1zal p\u0159\u00edtomn\u00fdm poh\u00e1r za celkov\u00e9 prvenstv\u00ed, kter\u00fd vybojoval p\u0159i premi\u00e9rov\u00e9m ro\u010dn\u00edku t\u00e9to sout\u011b\u017ee p\u0159ed 35 lety.<\/p>\n\n\n\n<figure class=\"wp-block-image size-large\"><img loading=\"lazy\" decoding=\"async\" width=\"1024\" height=\"682\" src=\"http:\/\/www.czechcyclingfederation.com\/wp-content\/uploads\/2025\/04\/IMG_6651-X2-1024x682.jpg\" alt=\"\" class=\"wp-image-34995\" srcset=\"https:\/\/www.czechcyclingfederation.com\/wp-content\/uploads\/2025\/04\/IMG_6651-X2-1024x682.jpg 1024w, https:\/\/www.czechcyclingfederation.com\/wp-content\/uploads\/2025\/04\/IMG_6651-X2-300x200.jpg 300w, https:\/\/www.czechcyclingfederation.com\/wp-content\/uploads\/2025\/04\/IMG_6651-X2-768x512.jpg 768w, https:\/\/www.czechcyclingfederation.com\/wp-content\/uploads\/2025\/04\/IMG_6651-X2.jpg 1280w\" sizes=\"auto, (max-width: 1024px) 100vw, 1024px\" \/><\/figure>\n\n\n\n<p>\u201eHodn\u011b se zam\u011b\u0159ujeme na ml\u00e1de\u017e, ale nyn\u00ed m\u00e1me i jezdce, kte\u0159\u00ed od kadet\u016f do\u0161li a\u017e do elitn\u00ed kategorie a pat\u0159\u00ed mezi nejlep\u0161\u00ed z\u00e1vodn\u00edky v\u00a0\u010cR. V\u00a0lo\u0148sk\u00e9m roce jsme vyhr\u00e1li t\u00fdmovou poh\u00e1rovou sout\u011b\u017e a v\u00a0prvn\u00ed des\u00edtce jsme m\u011bli \u010dty\u0159i z\u00e1vodn\u00edky, nejv\u00fd\u0161e Patrika \u010cern\u00e9ho na t\u0159et\u00edm m\u00edst\u011b. Cht\u011bl bych, aby na\u0161e koncepce pokra\u010dovala. V\u00a0sobotu za\u010d\u00edn\u00e1 velmi dob\u0159e organizovan\u00fd \u010cesk\u00fd poh\u00e1r. Loni jsme vybojovali mj. t\u0159et\u00ed a \u010dtvrt\u00e9 m\u00edsto, tak\u017ee letos m\u00ed\u0159\u00edme je\u0161t\u011b v\u00fd\u0161e. Chceme vyhr\u00e1t celkov\u00e9 po\u0159ad\u00ed v kategorii dru\u017estev i jednotlivc\u016f a jsem r\u00e1d, \u017ee nem\u00e1me jednoho, ale hned \u010dty\u0159i kluky mezi nejlep\u0161\u00edmi,\u201c pokra\u010doval Slav\u00ed\u010dek.<\/p>\n\n\n\n<p>T\u00fdm tvo\u0159\u00ed Patrik \u010cern\u00fd, Matej Ul\u00edk, V\u00e1clav Naxera a Franti\u0161ek Hojka a tak\u00e9 dva junio\u0159i Richard Severym a Mikul\u00e1\u0161 Klva\u0148. \u201eC\u00edle pro rok 2025 nebude lehk\u00e9 naplnit, ale jsou re\u00e1ln\u00e9. M\u00e1me t\u0159i jezdce v&nbsp;reprezentaci a mysl\u00edm, \u017ee m\u016f\u017eeme myslet i na toho \u010dtvrt\u00e9ho,\u201c \u0159ekl d\u00e1le Slav\u00ed\u010dek.<\/p>\n\n\n\n<p>\u201eZa\u010d\u00edn\u00e1me dal\u0161\u00ed olympijsk\u00fd cyklus, m\u00e1me kluky v u\u017e\u0161\u00ed \u0161pi\u010dce, tak by asi bylo dobr\u00e9, kdybychom m\u011bli c\u00edle nejvy\u0161\u0161\u00ed a na olympi\u00e1d\u011b bychom cht\u011bli m\u00edt alespo\u0148 jednoho z\u00e1vodn\u00edka, co\u017e se n\u00e1m za 25 let zat\u00edm nepoda\u0159ilo. A j\u00e1 douf\u00e1m, \u017ee se n\u00e1m to povede nyn\u00ed, nebo alespo\u0148 o to zabojujeme,\u201c pokra\u010doval \u0161\u00e9f t\u00fdmu a pochlubil se radostnou zpr\u00e1vou, \u017ee Expres CZ &#8211; BMD Team Kol\u00edn dostal divokou kartu pro prvn\u00ed z\u00e1vod SP v&nbsp;Nov\u00e9m M\u011bst\u011b na Morav\u011b. \u201eV prvn\u00ed \u0159ad\u011b jsou pro n\u00e1s d\u016fle\u017eit\u00e9 z\u00e1vody v&nbsp;dom\u00e1c\u00edm poh\u00e1ru a a\u017e z\u00edskaj\u00ed kluci pot\u0159ebn\u00e9 \u017eeb\u0159\u00ed\u010dkov\u00e9 postaven\u00ed, tak chceme j\u00edt na start SP s t\u00edm, \u017ee se nejedeme z\u00fa\u010dastnit, ale z\u00e1vodit,\u201c dodal Slav\u00ed\u010dek.<\/p>\n\n\n\n<p>FOTO Jan N\u011bmec<\/p>\n","protected":false},"excerpt":{"rendered":"<p>\u010cesk\u00fd poh\u00e1r v\u00a0cross country odstartuje 26. \u2013 27. dubna sv\u00fdm \u00favodn\u00edm podnikem ve M\u011bst\u011b Tou\u0161kov a pr\u00e1v\u011b tento z\u00e1vod je prvn\u00edm startem jezdc\u016f celku Expres CZ &#8211; BMD Team Kol\u00edn na dom\u00e1c\u00edch trat\u00edch. Kol\u00ednsk\u00fd t\u00fdm vstupuje ji\u017e do sv\u00e9 p\u011btadvac\u00e1t\u00e9 sezony a jde do n\u00ed s\u00a0vysok\u00fdmi c\u00edli a ambicemi. \u201eN\u011bkolik let jsme p\u0159edsezonn\u00ed tiskovku ned\u011blali, [&hellip;]<\/p>\n","protected":false},"author":8,"featured_media":34997,"comment_status":"closed","ping_status":"open","sticky":false,"template":"","format":"standard","meta":{"footnotes":""},"categories":[6,2],"tags":[10],"class_list":["post-34994","post","type-post","status-publish","format-standard","has-post-thumbnail","hentry","category-mtb","category-novinky","tag-mtb"],"_links":{"self":[{"href":"https:\/\/www.czechcyclingfederation.com\/en\/wp-json\/wp\/v2\/posts\/34994","targetHints":{"allow":["GET"]}}],"collection":[{"href":"https:\/\/www.czechcyclingfederation.com\/en\/wp-json\/wp\/v2\/posts"}],"about":[{"href":"https:\/\/www.czechcyclingfederation.com\/en\/wp-json\/wp\/v2\/types\/post"}],"author":[{"embeddable":true,"href":"https:\/\/www.czechcyclingfederation.com\/en\/wp-json\/wp\/v2\/users\/8"}],"replies":[{"embeddable":true,"href":"https:\/\/www.czechcyclingfederation.com\/en\/wp-json\/wp\/v2\/comments?post=34994"}],"version-history":[{"count":2,"href":"https:\/\/www.czechcyclingfederation.com\/en\/wp-json\/wp\/v2\/posts\/34994\/revisions"}],"predecessor-version":[{"id":35004,"href":"https:\/\/www.czechcyclingfederation.com\/en\/wp-json\/wp\/v2\/posts\/34994\/revisions\/35004"}],"wp:featuredmedia":[{"embeddable":true,"href":"https:\/\/www.czechcyclingfederation.com\/en\/wp-json\/wp\/v2\/media\/34997"}],"wp:attachment":[{"href":"https:\/\/www.czechcyclingfederation.com\/en\/wp-json\/wp\/v2\/media?parent=34994"}],"wp:term":[{"taxonomy":"category","embeddable":true,"href":"https:\/\/www.czechcyclingfederation.com\/en\/wp-json\/wp\/v2\/categories?post=34994"},{"taxonomy":"post_tag","embeddable":true,"href":"https:\/\/www.czechcyclingfederation.com\/en\/wp-json\/wp\/v2\/tags?post=34994"}],"curies":[{"name":"wp","href":"https:\/\/api.w.org\/{rel}","templated":true}]}}